{"id":22084,"date":"2022-09-23T09:45:23","date_gmt":"2022-09-23T12:45:23","guid":{"rendered":"https:\/\/radiorevelacionfm.cl\/?p=22084"},"modified":"2022-09-23T09:45:23","modified_gmt":"2022-09-23T12:45:23","slug":"infectologo-y-viruela-simica-la-aparicion-reciente-de-lesiones-cutaneas-que-no-tengan-una-causa-aparente-es-motivo-de-sospecha","status":"publish","type":"post","link":"https:\/\/radiorevelacionfm.cl\/?p=22084","title":{"rendered":"Infect\u00f3logo y viruela s\u00edmica: \u00abLa aparici\u00f3n reciente de lesiones cut\u00e1neas, que no tengan una causa aparente es motivo de sospecha\u00bb"},"content":{"rendered":"<div class=\"flex_column av_one_full  flex_column_div av-zero-column-padding first  avia-builder-el-0  el_before_av_one_full  avia-builder-el-first  \" style='border-radius:0px; '><div  class='avia-image-container  av-styling-    avia-builder-el-1  avia-builder-el-no-sibling  avia-align-center '  itemprop=\"image\" itemscope=\"itemscope\" itemtype=\"https:\/\/schema.org\/ImageObject\"  ><div class='avia-image-container-inner'><div class='avia-image-overlay-wrap'><img decoding=\"async\" class='wp-image-22085 avia-img-lazy-loading-not-22085 avia_image' src=\"https:\/\/radiorevelacionfm.cl\/wp-content\/uploads\/2022\/09\/image-93-1.jpg\" alt='' title='image (93) (1)' height=\"600\" width=\"771\"  itemprop=\"thumbnailUrl\" srcset=\"https:\/\/radiorevelacionfm.cl\/wp-content\/uploads\/2022\/09\/image-93-1.jpg 771w, https:\/\/radiorevelacionfm.cl\/wp-content\/uploads\/2022\/09\/image-93-1-300x233.jpg 300w, https:\/\/radiorevelacionfm.cl\/wp-content\/uploads\/2022\/09\/image-93-1-768x598.jpg 768w, https:\/\/radiorevelacionfm.cl\/wp-content\/uploads\/2022\/09\/image-93-1-705x549.jpg 705w, https:\/\/radiorevelacionfm.cl\/wp-content\/uploads\/2022\/09\/image-93-1-600x467.jpg 600w\" sizes=\"(max-width: 771px) 100vw, 771px\" \/><\/div><\/div><\/div><\/div>\n<div class=\"flex_column av_one_full  flex_column_div av-zero-column-padding first  avia-builder-el-2  el_after_av_one_full  el_before_av_one_full  column-top-margin\" style='border-radius:0px; '><section class=\"av_textblock_section \"  itemscope=\"itemscope\" itemtype=\"https:\/\/schema.org\/BlogPosting\" itemprop=\"blogPost\" ><div class='avia_textblock  '   itemprop=\"text\" ><p style=\"text-align: center;\"><span style=\"font-size: 18pt;\"><b>Infect\u00f3logo y viruela s\u00edmica: \u00abLa aparici\u00f3n reciente de lesiones cut\u00e1neas, que no tengan una causa aparente es motivo de sospecha\u00bb<\/b><\/span><\/p>\n<div id=\"gtx-trans\" style=\"position: absolute; left: -50px; top: 4.31534px;\">\n<div class=\"gtx-trans-icon\"><\/div>\n<\/div>\n<\/div><\/section><\/div><div class=\"flex_column av_one_full  flex_column_div av-zero-column-padding first  avia-builder-el-4  el_after_av_one_full  el_before_av_hr  column-top-margin\" style='border-radius:0px; '><section class=\"av_textblock_section \"  itemscope=\"itemscope\" itemtype=\"https:\/\/schema.org\/BlogPosting\" itemprop=\"blogPost\" ><div class='avia_textblock  '   itemprop=\"text\" ><p class=\"v1MsoNormal\" style=\"text-align: justify;\">La enfermedad puede afectar a toda la poblaci\u00f3n, por lo que se deben mantener conductas que permitan su detecci\u00f3n temprana.<\/p>\n<p class=\"v1MsoNormal\" style=\"text-align: justify;\">Si bien no se trata de una enfermedad reciente, la viruela s\u00edmica, tambi\u00e9n conocida como viruela del mono, hasta ahora estuvo circunscrita al continente africano. No obstante, hace algunos meses apareci\u00f3 en otros puntos del globo, incluyendo por cierto Am\u00e9rica Latina y el Caribe.<\/p>\n<p class=\"v1MsoNormal\" style=\"text-align: justify;\">\u00abEs una enfermedad aguda, transmitida por un virus y los s\u00edntomas se manifiestan con un exantema, es decir, aparici\u00f3n de lesiones en la piel de distinto tipo\u00bb, relata el Dr. Carlos Mej\u00edas, infect\u00f3logo del Hospital Regional Coyhaique (HRC).<\/p>\n<p class=\"v1MsoNormal\" style=\"text-align: justify;\">Esta dolencia puede originar fiebre, fatiga, dolores musculares y erupciones cut\u00e1neas que puede incluir el cuerpo entero y que se resuelven en tres semanas. \u00abLa aparici\u00f3n reciente de lesiones cut\u00e1neas, exantemas que no tengan una causa aparente ya es motivo de sospecha, sobre todo si va asociada a otros s\u00edntomas sist\u00e9micos como decaimiento, fiebre o dolor de cuerpo y garganta\u00bb, agrega el Dr. Mej\u00edas.<\/p>\n<p class=\"v1MsoNormal\" style=\"text-align: justify;\">Seg\u00fan la descripci\u00f3n y evidencia cient\u00edfica, se trata de una enfermedad de origen zoon\u00f3tica, transmitida por animales, a trav\u00e9s de mordeduras. Sin embargo, la transmisi\u00f3n entre personas se genera a partir del contacto directo, cercano, estrecho y prolongado. \u00abAdem\u00e1s est\u00e1 la probable transmisi\u00f3n por gotitas, saliva o secreciones respiratorias, lo cual se ve mucho m\u00e1s en las variantes de \u00c1frica, que en Europa o Am\u00e9rica\u00bb, sostiene el profesional.<\/p>\n<p class=\"v1MsoNormal\" style=\"text-align: justify;\">Tambi\u00e9n se puede transmitir por part\u00edculas suspendidas en el ambiente, \u00abpor lo cual debemos tener mucho cuidado con las prendas \u00edntimas, s\u00e1banas, ropa interior y toallas que est\u00e1n en contacto con las lesiones y pueden transmitirse a otras personas\u00bb, precisa el infect\u00f3logo del HRC.<\/p>\n<p class=\"v1MsoNormal\" style=\"text-align: justify;\">Aun cuando la viruela s\u00edmica no es exclusivamente de transmisi\u00f3n sexual, en Chile y parte importante del mundo se describe como la principal causa. El periodo de incubaci\u00f3n de la enfermedad va de 4 a 21 d\u00edas, \u00abpero en la pr\u00e1ctica lo que estamos viendo es que en 5 y 7 d\u00edas comienzan a aparecer las lesiones y lo primero que aparece son s\u00edntomas sist\u00e9micos de decaimiento, malestar, fiebre y posteriormente las lesiones en el cuerpo, aunque tambi\u00e9n se han descrito casos en que primero aparecen las lesiones\u00bb.<\/p>\n<p class=\"v1MsoNormal\" style=\"text-align: justify;\">La Alerta Sanitaria por viruela del mono se encuentra vigente hasta el 30 de septiembre de 2022, sin perjuicio de la facultad que tiene la autoridad de poner t\u00e9rmino anticipado o prorrogarla, seg\u00fan las condiciones sanitarias lo indiquen.<\/p>\n<p class=\"v1MsoNormal\" style=\"text-align: justify;\">En el mundo se registra un incremento de las personas con Viruela del Mono. Ante este escenario, el 23 de julio pasado la Organizaci\u00f3n Mundial de la Salud declar\u00f3 Emergencia de Salud P\u00fablica de Inter\u00e9s Internacional.<\/p>\n<p class=\"v1MsoNormal\" style=\"text-align: justify;\"><strong>Tratamiento<\/strong><\/p>\n<p class=\"v1MsoNormal\" style=\"text-align: justify;\">La viruela s\u00edmica es una patolog\u00eda de car\u00e1cter autolimitado, es decir, tiene un inicio y un fin preestablecido, de dos a tres semanas, por lo general con lesiones benignas. En teor\u00eda los grupos de riesgo ser\u00edan las edades extremas, ni\u00f1os peque\u00f1os, adultos mayores, casos que no son frecuentes\u00bb, explica Carlos Mej\u00edas.<\/p>\n<p class=\"v1MsoNormal\" style=\"text-align: justify;\">El tratamiento incluye manejo sintom\u00e1tico de la fiebre y el dolor, como asimismo evitar que las heridas se infecten, \u00abpero por lo general no necesita un tratamiento espec\u00edfico\u00bb.<\/p>\n<p class=\"v1MsoNormal\" style=\"text-align: justify;\">Cabe se\u00f1alar finalmente que se espera que contin\u00faen apareciendo casos de viruela del mono en la regi\u00f3n, pero de ninguna manera con la frecuencia de casos de una pandemia, ya que los mecanismos de transmisi\u00f3n son acotados.<\/p>\n<\/div><\/section><\/div><\/p>\n<div  style='height:50px' class='hr hr-invisible   avia-builder-el-6  el_after_av_one_full  el_before_av_social_share '><span class='hr-inner ' ><span class='hr-inner-style'><\/span><\/span><\/div>\n<div  class='av-social-sharing-box  avia-builder-el-7  el_after_av_hr  el_before_av_hr  '><div class='av-share-box'><h5 class='av-share-link-description av-no-toc '>Compartir esta noticia<\/h5><ul class='av-share-box-list noLightbox'><li class='av-share-link av-social-link-facebook' ><a target=\"_blank\" aria-label=\"Compartir en Facebook\" href='https:\/\/www.facebook.com\/sharer.php?u=https:\/\/radiorevelacionfm.cl\/?p=22084&#038;t=Infect%C3%B3logo%20y%20viruela%20s%C3%ADmica%3A%20%C2%ABLa%20aparici%C3%B3n%20reciente%20de%20lesiones%20cut%C3%A1neas%2C%20que%20no%20tengan%20una%20causa%20aparente%20es%20motivo%20de%20sospecha%C2%BB' aria-hidden='false' data-av_icon='\ue8f3' data-av_iconfont='entypo-fontello' title='' data-avia-related-tooltip='Compartir en Facebook' rel=\"noopener\"><span class='avia_hidden_link_text'>Compartir en Facebook<\/span><\/a><\/li><li class='av-share-link av-social-link-twitter' ><a target=\"_blank\" aria-label=\"Compartir en Twitter\" href='https:\/\/twitter.com\/share?text=Infect%C3%B3logo%20y%20viruela%20s%C3%ADmica%3A%20%C2%ABLa%20aparici%C3%B3n%20reciente%20de%20lesiones%20cut%C3%A1neas%2C%20que%20no%20tengan%20una%20causa%20aparente%20es%20motivo%20de%20sospecha%C2%BB&#038;url=https:\/\/radiorevelacionfm.cl\/?p=22084' aria-hidden='false' data-av_icon='\ue8f1' data-av_iconfont='entypo-fontello' title='' data-avia-related-tooltip='Compartir en Twitter' rel=\"noopener\"><span class='avia_hidden_link_text'>Compartir en Twitter<\/span><\/a><\/li><li class='av-share-link av-social-link-whatsapp' ><a target=\"_blank\" aria-label=\"Compartir en Whatsapp\" href='https:\/\/api.whatsapp.com\/send?text=https:\/\/radiorevelacionfm.cl\/?p=22084' aria-hidden='false' data-av_icon='\uf232' data-av_iconfont='entypo-fontello' title='' data-avia-related-tooltip='Compartir en Whatsapp' rel=\"noopener\"><span class='avia_hidden_link_text'>Compartir en Whatsapp<\/span><\/a><\/li><li class='av-share-link av-social-link-linkedin' ><a target=\"_blank\" aria-label=\"Compartir en LinkedIn\" href='https:\/\/linkedin.com\/shareArticle?mini=true&#038;title=Infect%C3%B3logo%20y%20viruela%20s%C3%ADmica%3A%20%C2%ABLa%20aparici%C3%B3n%20reciente%20de%20lesiones%20cut%C3%A1neas%2C%20que%20no%20tengan%20una%20causa%20aparente%20es%20motivo%20de%20sospecha%C2%BB&#038;url=https:\/\/radiorevelacionfm.cl\/?p=22084' aria-hidden='false' data-av_icon='\ue8fc' data-av_iconfont='entypo-fontello' title='' data-avia-related-tooltip='Compartir en LinkedIn' rel=\"noopener\"><span class='avia_hidden_link_text'>Compartir en LinkedIn<\/span><\/a><\/li><li class='av-share-link av-social-link-mail' ><a  aria-label=\"Compartir por correo\" href='mailto:?subject=Infect%C3%B3logo%20y%20viruela%20s%C3%ADmica%3A%20%C2%ABLa%20aparici%C3%B3n%20reciente%20de%20lesiones%20cut%C3%A1neas%2C%20que%20no%20tengan%20una%20causa%20aparente%20es%20motivo%20de%20sospecha%C2%BB&#038;body=https:\/\/radiorevelacionfm.cl\/?p=22084' aria-hidden='false' data-av_icon='\ue805' data-av_iconfont='entypo-fontello' title='' data-avia-related-tooltip='Compartir por correo'><span class='avia_hidden_link_text'>Compartir por correo<\/span><\/a><\/li><\/ul><\/div><\/div>\n<div  style='height:50px' class='hr hr-invisible   avia-builder-el-8  el_after_av_social_share  el_before_av_comments_list '><span class='hr-inner ' ><span class='hr-inner-style'><\/span><\/span><\/div>\n<div  class='av-buildercomment  av-blog-meta-html-info-disabled av-blog-meta-tag-disabled  '><\/div>\n","protected":false},"excerpt":{"rendered":"","protected":false},"author":1,"featured_media":22085,"comment_status":"open","ping_status":"open","sticky":false,"template":"","format":"standard","meta":{"footnotes":""},"categories":[46],"tags":[],"class_list":["post-22084","post","type-post","status-publish","format-standard","has-post-thumbnail","hentry","category-salud"],"jetpack_featured_media_url":"https:\/\/radiorevelacionfm.cl\/wp-content\/uploads\/2022\/09\/image-93-1.jpg","_links":{"self":[{"href":"https:\/\/radiorevelacionfm.cl\/index.php?rest_route=\/wp\/v2\/posts\/22084","targetHints":{"allow":["GET"]}}],"collection":[{"href":"https:\/\/radiorevelacionfm.cl\/index.php?rest_route=\/wp\/v2\/posts"}],"about":[{"href":"https:\/\/radiorevelacionfm.cl\/index.php?rest_route=\/wp\/v2\/types\/post"}],"author":[{"embeddable":true,"href":"https:\/\/radiorevelacionfm.cl\/index.php?rest_route=\/wp\/v2\/users\/1"}],"replies":[{"embeddable":true,"href":"https:\/\/radiorevelacionfm.cl\/index.php?rest_route=%2Fwp%2Fv2%2Fcomments&post=22084"}],"version-history":[{"count":3,"href":"https:\/\/radiorevelacionfm.cl\/index.php?rest_route=\/wp\/v2\/posts\/22084\/revisions"}],"predecessor-version":[{"id":22110,"href":"https:\/\/radiorevelacionfm.cl\/index.php?rest_route=\/wp\/v2\/posts\/22084\/revisions\/22110"}],"wp:featuredmedia":[{"embeddable":true,"href":"https:\/\/radiorevelacionfm.cl\/index.php?rest_route=\/wp\/v2\/media\/22085"}],"wp:attachment":[{"href":"https:\/\/radiorevelacionfm.cl\/index.php?rest_route=%2Fwp%2Fv2%2Fmedia&parent=22084"}],"wp:term":[{"taxonomy":"category","embeddable":true,"href":"https:\/\/radiorevelacionfm.cl\/index.php?rest_route=%2Fwp%2Fv2%2Fcategories&post=22084"},{"taxonomy":"post_tag","embeddable":true,"href":"https:\/\/radiorevelacionfm.cl\/index.php?rest_route=%2Fwp%2Fv2%2Ftags&post=22084"}],"curies":[{"name":"wp","href":"https:\/\/api.w.org\/{rel}","templated":true}]}}