{"id":22080,"date":"2022-09-23T10:17:38","date_gmt":"2022-09-23T13:17:38","guid":{"rendered":"https:\/\/radiorevelacionfm.cl\/?p=22080"},"modified":"2022-09-23T10:17:38","modified_gmt":"2022-09-23T13:17:38","slug":"mineduc-informa-actualizacion-del-protocolo-sanitario-para-establecimientos-educacionales-tras-avance-a-escenario-de-apertura","status":"publish","type":"post","link":"https:\/\/radiorevelacionfm.cl\/?p=22080","title":{"rendered":"Mineduc informa actualizaci\u00f3n del protocolo sanitario para establecimientos educacionales tras avance a escenario de Apertura"},"content":{"rendered":"<div class=\"flex_column av_one_full  flex_column_div av-zero-column-padding first  avia-builder-el-0  el_before_av_one_full  avia-builder-el-first  \" style='border-radius:0px; '><div  class='avia-image-container  av-styling-    avia-builder-el-1  avia-builder-el-no-sibling  avia-align-center '  itemprop=\"image\" itemscope=\"itemscope\" itemtype=\"https:\/\/schema.org\/ImageObject\"  ><div class='avia-image-container-inner'><div class='avia-image-overlay-wrap'><img decoding=\"async\" class='wp-image-22081 avia-img-lazy-loading-not-22081 avia_image' src=\"https:\/\/radiorevelacionfm.cl\/wp-content\/uploads\/2022\/09\/sala-de-clases-1-1_optimized.jpg\" alt='' title='sala-de-clases-1-(1)_optimized' height=\"600\" width=\"1143\"  itemprop=\"thumbnailUrl\" srcset=\"https:\/\/radiorevelacionfm.cl\/wp-content\/uploads\/2022\/09\/sala-de-clases-1-1_optimized.jpg 1143w, https:\/\/radiorevelacionfm.cl\/wp-content\/uploads\/2022\/09\/sala-de-clases-1-1_optimized-300x157.jpg 300w, https:\/\/radiorevelacionfm.cl\/wp-content\/uploads\/2022\/09\/sala-de-clases-1-1_optimized-1030x541.jpg 1030w, https:\/\/radiorevelacionfm.cl\/wp-content\/uploads\/2022\/09\/sala-de-clases-1-1_optimized-768x403.jpg 768w, https:\/\/radiorevelacionfm.cl\/wp-content\/uploads\/2022\/09\/sala-de-clases-1-1_optimized-705x370.jpg 705w, https:\/\/radiorevelacionfm.cl\/wp-content\/uploads\/2022\/09\/sala-de-clases-1-1_optimized-600x315.jpg 600w\" sizes=\"(max-width: 1143px) 100vw, 1143px\" \/><\/div><\/div><\/div><\/div><div class=\"flex_column av_one_full  flex_column_div av-zero-column-padding first  avia-builder-el-2  el_after_av_one_full  el_before_av_one_full  column-top-margin\" style='border-radius:0px; '><section class=\"av_textblock_section \"  itemscope=\"itemscope\" itemtype=\"https:\/\/schema.org\/BlogPosting\" itemprop=\"blogPost\" ><div class='avia_textblock  '   itemprop=\"text\" ><p style=\"text-align: center;\"><strong><span style=\"font-size: 18pt;\">Mineduc informa actualizaci\u00f3n del protocolo sanitario para establecimientos educacionales tras avance a escenario de Apertura<\/span><\/strong><\/p>\n<div id=\"gtx-trans\" style=\"position: absolute; left: -50px; top: 4.31534px;\">\n<div class=\"gtx-trans-icon\"><\/div>\n<\/div>\n<\/div><\/section><\/div><div class=\"flex_column av_one_full  flex_column_div av-zero-column-padding first  avia-builder-el-4  el_after_av_one_full  el_before_av_hr  column-top-margin\" style='border-radius:0px; '><section class=\"av_textblock_section \"  itemscope=\"itemscope\" itemtype=\"https:\/\/schema.org\/BlogPosting\" itemprop=\"blogPost\" ><div class='avia_textblock  '   itemprop=\"text\" ><p class=\"v1MsoNormal\" style=\"text-align: justify;\"><span lang=\"ES\">Tras el anuncio realizado ayer por el Ministerio de Salud, respecto a que el actual escenario epidemiol\u00f3gico permite avanzar hacia una apertura de las medidas de prevenci\u00f3n y control de la pandemia de Covid-19, el Ministerio de Educaci\u00f3n envi\u00f3 a las comunidades educativas de todo el pa\u00eds informaci\u00f3n detallada de las modificaciones al Protocolo de medidas sanitarias y vigilancia epidemiol\u00f3gica para establecimientos educacionales, las que comienzan a regir a partir de este 1 de octubre.<\/span><\/p>\n<p class=\"v1MsoNormal\" style=\"text-align: justify;\"><span lang=\"ES\">Dentro de estas modificaciones, se informa que el uso de mascarillas ya no ser\u00e1 obligatorio en educaci\u00f3n parvularia, b\u00e1sica ni media, ni en ninguna modalidad del sistema educativo. En este sentido, la decisi\u00f3n de utilizarla al interior de las salas de clases es \u00fanicamente de cada estudiante y apoderado\/a. Adem\u00e1s, todas las actividades se seguir\u00e1n realizando de manera presencial y la asistencia ser\u00e1 obligatoria.<\/span><\/p>\n<p class=\"v1MsoNormal\" style=\"text-align: justify;\"><span lang=\"ES\">Junto con ello, se explica que, debido a que se ha alcanzado m\u00e1s del 80% de cobertura de vacunaci\u00f3n en los estudiantes a nivel nacional, se elimina la restricci\u00f3n de aforos en todos los espacios de los establecimientos educacionales, propiciando el distanciamiento en las actividades cotidianas cuando esto sea posible.<\/span><\/p>\n<p class=\"v1MsoNormal\" style=\"text-align: justify;\"><span lang=\"ES\">Al respecto las Seremi de Educaci\u00f3n de Ays\u00e9n Isabel Garrido Casassa\u00a0 inform\u00f3 que todos los colegios ya han recibido las nuevas orientaciones sanitarias.<\/span><\/p>\n<p class=\"v1MsoNormal\" style=\"text-align: justify;\"><span lang=\"ES\">\u201cHoy nos encontramos en un nuevo escenario epidemiol\u00f3gico que nos permite avanzar hacia una nueva etapa de mayor apertura en las medidas de control de la pandemia. En este nuevo escenario y en permanente coordinaci\u00f3n con el Ministerio de Salud, el Mineduc revis\u00f3 los protocolos de medidas sanitarias actuales y decidi\u00f3 modificarlas para avanzar hacia algo mejor para las y los estudiantes y comunidades educativas.\u00a0 Eso s\u00ed, esta flexibilizaci\u00f3n no es el fin de las medidas de prevenci\u00f3n, porque la pandemia a\u00fan no termina y debemos seguir cuid\u00e1ndonos, lav\u00e1ndonos las manos y manteniendo algunas medidas de seguridad ante casos confirmados y sospechosos, entre otras.<\/span><\/p>\n<p class=\"v1MsoNormal\" style=\"text-align: justify;\"><span lang=\"ES\">Al detallar las modificaciones, Isabel Garrido se\u00f1al\u00f3 que \u201cA contar del 1 de octubre ya no ser\u00e1 obligatorio el uso de las mascarillas al interior de las salas de clases, en ning\u00fan nivel, ni en ninguna modalidad del sistema educativo. Se uso ser\u00e1 voluntario y las familias que decidan que sus hijas\/hijos usen mascarilla tienen la libertad de hacerlo. Asimismo, se elimina la restricci\u00f3n de aforos, y se cambia la definici\u00f3n de alerta de brotes, evitando las cuarentenas masivas cuando esto no sea necesario\u201d.<\/span><\/p>\n<p class=\"v1MsoNormal\" style=\"text-align: justify;\"><span lang=\"ES\">Para m\u00e1s informaci\u00f3n acerca de la aplicaci\u00f3n del Protocolo de vigilancia epidemiol\u00f3gica, investigaci\u00f3n de brotes y medidas sanitarias en los establecimientos educacionales, revisar\u00a0<\/span><span lang=\"ES\"><a href=\"http:\/\/www.mineduc.cl\/\" target=\"_blank\" rel=\"noopener noreferrer\">www.mineduc.cl<\/a><\/span><span lang=\"ES\">.<\/span><\/p>\n<\/div><\/section><\/div><div  style='height:50px' class='hr hr-invisible   avia-builder-el-6  el_after_av_one_full  el_before_av_social_share '><span class='hr-inner ' ><span class='hr-inner-style'><\/span><\/span><\/div><\/p>\n<div  class='av-social-sharing-box  avia-builder-el-7  el_after_av_hr  el_before_av_hr  '><div class='av-share-box'><h5 class='av-share-link-description av-no-toc '>Compartir esta noticia<\/h5><ul class='av-share-box-list noLightbox'><li class='av-share-link av-social-link-facebook' ><a target=\"_blank\" aria-label=\"Compartir en Facebook\" href='https:\/\/www.facebook.com\/sharer.php?u=https:\/\/radiorevelacionfm.cl\/?p=22080&#038;t=Mineduc%20informa%20actualizaci%C3%B3n%20del%20protocolo%20sanitario%20para%20establecimientos%20educacionales%20tras%20avance%20a%20escenario%20de%20Apertura' aria-hidden='false' data-av_icon='\ue8f3' data-av_iconfont='entypo-fontello' title='' data-avia-related-tooltip='Compartir en Facebook' rel=\"noopener\"><span class='avia_hidden_link_text'>Compartir en Facebook<\/span><\/a><\/li><li class='av-share-link av-social-link-twitter' ><a target=\"_blank\" aria-label=\"Compartir en Twitter\" href='https:\/\/twitter.com\/share?text=Mineduc%20informa%20actualizaci%C3%B3n%20del%20protocolo%20sanitario%20para%20establecimientos%20educacionales%20tras%20avance%20a%20escenario%20de%20Apertura&#038;url=https:\/\/radiorevelacionfm.cl\/?p=22080' aria-hidden='false' data-av_icon='\ue8f1' data-av_iconfont='entypo-fontello' title='' data-avia-related-tooltip='Compartir en Twitter' rel=\"noopener\"><span class='avia_hidden_link_text'>Compartir en Twitter<\/span><\/a><\/li><li class='av-share-link av-social-link-whatsapp' ><a target=\"_blank\" aria-label=\"Compartir en Whatsapp\" href='https:\/\/api.whatsapp.com\/send?text=https:\/\/radiorevelacionfm.cl\/?p=22080' aria-hidden='false' data-av_icon='\uf232' data-av_iconfont='entypo-fontello' title='' data-avia-related-tooltip='Compartir en Whatsapp' rel=\"noopener\"><span class='avia_hidden_link_text'>Compartir en Whatsapp<\/span><\/a><\/li><li class='av-share-link av-social-link-linkedin' ><a target=\"_blank\" aria-label=\"Compartir en LinkedIn\" href='https:\/\/linkedin.com\/shareArticle?mini=true&#038;title=Mineduc%20informa%20actualizaci%C3%B3n%20del%20protocolo%20sanitario%20para%20establecimientos%20educacionales%20tras%20avance%20a%20escenario%20de%20Apertura&#038;url=https:\/\/radiorevelacionfm.cl\/?p=22080' aria-hidden='false' data-av_icon='\ue8fc' data-av_iconfont='entypo-fontello' title='' data-avia-related-tooltip='Compartir en LinkedIn' rel=\"noopener\"><span class='avia_hidden_link_text'>Compartir en LinkedIn<\/span><\/a><\/li><li class='av-share-link av-social-link-mail' ><a  aria-label=\"Compartir por correo\" href='mailto:?subject=Mineduc%20informa%20actualizaci%C3%B3n%20del%20protocolo%20sanitario%20para%20establecimientos%20educacionales%20tras%20avance%20a%20escenario%20de%20Apertura&#038;body=https:\/\/radiorevelacionfm.cl\/?p=22080' aria-hidden='false' data-av_icon='\ue805' data-av_iconfont='entypo-fontello' title='' data-avia-related-tooltip='Compartir por correo'><span class='avia_hidden_link_text'>Compartir por correo<\/span><\/a><\/li><\/ul><\/div><\/div>\n<div  style='height:50px' class='hr hr-invisible   avia-builder-el-8  el_after_av_social_share  el_before_av_comments_list '><span class='hr-inner ' ><span class='hr-inner-style'><\/span><\/span><\/div>\n<div  class='av-buildercomment  av-blog-meta-html-info-disabled av-blog-meta-tag-disabled  '><\/div>\n","protected":false},"excerpt":{"rendered":"","protected":false},"author":1,"featured_media":22081,"comment_status":"open","ping_status":"open","sticky":false,"template":"","format":"standard","meta":{"footnotes":""},"categories":[49],"tags":[],"class_list":["post-22080","post","type-post","status-publish","format-standard","has-post-thumbnail","hentry","category-educacion"],"jetpack_featured_media_url":"https:\/\/radiorevelacionfm.cl\/wp-content\/uploads\/2022\/09\/sala-de-clases-1-1_optimized.jpg","_links":{"self":[{"href":"https:\/\/radiorevelacionfm.cl\/index.php?rest_route=\/wp\/v2\/posts\/22080","targetHints":{"allow":["GET"]}}],"collection":[{"href":"https:\/\/radiorevelacionfm.cl\/index.php?rest_route=\/wp\/v2\/posts"}],"about":[{"href":"https:\/\/radiorevelacionfm.cl\/index.php?rest_route=\/wp\/v2\/types\/post"}],"author":[{"embeddable":true,"href":"https:\/\/radiorevelacionfm.cl\/index.php?rest_route=\/wp\/v2\/users\/1"}],"replies":[{"embeddable":true,"href":"https:\/\/radiorevelacionfm.cl\/index.php?rest_route=%2Fwp%2Fv2%2Fcomments&post=22080"}],"version-history":[{"count":2,"href":"https:\/\/radiorevelacionfm.cl\/index.php?rest_route=\/wp\/v2\/posts\/22080\/revisions"}],"predecessor-version":[{"id":22111,"href":"https:\/\/radiorevelacionfm.cl\/index.php?rest_route=\/wp\/v2\/posts\/22080\/revisions\/22111"}],"wp:featuredmedia":[{"embeddable":true,"href":"https:\/\/radiorevelacionfm.cl\/index.php?rest_route=\/wp\/v2\/media\/22081"}],"wp:attachment":[{"href":"https:\/\/radiorevelacionfm.cl\/index.php?rest_route=%2Fwp%2Fv2%2Fmedia&parent=22080"}],"wp:term":[{"taxonomy":"category","embeddable":true,"href":"https:\/\/radiorevelacionfm.cl\/index.php?rest_route=%2Fwp%2Fv2%2Fcategories&post=22080"},{"taxonomy":"post_tag","embeddable":true,"href":"https:\/\/radiorevelacionfm.cl\/index.php?rest_route=%2Fwp%2Fv2%2Ftags&post=22080"}],"curies":[{"name":"wp","href":"https:\/\/api.w.org\/{rel}","templated":true}]}}