{"id":22077,"date":"2022-09-22T16:19:54","date_gmt":"2022-09-22T19:19:54","guid":{"rendered":"https:\/\/radiorevelacionfm.cl\/?p=22077"},"modified":"2022-09-22T16:19:54","modified_gmt":"2022-09-22T19:19:54","slug":"escuela-ribera-sur-reconocio-a-su-comunidad-educativa-a-traves-nueva-version-de-la-ceremonia-cuadro-de-honor","status":"publish","type":"post","link":"https:\/\/radiorevelacionfm.cl\/?p=22077","title":{"rendered":"Escuela Ribera Sur reconoci\u00f3 a su comunidad educativa a trav\u00e9s nueva versi\u00f3n de la ceremonia \u201cCuadro de Honor\u201d"},"content":{"rendered":"<div class=\"flex_column av_one_full  flex_column_div av-zero-column-padding first  avia-builder-el-0  el_before_av_one_full  avia-builder-el-first  \" style='border-radius:0px; '><div  class='avia-image-container  av-styling-    avia-builder-el-1  avia-builder-el-no-sibling  avia-align-center '  itemprop=\"image\" itemscope=\"itemscope\" itemtype=\"https:\/\/schema.org\/ImageObject\"  ><div class='avia-image-container-inner'><div class='avia-image-overlay-wrap'><img decoding=\"async\" class='wp-image-22078 avia-img-lazy-loading-not-22078 avia_image' src=\"https:\/\/radiorevelacionfm.cl\/wp-content\/uploads\/2022\/09\/307314045_963973221221105_7987882477338354169_n-1-1.jpg\" alt='' title='307314045_963973221221105_7987882477338354169_n (1) (1)' height=\"600\" width=\"800\"  itemprop=\"thumbnailUrl\" srcset=\"https:\/\/radiorevelacionfm.cl\/wp-content\/uploads\/2022\/09\/307314045_963973221221105_7987882477338354169_n-1-1.jpg 800w, https:\/\/radiorevelacionfm.cl\/wp-content\/uploads\/2022\/09\/307314045_963973221221105_7987882477338354169_n-1-1-300x225.jpg 300w, https:\/\/radiorevelacionfm.cl\/wp-content\/uploads\/2022\/09\/307314045_963973221221105_7987882477338354169_n-1-1-768x576.jpg 768w, https:\/\/radiorevelacionfm.cl\/wp-content\/uploads\/2022\/09\/307314045_963973221221105_7987882477338354169_n-1-1-705x529.jpg 705w, https:\/\/radiorevelacionfm.cl\/wp-content\/uploads\/2022\/09\/307314045_963973221221105_7987882477338354169_n-1-1-600x450.jpg 600w\" sizes=\"(max-width: 800px) 100vw, 800px\" \/><\/div><\/div><\/div><\/div><div class=\"flex_column av_one_full  flex_column_div av-zero-column-padding first  avia-builder-el-2  el_after_av_one_full  el_before_av_one_full  column-top-margin\" style='border-radius:0px; '><section class=\"av_textblock_section \"  itemscope=\"itemscope\" itemtype=\"https:\/\/schema.org\/BlogPosting\" itemprop=\"blogPost\" ><div class='avia_textblock  '   itemprop=\"text\" ><p style=\"text-align: center;\"><span style=\"font-size: 18pt;\"><strong>Escuela Ribera Sur reconoci\u00f3 a su comunidad educativa a trav\u00e9s nueva versi\u00f3n de la ceremonia \u201cCuadro de Honor\u201d<\/strong><\/span><\/p>\n<div id=\"gtx-trans\" style=\"position: absolute; left: -50px; top: 4.31534px;\">\n<div class=\"gtx-trans-icon\"><\/div>\n<\/div>\n<\/div><\/section><\/div><div class=\"flex_column av_one_full  flex_column_div av-zero-column-padding first  avia-builder-el-4  el_after_av_one_full  el_before_av_hr  column-top-margin\" style='border-radius:0px; '><section class=\"av_textblock_section \"  itemscope=\"itemscope\" itemtype=\"https:\/\/schema.org\/BlogPosting\" itemprop=\"blogPost\" ><div class='avia_textblock  '   itemprop=\"text\" ><p style=\"text-align: justify;\">En comunidad se desarroll\u00f3 una nueva versi\u00f3n del tradicional Cuadro de Honor de la escuela B\u00e1sica Ribera Sur, en Puerto Ays\u00e9n, quienes a trav\u00e9s de esta actividad -que este a\u00f1o tuvo como t\u00f3nica la proyecci\u00f3n de sus estudiantes en el \u00e1mbito profesional, a trav\u00e9s del contexto de la pel\u00edcula \u201cVolver al futuro\u201d-, busc\u00f3 relevar el compromiso de todos y cada uno de quienes son parte del establecimiento educacional municipalizado.<\/p>\n<p style=\"text-align: justify;\">Es as\u00ed que durante el transcurso de la ceremonia -a la que asistieron autoridades locales y provinciales-, fueron reconocidos los alumnos y alumnas por sus diversas capacidades y talentos. Desde mejor rendimiento, aquellos que representan el esp\u00edritu Ribera Sur y las familias que encarnan los valores como escuela, fueron algunas de las categor\u00edas destacadas.<\/p>\n<p style=\"text-align: justify;\">El momento m\u00e1s emotivo de la instancia, desarrollada en recinto deportivo Polideportivo 21 de Abril, se vivi\u00f3 tras la proyecci\u00f3n de un video, en que de manera sucinta se dio cuenta de la labor de don Juan Cuyul, asistente de la educaci\u00f3n, quien fuese parte fundamental de la escuela desde sus inicios, y quien durante este 2022, tras una vida dedicada a sus funciones, se acoger\u00e1 a un merecido descanso a trav\u00e9s del retiro voluntario.<\/p>\n<p style=\"text-align: justify;\">De esta manera, en la instancia se le entreg\u00f3 una placa, la cual formar\u00e1 parte del recinto educacional, espec\u00edficamente en el hall de acceso, y que llevar\u00e1 su nombre. Esto, como muestra de agradecimiento a este funcionario, que es parte de la historia de la escuela desde sus cimientos en estos 33 a\u00f1os de vida.<\/p>\n<p style=\"text-align: justify;\">\u201cFelices, orgullosos. Especialmente por don Juanito. Es necesario poder reconocer de alguna manera todo su esfuerzo, compromiso y cari\u00f1o en todos estos a\u00f1os. Ha visto pasar muchas generaciones en nuestra escuela y claramente representa lo que somos como tal\u201d, manifest\u00f3 el director del establecimiento, Edgar C\u00e1ceres.<\/p>\n<p style=\"text-align: justify;\">\u201cEl objetivo de esta ceremonia es celebrar a nuestros ni\u00f1os, y en ese intertanto continuar en el trabajo conjunto con las familias y mantener uno de los grandes logros que hemos recibido en 2022-2023, como es el sello de excelencia\u201d, indic\u00f3 el directivo, agregando que \u201cesto se da porque nos creemos una gran escuela, a pesar de que como dice el dicho nos vestimos con ropas viejas, pero el esp\u00edritu es joven y eso hay que potenciarlo. Nosotros no solamente queremos destacar haciendo cosas novedosas, haciendo intervenciones urbanas. Sino que nos queremos destacar en lo que estamos haciendo en el aula, y ah\u00ed es donde queremos hacer el punto de inflexi\u00f3n, con todo lo que significa el trabajo colaborativo con los jardines infantiles, y muy especialmente con la escuela Despertar. Todo esto implica un gran compromiso, y estamos trabajando de manera bien profunda, pero cuesta. Es un trabajo que todav\u00eda est\u00e1 en pa\u00f1ales, pero que est\u00e1 dando un paso a la vez, un paso firme y eso nos mantiene motivados y felices\u201d.<\/p>\n<p style=\"text-align: justify;\">En la actividad, adem\u00e1s se dio cuenta de la renovaci\u00f3n de los s\u00edmbolos institucionales, como la insignia. La cual durante un proceso interno fue sometida a un concurso de dibujo en que participaron los estudiantes, siendo premiados en la ocasi\u00f3n los tres mejores dise\u00f1os, que ser\u00e1n adaptados pr\u00f3ximamente, de modo de gestar el futuro s\u00edmbolo institucional. \u201cRenovaremos colores, y una de las grandes sorpresas es que tendremos una mascota como escuela que, por elecci\u00f3n de nuestros alumnos, ser\u00e1 el puma. La que nos acompa\u00f1ar\u00e1 en las distintas actividades, como las art\u00edsticas, cient\u00edficas y deportivas, para ir formando una identidad propia\u201d, finaliz\u00f3 C\u00e1ceres Mansilla en este evento que busc\u00f3 una vez m\u00e1s encarnar el slogan institucional, \u201cm\u00e1s que una escuela, una familia\u201d.<\/p>\n<\/div><\/section><\/div><div  style='height:50px' class='hr hr-invisible   avia-builder-el-6  el_after_av_one_full  el_before_av_social_share '><span class='hr-inner ' ><span class='hr-inner-style'><\/span><\/span><\/div><\/p>\n<div  class='av-social-sharing-box  avia-builder-el-7  el_after_av_hr  el_before_av_hr  '><div class='av-share-box'><h5 class='av-share-link-description av-no-toc '>Compartir esta noticia<\/h5><ul class='av-share-box-list noLightbox'><li class='av-share-link av-social-link-facebook' ><a target=\"_blank\" aria-label=\"Compartir en Facebook\" href='https:\/\/www.facebook.com\/sharer.php?u=https:\/\/radiorevelacionfm.cl\/?p=22077&#038;t=Escuela%20Ribera%20Sur%20reconoci%C3%B3%20a%20su%20comunidad%20educativa%20a%20trav%C3%A9s%20nueva%20versi%C3%B3n%20de%20la%20ceremonia%20%E2%80%9CCuadro%20de%20Honor%E2%80%9D' aria-hidden='false' data-av_icon='\ue8f3' data-av_iconfont='entypo-fontello' title='' data-avia-related-tooltip='Compartir en Facebook' rel=\"noopener\"><span class='avia_hidden_link_text'>Compartir en Facebook<\/span><\/a><\/li><li class='av-share-link av-social-link-twitter' ><a target=\"_blank\" aria-label=\"Compartir en Twitter\" href='https:\/\/twitter.com\/share?text=Escuela%20Ribera%20Sur%20reconoci%C3%B3%20a%20su%20comunidad%20educativa%20a%20trav%C3%A9s%20nueva%20versi%C3%B3n%20de%20la%20ceremonia%20%E2%80%9CCuadro%20de%20Honor%E2%80%9D&#038;url=https:\/\/radiorevelacionfm.cl\/?p=22077' aria-hidden='false' data-av_icon='\ue8f1' data-av_iconfont='entypo-fontello' title='' data-avia-related-tooltip='Compartir en Twitter' rel=\"noopener\"><span class='avia_hidden_link_text'>Compartir en Twitter<\/span><\/a><\/li><li class='av-share-link av-social-link-whatsapp' ><a target=\"_blank\" aria-label=\"Compartir en Whatsapp\" href='https:\/\/api.whatsapp.com\/send?text=https:\/\/radiorevelacionfm.cl\/?p=22077' aria-hidden='false' data-av_icon='\uf232' data-av_iconfont='entypo-fontello' title='' data-avia-related-tooltip='Compartir en Whatsapp' rel=\"noopener\"><span class='avia_hidden_link_text'>Compartir en Whatsapp<\/span><\/a><\/li><li class='av-share-link av-social-link-linkedin' ><a target=\"_blank\" aria-label=\"Compartir en LinkedIn\" href='https:\/\/linkedin.com\/shareArticle?mini=true&#038;title=Escuela%20Ribera%20Sur%20reconoci%C3%B3%20a%20su%20comunidad%20educativa%20a%20trav%C3%A9s%20nueva%20versi%C3%B3n%20de%20la%20ceremonia%20%E2%80%9CCuadro%20de%20Honor%E2%80%9D&#038;url=https:\/\/radiorevelacionfm.cl\/?p=22077' aria-hidden='false' data-av_icon='\ue8fc' data-av_iconfont='entypo-fontello' title='' data-avia-related-tooltip='Compartir en LinkedIn' rel=\"noopener\"><span class='avia_hidden_link_text'>Compartir en LinkedIn<\/span><\/a><\/li><li class='av-share-link av-social-link-mail' ><a  aria-label=\"Compartir por correo\" href='mailto:?subject=Escuela%20Ribera%20Sur%20reconoci%C3%B3%20a%20su%20comunidad%20educativa%20a%20trav%C3%A9s%20nueva%20versi%C3%B3n%20de%20la%20ceremonia%20%E2%80%9CCuadro%20de%20Honor%E2%80%9D&#038;body=https:\/\/radiorevelacionfm.cl\/?p=22077' aria-hidden='false' data-av_icon='\ue805' data-av_iconfont='entypo-fontello' title='' data-avia-related-tooltip='Compartir por correo'><span class='avia_hidden_link_text'>Compartir por correo<\/span><\/a><\/li><\/ul><\/div><\/div>\n<div  style='height:50px' class='hr hr-invisible   avia-builder-el-8  el_after_av_social_share  el_before_av_comments_list '><span class='hr-inner ' ><span class='hr-inner-style'><\/span><\/span><\/div>\n<div  class='av-buildercomment  av-blog-meta-html-info-disabled av-blog-meta-tag-disabled  '><\/div>\n","protected":false},"excerpt":{"rendered":"","protected":false},"author":1,"featured_media":22078,"comment_status":"open","ping_status":"open","sticky":false,"template":"","format":"standard","meta":{"footnotes":""},"categories":[38],"tags":[],"class_list":["post-22077","post","type-post","status-publish","format-standard","has-post-thumbnail","hentry","category-regional"],"jetpack_featured_media_url":"https:\/\/radiorevelacionfm.cl\/wp-content\/uploads\/2022\/09\/307314045_963973221221105_7987882477338354169_n-1-1.jpg","_links":{"self":[{"href":"https:\/\/radiorevelacionfm.cl\/index.php?rest_route=\/wp\/v2\/posts\/22077","targetHints":{"allow":["GET"]}}],"collection":[{"href":"https:\/\/radiorevelacionfm.cl\/index.php?rest_route=\/wp\/v2\/posts"}],"about":[{"href":"https:\/\/radiorevelacionfm.cl\/index.php?rest_route=\/wp\/v2\/types\/post"}],"author":[{"embeddable":true,"href":"https:\/\/radiorevelacionfm.cl\/index.php?rest_route=\/wp\/v2\/users\/1"}],"replies":[{"embeddable":true,"href":"https:\/\/radiorevelacionfm.cl\/index.php?rest_route=%2Fwp%2Fv2%2Fcomments&post=22077"}],"version-history":[{"count":2,"href":"https:\/\/radiorevelacionfm.cl\/index.php?rest_route=\/wp\/v2\/posts\/22077\/revisions"}],"predecessor-version":[{"id":22083,"href":"https:\/\/radiorevelacionfm.cl\/index.php?rest_route=\/wp\/v2\/posts\/22077\/revisions\/22083"}],"wp:featuredmedia":[{"embeddable":true,"href":"https:\/\/radiorevelacionfm.cl\/index.php?rest_route=\/wp\/v2\/media\/22078"}],"wp:attachment":[{"href":"https:\/\/radiorevelacionfm.cl\/index.php?rest_route=%2Fwp%2Fv2%2Fmedia&parent=22077"}],"wp:term":[{"taxonomy":"category","embeddable":true,"href":"https:\/\/radiorevelacionfm.cl\/index.php?rest_route=%2Fwp%2Fv2%2Fcategories&post=22077"},{"taxonomy":"post_tag","embeddable":true,"href":"https:\/\/radiorevelacionfm.cl\/index.php?rest_route=%2Fwp%2Fv2%2Ftags&post=22077"}],"curies":[{"name":"wp","href":"https:\/\/api.w.org\/{rel}","templated":true}]}}