{"id":22074,"date":"2022-09-22T19:26:33","date_gmt":"2022-09-22T22:26:33","guid":{"rendered":"https:\/\/radiorevelacionfm.cl\/?p=22074"},"modified":"2022-09-22T19:26:33","modified_gmt":"2022-09-22T22:26:33","slug":"detallan-nuevas-medidas-sanitarias-para-espacios-culturales-y-eventos-masivos","status":"publish","type":"post","link":"https:\/\/radiorevelacionfm.cl\/?p=22074","title":{"rendered":"Detallan nuevas medidas sanitarias para espacios culturales y eventos masivos"},"content":{"rendered":"<div class=\"flex_column av_one_full  flex_column_div av-zero-column-padding first  avia-builder-el-0  el_before_av_one_full  avia-builder-el-first  \" style='border-radius:0px; '><div  class='avia-image-container  av-styling-    avia-builder-el-1  avia-builder-el-no-sibling  avia-align-center '  itemprop=\"image\" itemscope=\"itemscope\" itemtype=\"https:\/\/schema.org\/ImageObject\"  ><div class='avia-image-container-inner'><div class='avia-image-overlay-wrap'><img decoding=\"async\" class='wp-image-22075 avia-img-lazy-loading-not-22075 avia_image' src=\"https:\/\/radiorevelacionfm.cl\/wp-content\/uploads\/2022\/09\/actualicacionmedidascultura-4-1_optimized-1.jpg\" alt='' title='actualicaci\u00f3nmedidascultura-(4)-(1)_optimized (1)' height=\"600\" width=\"900\"  itemprop=\"thumbnailUrl\" srcset=\"https:\/\/radiorevelacionfm.cl\/wp-content\/uploads\/2022\/09\/actualicacionmedidascultura-4-1_optimized-1.jpg 900w, https:\/\/radiorevelacionfm.cl\/wp-content\/uploads\/2022\/09\/actualicacionmedidascultura-4-1_optimized-1-300x200.jpg 300w, https:\/\/radiorevelacionfm.cl\/wp-content\/uploads\/2022\/09\/actualicacionmedidascultura-4-1_optimized-1-768x512.jpg 768w, https:\/\/radiorevelacionfm.cl\/wp-content\/uploads\/2022\/09\/actualicacionmedidascultura-4-1_optimized-1-705x470.jpg 705w, https:\/\/radiorevelacionfm.cl\/wp-content\/uploads\/2022\/09\/actualicacionmedidascultura-4-1_optimized-1-600x400.jpg 600w\" sizes=\"(max-width: 900px) 100vw, 900px\" \/><\/div><\/div><\/div><\/div><div class=\"flex_column av_one_full  flex_column_div av-zero-column-padding first  avia-builder-el-2  el_after_av_one_full  el_before_av_one_full  column-top-margin\" style='border-radius:0px; '><section class=\"av_textblock_section \"  itemscope=\"itemscope\" itemtype=\"https:\/\/schema.org\/BlogPosting\" itemprop=\"blogPost\" ><div class='avia_textblock  '   itemprop=\"text\" ><p style=\"text-align: center;\"><strong><span style=\"font-size: 18pt;\">Detallan nuevas medidas sanitarias para espacios culturales y eventos masivos<\/span><\/strong><\/p>\n<div id=\"gtx-trans\" style=\"position: absolute; left: -50px; top: 4.31534px;\">\n<div class=\"gtx-trans-icon\"><\/div>\n<\/div>\n<\/div><\/section><\/div><div class=\"flex_column av_one_full  flex_column_div av-zero-column-padding first  avia-builder-el-4  el_after_av_one_full  el_before_av_hr  column-top-margin\" style='border-radius:0px; '><section class=\"av_textblock_section \"  itemscope=\"itemscope\" itemtype=\"https:\/\/schema.org\/BlogPosting\" itemprop=\"blogPost\" ><div class='avia_textblock  '   itemprop=\"text\" ><p class=\"v1x_MsoNormal\" style=\"text-align: justify;\"><span class=\"v1ContentPasted0\">El avance al escenario de Apertura en el Plan Seguimos Cuid\u00e1ndonos Paso a Paso trajo buenas noticias para las culturas y las artes. Desde el pr\u00f3ximo 1 de octubre, las personas que asistan a espacios de uso cultural y eventos masivos podr\u00e1n hacerlo sin usar obligatoriamente mascarilla y sin tener que presentar pase de movilidad. Adem\u00e1s, desde ese d\u00eda se eliminan las medidas de aforo y distancias entre personas para eventos y lugares abiertos y cerrados (igualmente se recomienda la ventilaci\u00f3n de estos \u00faltimos) y se autoriza tambi\u00e9n la venta y consumo de alimentos en todo tipo de recintos.<\/span><\/p>\n<p class=\"v1x_MsoNormal\" style=\"text-align: justify;\"><span class=\"v1ContentPasted0\">As\u00ed lo explic\u00f3 esta ma\u00f1ana la ministra de las Culturas, las Artes y el Patrimonio, Julieta Brodsky Hern\u00e1ndez, desde el frontis del Teatro del Puente, donde estuvo acompa\u00f1ada por las subsecretarias de las Culturas y las Artes, Andrea Guti\u00e9rrez V\u00e1squez, y del Patrimonio Cultural, Carolina P\u00e9rez Dattari; el director del recinto, Freddy Araya; y el presidente de la SCD, Rodrigo Osorio. En la oportunidad se realiz\u00f3 adem\u00e1s una muestra a cargo del grupo folkl\u00f3rico Raipill\u00e1n.<\/span><\/p>\n<p class=\"v1x_MsoNormal\" style=\"text-align: justify;\"><span class=\"v1ContentPasted0\">\u00abEstas nuevas medidas implican que vamos a poder disfrutar de actividades culturales sin el uso de mascarillas y sin la obligatoriedad de presentar el Pase de Movilidad, que generaba restricciones importantes en el acceso. A eso se suma la venta y consumo de alimentos y bebidas, que en muchos casos es fundamental para el mantenimiento de ciertos espacios\u00bb, dijo la ministra Brodsky. \u00abTodo esto nos tiene muy felices, porque ya no solo vamos a poder reencontrarnos en torno a la cultura y las artes, sino que podremos hacerlo mir\u00e1ndonos las caras, volviendo a sentir las emociones y pudiendo compartirlas, al mismo tiempo que los artistas podr\u00e1n ver la reacci\u00f3n del p\u00fablico\u00bb, agreg\u00f3.<\/span><\/p>\n<p class=\"v1x_MsoNormal\" style=\"text-align: justify;\"><span class=\"v1ContentPasted0\">La secretaria de Estado plante\u00f3 adem\u00e1s que \u00abeste es un nuevo incentivo a la reactivaci\u00f3n que hemos estado impulsando en regiones. Queremos que \u00e9sta sea una primavera cultural, que las personas usen el espacio p\u00fablico pero tambi\u00e9n los recintos para el arte\u00bb.<\/span><\/p>\n<p class=\"v1x_MsoNormal\" style=\"text-align: justify;\"><span class=\"v1ContentPasted0\">\u00abValoramos la actitud de di\u00e1logo que ha tenido este gobierno, que ha entendido que la cultura no era el hilo m\u00e1s delgado, sino que era algo que hab\u00eda que mirar de manera prioritaria\u00bb, dijo\u00a0<\/span><span class=\"v1ContentPasted0\">el presidente de la SCD, Rodrigo Osorio, quien enfatiz\u00f3 en la seguridad de estos espacios. \u00abEn el a\u00f1o 2021, como SCD realizamos ensayos cl\u00ednicos en los que demostramos que, con vacunaci\u00f3n y uso de mascarilla, la m\u00fasica pod\u00eda volver a los escenarios. Es una\u00a0tremenda alegr\u00eda que esto est\u00e9 sucediendo definitivamente\u00bb, destac\u00f3.<\/span><\/p>\n<p class=\"v1x_MsoNormal\" style=\"text-align: justify;\"><span class=\"v1ContentPasted0\">Este avance y actualizaci\u00f3n, anunciado ayer por el Ministerio de Salud, se da en el contexto del nuevo escenario y a las recomendaciones entregadas por la Organizaci\u00f3n Mundial de Salud (OMS). La evidencia actual muestra que las variantes circulantes son de menor gravedad y la inmunidad alcanzada mantiene su protecci\u00f3n en el tiempo, lo que ha provocado que la mayor\u00eda de los pa\u00edses hayan iniciado una apertura y desescalada paulatina de las medidas de prevenci\u00f3n y control. En Chile, por ejemplo, se observan menores \u00edndices de casos graves y fallecimientos, as\u00ed como una gran proporci\u00f3n de poblaci\u00f3n vacunada.<\/span><\/p>\n<p class=\"v1x_MsoNormal\" style=\"text-align: justify;\"><span class=\"v1ContentPasted0\">M\u00e1s informaci\u00f3n y detalle de la actualizaci\u00f3n de las medidas en\u00a0<span class=\"v1x_MsoHyperlink\"><a class=\"v1ContentPasted0\" href=\"https:\/\/saludresponde.minsal.cl\/nuevo-plan-paso-a-paso\/\" target=\"_blank\" rel=\"noopener noreferrer\">https:\/\/saludresponde.minsal.cl\/nuevo-plan-paso-a-paso\/<\/a><\/span>.<\/span><\/p>\n<p class=\"v1x_MsoNormal\" style=\"text-align: justify;\"><span class=\"v1ContentPasted0\">\u00a0<\/span><\/p>\n<\/div><\/section><\/div><div  style='height:50px' class='hr hr-invisible   avia-builder-el-6  el_after_av_one_full  el_before_av_social_share '><span class='hr-inner ' ><span class='hr-inner-style'><\/span><\/span><\/div><\/p>\n<div  class='av-social-sharing-box  avia-builder-el-7  el_after_av_hr  el_before_av_hr  '><div class='av-share-box'><h5 class='av-share-link-description av-no-toc '>Compartir esta noticia<\/h5><ul class='av-share-box-list noLightbox'><li class='av-share-link av-social-link-facebook' ><a target=\"_blank\" aria-label=\"Compartir en Facebook\" href='https:\/\/www.facebook.com\/sharer.php?u=https:\/\/radiorevelacionfm.cl\/?p=22074&#038;t=Detallan%20nuevas%20medidas%20sanitarias%20para%20espacios%20culturales%20y%20eventos%20masivos' aria-hidden='false' data-av_icon='\ue8f3' data-av_iconfont='entypo-fontello' title='' data-avia-related-tooltip='Compartir en Facebook' rel=\"noopener\"><span class='avia_hidden_link_text'>Compartir en Facebook<\/span><\/a><\/li><li class='av-share-link av-social-link-twitter' ><a target=\"_blank\" aria-label=\"Compartir en Twitter\" href='https:\/\/twitter.com\/share?text=Detallan%20nuevas%20medidas%20sanitarias%20para%20espacios%20culturales%20y%20eventos%20masivos&#038;url=https:\/\/radiorevelacionfm.cl\/?p=22074' aria-hidden='false' data-av_icon='\ue8f1' data-av_iconfont='entypo-fontello' title='' data-avia-related-tooltip='Compartir en Twitter' rel=\"noopener\"><span class='avia_hidden_link_text'>Compartir en Twitter<\/span><\/a><\/li><li class='av-share-link av-social-link-whatsapp' ><a target=\"_blank\" aria-label=\"Compartir en Whatsapp\" href='https:\/\/api.whatsapp.com\/send?text=https:\/\/radiorevelacionfm.cl\/?p=22074' aria-hidden='false' data-av_icon='\uf232' data-av_iconfont='entypo-fontello' title='' data-avia-related-tooltip='Compartir en Whatsapp' rel=\"noopener\"><span class='avia_hidden_link_text'>Compartir en Whatsapp<\/span><\/a><\/li><li class='av-share-link av-social-link-linkedin' ><a target=\"_blank\" aria-label=\"Compartir en LinkedIn\" href='https:\/\/linkedin.com\/shareArticle?mini=true&#038;title=Detallan%20nuevas%20medidas%20sanitarias%20para%20espacios%20culturales%20y%20eventos%20masivos&#038;url=https:\/\/radiorevelacionfm.cl\/?p=22074' aria-hidden='false' data-av_icon='\ue8fc' data-av_iconfont='entypo-fontello' title='' data-avia-related-tooltip='Compartir en LinkedIn' rel=\"noopener\"><span class='avia_hidden_link_text'>Compartir en LinkedIn<\/span><\/a><\/li><li class='av-share-link av-social-link-mail' ><a  aria-label=\"Compartir por correo\" href='mailto:?subject=Detallan%20nuevas%20medidas%20sanitarias%20para%20espacios%20culturales%20y%20eventos%20masivos&#038;body=https:\/\/radiorevelacionfm.cl\/?p=22074' aria-hidden='false' data-av_icon='\ue805' data-av_iconfont='entypo-fontello' title='' data-avia-related-tooltip='Compartir por correo'><span class='avia_hidden_link_text'>Compartir por correo<\/span><\/a><\/li><\/ul><\/div><\/div>\n<div  style='height:50px' class='hr hr-invisible   avia-builder-el-8  el_after_av_social_share  el_before_av_comments_list '><span class='hr-inner ' ><span class='hr-inner-style'><\/span><\/span><\/div>\n<div  class='av-buildercomment  av-blog-meta-html-info-disabled av-blog-meta-tag-disabled  '><\/div>\n","protected":false},"excerpt":{"rendered":"","protected":false},"author":1,"featured_media":22075,"comment_status":"open","ping_status":"open","sticky":false,"template":"","format":"standard","meta":{"footnotes":""},"categories":[52],"tags":[],"class_list":["post-22074","post","type-post","status-publish","format-standard","has-post-thumbnail","hentry","category-cultura"],"jetpack_featured_media_url":"https:\/\/radiorevelacionfm.cl\/wp-content\/uploads\/2022\/09\/actualicacionmedidascultura-4-1_optimized-1.jpg","_links":{"self":[{"href":"https:\/\/radiorevelacionfm.cl\/index.php?rest_route=\/wp\/v2\/posts\/22074","targetHints":{"allow":["GET"]}}],"collection":[{"href":"https:\/\/radiorevelacionfm.cl\/index.php?rest_route=\/wp\/v2\/posts"}],"about":[{"href":"https:\/\/radiorevelacionfm.cl\/index.php?rest_route=\/wp\/v2\/types\/post"}],"author":[{"embeddable":true,"href":"https:\/\/radiorevelacionfm.cl\/index.php?rest_route=\/wp\/v2\/users\/1"}],"replies":[{"embeddable":true,"href":"https:\/\/radiorevelacionfm.cl\/index.php?rest_route=%2Fwp%2Fv2%2Fcomments&post=22074"}],"version-history":[{"count":2,"href":"https:\/\/radiorevelacionfm.cl\/index.php?rest_route=\/wp\/v2\/posts\/22074\/revisions"}],"predecessor-version":[{"id":22096,"href":"https:\/\/radiorevelacionfm.cl\/index.php?rest_route=\/wp\/v2\/posts\/22074\/revisions\/22096"}],"wp:featuredmedia":[{"embeddable":true,"href":"https:\/\/radiorevelacionfm.cl\/index.php?rest_route=\/wp\/v2\/media\/22075"}],"wp:attachment":[{"href":"https:\/\/radiorevelacionfm.cl\/index.php?rest_route=%2Fwp%2Fv2%2Fmedia&parent=22074"}],"wp:term":[{"taxonomy":"category","embeddable":true,"href":"https:\/\/radiorevelacionfm.cl\/index.php?rest_route=%2Fwp%2Fv2%2Fcategories&post=22074"},{"taxonomy":"post_tag","embeddable":true,"href":"https:\/\/radiorevelacionfm.cl\/index.php?rest_route=%2Fwp%2Fv2%2Ftags&post=22074"}],"curies":[{"name":"wp","href":"https:\/\/api.w.org\/{rel}","templated":true}]}}