{"id":22070,"date":"2022-09-22T15:13:15","date_gmt":"2022-09-22T18:13:15","guid":{"rendered":"https:\/\/radiorevelacionfm.cl\/?p=22070"},"modified":"2022-09-22T15:13:15","modified_gmt":"2022-09-22T18:13:15","slug":"uso-de-mascarilla-solo-sera-obligatorio-para-consultas-en-establecimientos-de-salud","status":"publish","type":"post","link":"https:\/\/radiorevelacionfm.cl\/?p=22070","title":{"rendered":"Uso de mascarilla solo ser\u00e1 obligatorio para consultas en establecimientos de Salud"},"content":{"rendered":"<div class=\"flex_column av_one_full  flex_column_div av-zero-column-padding first  avia-builder-el-0  el_before_av_one_full  avia-builder-el-first  \" style='border-radius:0px; '><div  class='avia-image-container  av-styling-    avia-builder-el-1  avia-builder-el-no-sibling  avia-align-center '  itemprop=\"image\" itemscope=\"itemscope\" itemtype=\"https:\/\/schema.org\/ImageObject\"  ><div class='avia-image-container-inner'><div class='avia-image-overlay-wrap'><img decoding=\"async\" class='wp-image-22071 avia-img-lazy-loading-not-22071 avia_image' src=\"https:\/\/radiorevelacionfm.cl\/wp-content\/uploads\/2022\/09\/punto-prensa-cambios-paso-a-paso-1_optimized.jpeg\" alt='' title='punto-prensa---cambios-paso-a-paso-(1)_optimized' height=\"600\" width=\"998\"  itemprop=\"thumbnailUrl\" srcset=\"https:\/\/radiorevelacionfm.cl\/wp-content\/uploads\/2022\/09\/punto-prensa-cambios-paso-a-paso-1_optimized.jpeg 998w, https:\/\/radiorevelacionfm.cl\/wp-content\/uploads\/2022\/09\/punto-prensa-cambios-paso-a-paso-1_optimized-300x180.jpeg 300w, https:\/\/radiorevelacionfm.cl\/wp-content\/uploads\/2022\/09\/punto-prensa-cambios-paso-a-paso-1_optimized-768x462.jpeg 768w, https:\/\/radiorevelacionfm.cl\/wp-content\/uploads\/2022\/09\/punto-prensa-cambios-paso-a-paso-1_optimized-705x424.jpeg 705w, https:\/\/radiorevelacionfm.cl\/wp-content\/uploads\/2022\/09\/punto-prensa-cambios-paso-a-paso-1_optimized-600x361.jpeg 600w\" sizes=\"(max-width: 998px) 100vw, 998px\" \/><\/div><\/div><\/div><\/div><div class=\"flex_column av_one_full  flex_column_div av-zero-column-padding first  avia-builder-el-2  el_after_av_one_full  el_before_av_one_full  column-top-margin\" style='border-radius:0px; '><section class=\"av_textblock_section \"  itemscope=\"itemscope\" itemtype=\"https:\/\/schema.org\/BlogPosting\" itemprop=\"blogPost\" ><div class='avia_textblock  '   itemprop=\"text\" ><p style=\"text-align: center;\"><strong><span style=\"font-size: 18pt;\">Uso de mascarilla solo ser\u00e1 obligatorio para consultas en establecimientos de Salud<\/span><\/strong><\/p>\n<div id=\"gtx-trans\" style=\"position: absolute; left: -50px; top: 4.31534px;\">\n<div class=\"gtx-trans-icon\"><\/div>\n<\/div>\n<\/div><\/section><\/div><div class=\"flex_column av_one_full  flex_column_div av-zero-column-padding first  avia-builder-el-4  el_after_av_one_full  el_before_av_hr  column-top-margin\" style='border-radius:0px; '><section class=\"av_textblock_section \"  itemscope=\"itemscope\" itemtype=\"https:\/\/schema.org\/BlogPosting\" itemprop=\"blogPost\" ><div class='avia_textblock  '   itemprop=\"text\" ><p style=\"text-align: justify;\">Luego de los anuncios efectuados desde el nivel central por el Ministerio de Salud, para hacer frente a la pandemia por COVID-19 a partir del 01 de octubre, a nivel local el Delegado Presidencial junto a la Seremi de Salud realizaron un refuerzo a estos anuncios donde el uso de la mascarilla y el pase de movilidad no ser\u00e1n exigencias para para ingresar a espacios cerrados como restaurantes, centros comerciales o transporte, adem\u00e1s de la eliminaci\u00f3n de aforos en espacios abiertos y cerrados, debido a los altos niveles de vacunaci\u00f3n alcanzados en el pa\u00eds y la disminuci\u00f3n de casos.<\/p>\n<p style=\"text-align: justify;\">En la oportunidad, el Delegado Presidencial, Rodrigo Araya, indic\u00f3 que estas nuevas medidas se basan en aspectos como la responsabilidad de la comunidad frente a las medidas de prevenci\u00f3n y los alcances del programa de vacunaci\u00f3n por COVID-19.\u00a0 \u201cEn esta nueva etapa nos seguimos cuidando en este plan Paso a Paso, donde estas medidas \u2013 que se van a levantar a partir del 01 de octubre- se logran gracias al comportamiento que ha tenido nuestra comunidad en relaci\u00f3n a la alta cobertura de las vacunas que ha sido la medida m\u00e1s eficaz y eficiente para reducir la gravedad de los cuadros y de mortalidad; y al mismo tiempo, la utilidad de las mascarillas en espacios con aglomeraci\u00f3n de personas, donde en su caso a partir de octubre se mantendr\u00e1 su recomendaci\u00f3n en medios de locomoci\u00f3n p\u00fablica y privada. Mientras que otras medidas no ser\u00e1n una exigencia, como el Pase de Movilidad\u201d.<\/p>\n<p style=\"text-align: justify;\">Por su parte, la Seremi de Salud, Carmen Monsalve, tambi\u00e9n destac\u00f3 las modificaciones que comenzar\u00e1n a operar en el mes de octubre, gracias al escenario favorable que existen en la actualidad frente al COVID-19.\u00a0 \u201cTenemos coberturas efectivas de vacunaci\u00f3n en toda la poblaci\u00f3n mayor de 18 a\u00f1os, una ocupaci\u00f3n camas UCI menor al 7% a causa de COVID, lo que es totalmente diferente a los que vivimos en los escenarios m\u00e1s complejos. As\u00ed, luego de 03 a\u00f1os de pandemia, nos estamos adaptando a nuevos cambios, lo que ser\u00e1 positivo para toda la comunidad.\u00a0 Nuestro Gobierno, siempre visualiza estos escenarios de una manera integral, por eso a partir del 01 de octubre se incorporar\u00e1n al GES las prestaciones asociadas a los usuarios que mantienen patolog\u00edas COVID y que presenten secuelas que los afecten en su vida normal.\u00a0 Ahora, dentro de las salas de clases no ser\u00e1 obligatorio el uso de la mascarilla, solamente ser\u00e1 exigencia en los establecimientos de salud, para los usuarios que acceden al establecimiento o para quienes entreguen esta prestaci\u00f3n\u201d.<\/p>\n<p style=\"text-align: justify;\"><strong>Apertura del plan \u201cseguimos cuid\u00e1ndonos\u201d<\/strong><\/p>\n<p style=\"text-align: justify;\">Las medidas empezar\u00e1n a regir a partir del primero de octubre de 2022:<\/p>\n<p style=\"text-align: justify;\"><strong>Mascarillas<\/strong><\/p>\n<p style=\"text-align: justify;\">Su uso se ajustar\u00e1 a lo recomendado desde el punto de vista sanitario y consistente con el alto nivel de vacunaci\u00f3n de la poblaci\u00f3n.<\/p>\n<p style=\"text-align: justify;\">\u2013 Se recomienda para personas con s\u00edntomas respiratorios, en lugares de alta aglomeraci\u00f3n, en visitas a centros de larga estad\u00eda y en los medios de transportes colectivos p\u00fablicos o privados.<\/p>\n<p style=\"text-align: justify;\">\u2013 Se mantendr\u00e1 el car\u00e1cter obligatorio para consultantes de establecimientos de salud de cualquier tipo. su uso usuarios que acudan a alg\u00fan centro de salud.<\/p>\n<p style=\"text-align: justify;\"><strong>Vacunaci\u00f3n<\/strong><\/p>\n<p style=\"text-align: justify;\">\u2013 Se incorporar\u00e1 al Programa Nacional de Vacunaci\u00f3n PNI la nueva vacuna bivalente (COVID-19), dirigida a grupos de riesgo seg\u00fan las indicaciones que entreguen los expertos (CAVEI y CNRP), como una estrategia anual, al igual o similar a la campa\u00f1a de influenza.<\/p>\n<p style=\"text-align: justify;\">\u2013 Se continuar\u00e1 promoviendo activamente la vacunaci\u00f3n especialmente enfocada a los grupos rezagados.<\/p>\n<p style=\"text-align: justify;\"><strong>Pase de movilidad<\/strong><\/p>\n<p style=\"text-align: justify;\">\u2013 Se descontinuar\u00e1 la exigencia del pase de movilidad, ello en concordancia con la incorporaci\u00f3n de la nueva vacuna y las altas tasas de vacunaci\u00f3n logradas.<\/p>\n<p style=\"text-align: justify;\"><strong>Aforos y ventilaci\u00f3n<\/strong><\/p>\n<p style=\"text-align: justify;\">\u2013 Se eliminan las limitaciones de aforo en espacios abiertos y cerrados, quedando conforme a la regulaci\u00f3n sanitaria vigente.<\/p>\n<p style=\"text-align: justify;\">\u2013 Se debe promover la ventilaci\u00f3n, la vacunaci\u00f3n y las medidas de autocuidado, para mantener esta medida en el tiempo.<\/p>\n<p style=\"text-align: justify;\">\u2013 Se recomendar\u00e1 que los lugares cerrados realicen adaptaciones graduales para mejorar las condiciones de ventilaci\u00f3n a largo plazo, con objeto de enfrentar de mejor manera brotes de enfermedades respiratorias.<\/p>\n<p style=\"text-align: justify;\"><strong>Testeo<\/strong><\/p>\n<p style=\"text-align: justify;\">\u2013 Se mantienen las capacidades de procesamiento de PCR y se incrementar\u00e1 el acceso a test de ant\u00edgeno de las personas mediante las siguientes estrategias:<\/p>\n<p style=\"text-align: justify;\">\u2013 Disponibilidad de test de ant\u00edgeno en la Atenci\u00f3n Primaria de acceso universal y gratuito.<\/p>\n<p style=\"text-align: justify;\">\u2013 Promover y facilitar el acceso al autotesteo, a trav\u00e9s de la estrategia \u201cant\u00edgeno en tres pasos\u201d, que busca aumentar el acceso a los autotest de ant\u00edgeno, manteniendo la calidad y a un precio asequible para la poblaci\u00f3n.<\/p>\n<p style=\"text-align: justify;\">\u2013 La b\u00fasqueda activa de casos (BAC) se orientar\u00e1 seg\u00fan las necesidades locales en zonas priorizadas por la autoridad sanitaria regional.<\/p>\n<p style=\"text-align: justify;\"><strong>Fronteras<\/strong><\/p>\n<p style=\"text-align: justify;\">\u2013 En el marco de acci\u00f3n para las fronteras chilenas, se seguir\u00e1 ejecutando las medidas de control del nivel de Alerta 1. Por ejemplo, no habr\u00e1 restricci\u00f3n de viajes; el aislamiento se realizar\u00e1 acorde a la normativa sanitaria general para un caso confirmado; Se solicitar\u00e1 certificado de vacunaci\u00f3n o PCR negativo m\u00e1ximo 48 horas previo al viaje (para viajeros no residentes).<\/p>\n<p style=\"text-align: justify;\">\u2013 Al ingreso al pa\u00eds se mantendr\u00e1 un testeo aleatorio solamente a residentes, pero se reducir\u00e1 de un 10% a un 5% de los viajeros.<\/p>\n<\/div><\/section><\/div><div  style='height:50px' class='hr hr-invisible   avia-builder-el-6  el_after_av_one_full  el_before_av_social_share '><span class='hr-inner ' ><span class='hr-inner-style'><\/span><\/span><\/div><\/p>\n<div  class='av-social-sharing-box  avia-builder-el-7  el_after_av_hr  el_before_av_hr  '><div class='av-share-box'><h5 class='av-share-link-description av-no-toc '>Compartir esta noticia<\/h5><ul class='av-share-box-list noLightbox'><li class='av-share-link av-social-link-facebook' ><a target=\"_blank\" aria-label=\"Compartir en Facebook\" href='https:\/\/www.facebook.com\/sharer.php?u=https:\/\/radiorevelacionfm.cl\/?p=22070&#038;t=Uso%20de%20mascarilla%20solo%20ser%C3%A1%20obligatorio%20para%20consultas%20en%20establecimientos%20de%20Salud' aria-hidden='false' data-av_icon='\ue8f3' data-av_iconfont='entypo-fontello' title='' data-avia-related-tooltip='Compartir en Facebook' rel=\"noopener\"><span class='avia_hidden_link_text'>Compartir en Facebook<\/span><\/a><\/li><li class='av-share-link av-social-link-twitter' ><a target=\"_blank\" aria-label=\"Compartir en Twitter\" href='https:\/\/twitter.com\/share?text=Uso%20de%20mascarilla%20solo%20ser%C3%A1%20obligatorio%20para%20consultas%20en%20establecimientos%20de%20Salud&#038;url=https:\/\/radiorevelacionfm.cl\/?p=22070' aria-hidden='false' data-av_icon='\ue8f1' data-av_iconfont='entypo-fontello' title='' data-avia-related-tooltip='Compartir en Twitter' rel=\"noopener\"><span class='avia_hidden_link_text'>Compartir en Twitter<\/span><\/a><\/li><li class='av-share-link av-social-link-whatsapp' ><a target=\"_blank\" aria-label=\"Compartir en Whatsapp\" href='https:\/\/api.whatsapp.com\/send?text=https:\/\/radiorevelacionfm.cl\/?p=22070' aria-hidden='false' data-av_icon='\uf232' data-av_iconfont='entypo-fontello' title='' data-avia-related-tooltip='Compartir en Whatsapp' rel=\"noopener\"><span class='avia_hidden_link_text'>Compartir en Whatsapp<\/span><\/a><\/li><li class='av-share-link av-social-link-linkedin' ><a target=\"_blank\" aria-label=\"Compartir en LinkedIn\" href='https:\/\/linkedin.com\/shareArticle?mini=true&#038;title=Uso%20de%20mascarilla%20solo%20ser%C3%A1%20obligatorio%20para%20consultas%20en%20establecimientos%20de%20Salud&#038;url=https:\/\/radiorevelacionfm.cl\/?p=22070' aria-hidden='false' data-av_icon='\ue8fc' data-av_iconfont='entypo-fontello' title='' data-avia-related-tooltip='Compartir en LinkedIn' rel=\"noopener\"><span class='avia_hidden_link_text'>Compartir en LinkedIn<\/span><\/a><\/li><li class='av-share-link av-social-link-mail' ><a  aria-label=\"Compartir por correo\" href='mailto:?subject=Uso%20de%20mascarilla%20solo%20ser%C3%A1%20obligatorio%20para%20consultas%20en%20establecimientos%20de%20Salud&#038;body=https:\/\/radiorevelacionfm.cl\/?p=22070' aria-hidden='false' data-av_icon='\ue805' data-av_iconfont='entypo-fontello' title='' data-avia-related-tooltip='Compartir por correo'><span class='avia_hidden_link_text'>Compartir por correo<\/span><\/a><\/li><\/ul><\/div><\/div>\n<div  style='height:50px' class='hr hr-invisible   avia-builder-el-8  el_after_av_social_share  el_before_av_comments_list '><span class='hr-inner ' ><span class='hr-inner-style'><\/span><\/span><\/div>\n<div  class='av-buildercomment  av-blog-meta-html-info-disabled av-blog-meta-tag-disabled  '><\/div>\n","protected":false},"excerpt":{"rendered":"","protected":false},"author":1,"featured_media":22071,"comment_status":"open","ping_status":"open","sticky":false,"template":"","format":"standard","meta":{"footnotes":""},"categories":[46],"tags":[],"class_list":["post-22070","post","type-post","status-publish","format-standard","has-post-thumbnail","hentry","category-salud"],"jetpack_featured_media_url":"https:\/\/radiorevelacionfm.cl\/wp-content\/uploads\/2022\/09\/punto-prensa-cambios-paso-a-paso-1_optimized.jpeg","_links":{"self":[{"href":"https:\/\/radiorevelacionfm.cl\/index.php?rest_route=\/wp\/v2\/posts\/22070","targetHints":{"allow":["GET"]}}],"collection":[{"href":"https:\/\/radiorevelacionfm.cl\/index.php?rest_route=\/wp\/v2\/posts"}],"about":[{"href":"https:\/\/radiorevelacionfm.cl\/index.php?rest_route=\/wp\/v2\/types\/post"}],"author":[{"embeddable":true,"href":"https:\/\/radiorevelacionfm.cl\/index.php?rest_route=\/wp\/v2\/users\/1"}],"replies":[{"embeddable":true,"href":"https:\/\/radiorevelacionfm.cl\/index.php?rest_route=%2Fwp%2Fv2%2Fcomments&post=22070"}],"version-history":[{"count":2,"href":"https:\/\/radiorevelacionfm.cl\/index.php?rest_route=\/wp\/v2\/posts\/22070\/revisions"}],"predecessor-version":[{"id":22073,"href":"https:\/\/radiorevelacionfm.cl\/index.php?rest_route=\/wp\/v2\/posts\/22070\/revisions\/22073"}],"wp:featuredmedia":[{"embeddable":true,"href":"https:\/\/radiorevelacionfm.cl\/index.php?rest_route=\/wp\/v2\/media\/22071"}],"wp:attachment":[{"href":"https:\/\/radiorevelacionfm.cl\/index.php?rest_route=%2Fwp%2Fv2%2Fmedia&parent=22070"}],"wp:term":[{"taxonomy":"category","embeddable":true,"href":"https:\/\/radiorevelacionfm.cl\/index.php?rest_route=%2Fwp%2Fv2%2Fcategories&post=22070"},{"taxonomy":"post_tag","embeddable":true,"href":"https:\/\/radiorevelacionfm.cl\/index.php?rest_route=%2Fwp%2Fv2%2Ftags&post=22070"}],"curies":[{"name":"wp","href":"https:\/\/api.w.org\/{rel}","templated":true}]}}