{"id":22065,"date":"2022-09-22T12:09:53","date_gmt":"2022-09-22T15:09:53","guid":{"rendered":"https:\/\/radiorevelacionfm.cl\/?p=22065"},"modified":"2022-09-22T12:09:53","modified_gmt":"2022-09-22T15:09:53","slug":"minvu-realiza-simulacro-de-emergencia-e-instala-capacidades-de-reaccion-ante-eventuales-desastres","status":"publish","type":"post","link":"https:\/\/radiorevelacionfm.cl\/?p=22065","title":{"rendered":"Minvu realiza simulacro de emergencia e instala capacidades de reacci\u00f3n ante eventuales desastres"},"content":{"rendered":"<div class=\"flex_column av_one_full  flex_column_div av-zero-column-padding first  avia-builder-el-0  el_before_av_one_full  avia-builder-el-first  \" style='border-radius:0px; '><div  class='avia-image-container  av-styling-    avia-builder-el-1  avia-builder-el-no-sibling  avia-align-center '  itemprop=\"image\" itemscope=\"itemscope\" itemtype=\"https:\/\/schema.org\/ImageObject\"  ><div class='avia-image-container-inner'><div class='avia-image-overlay-wrap'><img decoding=\"async\" class='wp-image-22066 avia-img-lazy-loading-not-22066 avia_image' src=\"https:\/\/radiorevelacionfm.cl\/wp-content\/uploads\/2022\/09\/seremi-y-vecino-1_optimized-1.jpg\" alt='' title='seremi-y-vecino-(1)_optimized (1)' height=\"600\" width=\"1333\"  itemprop=\"thumbnailUrl\" srcset=\"https:\/\/radiorevelacionfm.cl\/wp-content\/uploads\/2022\/09\/seremi-y-vecino-1_optimized-1.jpg 1333w, https:\/\/radiorevelacionfm.cl\/wp-content\/uploads\/2022\/09\/seremi-y-vecino-1_optimized-1-300x135.jpg 300w, https:\/\/radiorevelacionfm.cl\/wp-content\/uploads\/2022\/09\/seremi-y-vecino-1_optimized-1-1030x464.jpg 1030w, https:\/\/radiorevelacionfm.cl\/wp-content\/uploads\/2022\/09\/seremi-y-vecino-1_optimized-1-768x346.jpg 768w, https:\/\/radiorevelacionfm.cl\/wp-content\/uploads\/2022\/09\/seremi-y-vecino-1_optimized-1-705x317.jpg 705w, https:\/\/radiorevelacionfm.cl\/wp-content\/uploads\/2022\/09\/seremi-y-vecino-1_optimized-1-600x270.jpg 600w\" sizes=\"(max-width: 1333px) 100vw, 1333px\" \/><\/div><\/div><\/div><\/div><div class=\"flex_column av_one_full  flex_column_div av-zero-column-padding first  avia-builder-el-2  el_after_av_one_full  el_before_av_one_full  column-top-margin\" style='border-radius:0px; '><section class=\"av_textblock_section \"  itemscope=\"itemscope\" itemtype=\"https:\/\/schema.org\/BlogPosting\" itemprop=\"blogPost\" ><div class='avia_textblock  '   itemprop=\"text\" ><p style=\"text-align: center;\"><span style=\"font-size: 18pt;\"><strong>Minvu realiza simulacro de emergencia e instala capacidades de reacci\u00f3n ante eventuales desastres<\/strong><\/span><\/p>\n<div id=\"gtx-trans\" style=\"position: absolute; left: -50px; top: 4.31534px;\">\n<div class=\"gtx-trans-icon\"><\/div>\n<\/div>\n<\/div><\/section><\/div><div class=\"flex_column av_one_full  flex_column_div av-zero-column-padding first  avia-builder-el-4  el_after_av_one_full  el_before_av_hr  column-top-margin\" style='border-radius:0px; '><section class=\"av_textblock_section \"  itemscope=\"itemscope\" itemtype=\"https:\/\/schema.org\/BlogPosting\" itemprop=\"blogPost\" ><div class='avia_textblock  '   itemprop=\"text\" ><p style=\"text-align: justify;\">La actividad, que cont\u00f3 con la participaci\u00f3n de la Onemi y la coordinaci\u00f3n de la Comisi\u00f3n de Reducci\u00f3n de Riesgo de Desastres y Reconstrucci\u00f3n del Ministerio de Vivienda, se realiz\u00f3 en la poblaci\u00f3n V\u00edctor Domingo Silva, zona de potencial riesgo, ya que durante el siglo pasado hubo varios aluviones que afectaron a esa zona de la capital.<\/p>\n<p style=\"text-align: justify;\">La memoria es fr\u00e1gil. Corr\u00eda el a\u00f1o 1966 y a mediados de mayo, un temporal dejar\u00eda huellas indelebles en la memoria de miles de coyhaiquinos. Un aluvi\u00f3n baj\u00f3 por la quebrada Divisadero y arras\u00f3 con las viviendas que exist\u00edan en esa \u00e9poca en la actual poblaci\u00f3n V\u00edctor Domingo Silva.<\/p>\n<p style=\"text-align: justify;\">Lorenzo Mart\u00ednez, quien actualmente vive cerca del parque V\u00edctor Jara (ex Las Lumas), recuerda perfectamente ese d\u00eda, aunque s\u00f3lo ten\u00eda 7 a\u00f1os. \u201cSe derrumb\u00f3 parte del cerro Mackay e hizo enormes hoyos, muy profundos. Vino un derrumbe con piedras y barro, todo un aluvi\u00f3n. Me acuerdo muy bien porque ese a\u00f1o, mi padre era camionero y era casi el \u00fanico que ten\u00eda un cami\u00f3n nuevo y tuvo que ayudar a sacar la gente, junto con los bomberos\u201d.<\/p>\n<p style=\"text-align: justify;\">\u201cNo se pudo dormir en toda la noche durante unos 2 o 3 d\u00edas, por lo menos, porque se llev\u00f3 parte de la poblaci\u00f3n que hab\u00eda, que eran muy pocas casas la verdad, pero se las llev\u00f3 y le hizo huecos profundos en los sitios que estaban preparados para sembrar, entonces esta parte de la ciudad, la V\u00edctor Domingo Silva qued\u00f3 muy destruida\u201d, recuerda Lorenzo Mart\u00ednez, mientras funcionarios del Ministerio de Vivienda catastraban su hogar, en medio de un operativo de simulacro de desastre, actividad que cont\u00f3 con la participaci\u00f3n de la Onemi y la coordinaci\u00f3n de la Comisi\u00f3n de Reducci\u00f3n de Riesgo de Desastres y Reconstrucci\u00f3n del Ministerio de Vivienda, la Seremi del ramo y el Servicio de Vivienda y Urbanizaci\u00f3n (Serviu).<\/p>\n<p style=\"text-align: justify;\">Magdalena Radrig\u00e1n, encargada nacional de la Comisi\u00f3n de Reducci\u00f3n de Riesgo de Desastres y Reconstrucci\u00f3n del Ministerio de Vivienda explic\u00f3 que este simulacro est\u00e1 orientado \u201ca preparar a los equipos t\u00e9cnicos y sociales de la Regi\u00f3n, para poder responder en caso que se presente alg\u00fan desastre y que puedan incorporar los funcionarios y funcionarias los elementos t\u00e9cnicos y conceptuales de la gesti\u00f3n de desastres y entender, particularmente, el rol del Minvu en los procesos de evaluaci\u00f3n t\u00e9cnica a la hora de realizar los catastros de las viviendas que han sido afectadas por alg\u00fan desastre en particular\u201d.<\/p>\n<p style=\"text-align: justify;\">En tanto, la Seremi de Vivienda, Paulina Ruz, valor\u00f3 que se activara este protocolo de emergencia ya que \u201ces relevante que como Ministerio actuemos de manera consciente, pero tambi\u00e9n coordinada, entendiendo que no estamos ajenos a una cat\u00e1strofe , frente a una situaci\u00f3n compleja que escape de la mano del hombre, pero s\u00ed tenemos que tener la capacidad de poder reaccionar frente a esto de manera coordinada y organizada con los equipos y, por supuesto, tener mucho cuidado con el trato que se les da a las familias ante este tipo de hechos\u201d.<\/p>\n<p style=\"text-align: justify;\">Sidi Bravo, director regional de Onemi, valor\u00f3 la activaci\u00f3n realizada por el Ministerio de Vivienda, ya que asegur\u00f3 que \u201chacer un simulacro de desastre en terreno y de manera real, es sumamente importante, porque vamos haciendo un cambio cultural, donde la gente vaya entendiendo que la prevenci\u00f3n en todas sus fases, tambi\u00e9n se vayan adecuando y vayamos produciendo en las comunidades la resiliencia de que estamos en zonas que pueden ser afectadas y por lo tanto hay que prepararnos y hay que actuar con prontitud ante la comunidad y ellos van absorbiendo estas capacidades\u201d.<\/p>\n<p style=\"text-align: justify;\">Hay que mencionar que el protocolo de emergencias determina que el Ministerio de Vivienda se involucra reci\u00e9n en la tercera etapa de acci\u00f3n, dejando en la primera a los equipos de salud, bomberos y fuerzas de seguridad, para asegurar la vida de los afectados; en la segunda la reacci\u00f3n de las unidades encargadas de garantizar que las necesidades b\u00e1sicas sean subsanadas y despu\u00e9s, en la tercera etapa, entra el Minvu en el catastro de viviendas, ejercicio que se realiz\u00f3 en esta oportunidad.<\/p>\n<p style=\"text-align: justify;\">Seg\u00fan los registros, las quebradas del cord\u00f3n Divisadero, han tenido aluviones en los a\u00f1os 1928, 1934, 1956, el citado del a\u00f1o 66, en 1977 y en diciembre del a\u00f1o 1985, sin embargo, las obras de mitigaci\u00f3n que se han realizado impiden que la situaci\u00f3n se descontrole. En ese sentido, Lorenzo Mart\u00ednez, quien vive en esta zona de eventual riesgo, dice estar tranquilo. \u201cNo me asusta que vuelva a pasar, porque s\u00e9 que est\u00e1 muy protegida la zona. Se hicieron muchas construcciones y canales de retenci\u00f3n\u201d, finaliza confiado el vecino de la poblaci\u00f3n V\u00edctor Domingo Silva.<\/p>\n<\/div><\/section><\/div><div  style='height:50px' class='hr hr-invisible   avia-builder-el-6  el_after_av_one_full  el_before_av_social_share '><span class='hr-inner ' ><span class='hr-inner-style'><\/span><\/span><\/div><\/p>\n<div  class='av-social-sharing-box  avia-builder-el-7  el_after_av_hr  el_before_av_hr  '><div class='av-share-box'><h5 class='av-share-link-description av-no-toc '>Compartir esta noticia<\/h5><ul class='av-share-box-list noLightbox'><li class='av-share-link av-social-link-facebook' ><a target=\"_blank\" aria-label=\"Compartir en Facebook\" href='https:\/\/www.facebook.com\/sharer.php?u=https:\/\/radiorevelacionfm.cl\/?p=22065&#038;t=Minvu%20realiza%20simulacro%20de%20emergencia%20e%20instala%20capacidades%20de%20reacci%C3%B3n%20ante%20eventuales%20desastres' aria-hidden='false' data-av_icon='\ue8f3' data-av_iconfont='entypo-fontello' title='' data-avia-related-tooltip='Compartir en Facebook' rel=\"noopener\"><span class='avia_hidden_link_text'>Compartir en Facebook<\/span><\/a><\/li><li class='av-share-link av-social-link-twitter' ><a target=\"_blank\" aria-label=\"Compartir en Twitter\" href='https:\/\/twitter.com\/share?text=Minvu%20realiza%20simulacro%20de%20emergencia%20e%20instala%20capacidades%20de%20reacci%C3%B3n%20ante%20eventuales%20desastres&#038;url=https:\/\/radiorevelacionfm.cl\/?p=22065' aria-hidden='false' data-av_icon='\ue8f1' data-av_iconfont='entypo-fontello' title='' data-avia-related-tooltip='Compartir en Twitter' rel=\"noopener\"><span class='avia_hidden_link_text'>Compartir en Twitter<\/span><\/a><\/li><li class='av-share-link av-social-link-whatsapp' ><a target=\"_blank\" aria-label=\"Compartir en Whatsapp\" href='https:\/\/api.whatsapp.com\/send?text=https:\/\/radiorevelacionfm.cl\/?p=22065' aria-hidden='false' data-av_icon='\uf232' data-av_iconfont='entypo-fontello' title='' data-avia-related-tooltip='Compartir en Whatsapp' rel=\"noopener\"><span class='avia_hidden_link_text'>Compartir en Whatsapp<\/span><\/a><\/li><li class='av-share-link av-social-link-linkedin' ><a target=\"_blank\" aria-label=\"Compartir en LinkedIn\" href='https:\/\/linkedin.com\/shareArticle?mini=true&#038;title=Minvu%20realiza%20simulacro%20de%20emergencia%20e%20instala%20capacidades%20de%20reacci%C3%B3n%20ante%20eventuales%20desastres&#038;url=https:\/\/radiorevelacionfm.cl\/?p=22065' aria-hidden='false' data-av_icon='\ue8fc' data-av_iconfont='entypo-fontello' title='' data-avia-related-tooltip='Compartir en LinkedIn' rel=\"noopener\"><span class='avia_hidden_link_text'>Compartir en LinkedIn<\/span><\/a><\/li><li class='av-share-link av-social-link-mail' ><a  aria-label=\"Compartir por correo\" href='mailto:?subject=Minvu%20realiza%20simulacro%20de%20emergencia%20e%20instala%20capacidades%20de%20reacci%C3%B3n%20ante%20eventuales%20desastres&#038;body=https:\/\/radiorevelacionfm.cl\/?p=22065' aria-hidden='false' data-av_icon='\ue805' data-av_iconfont='entypo-fontello' title='' data-avia-related-tooltip='Compartir por correo'><span class='avia_hidden_link_text'>Compartir por correo<\/span><\/a><\/li><\/ul><\/div><\/div>\n<div  style='height:50px' class='hr hr-invisible   avia-builder-el-8  el_after_av_social_share  el_before_av_comments_list '><span class='hr-inner ' ><span class='hr-inner-style'><\/span><\/span><\/div>\n<div  class='av-buildercomment  av-blog-meta-html-info-disabled av-blog-meta-tag-disabled  '><\/div>\n","protected":false},"excerpt":{"rendered":"","protected":false},"author":1,"featured_media":22066,"comment_status":"open","ping_status":"open","sticky":false,"template":"","format":"standard","meta":{"footnotes":""},"categories":[38],"tags":[],"class_list":["post-22065","post","type-post","status-publish","format-standard","has-post-thumbnail","hentry","category-regional"],"jetpack_featured_media_url":"https:\/\/radiorevelacionfm.cl\/wp-content\/uploads\/2022\/09\/seremi-y-vecino-1_optimized-1.jpg","_links":{"self":[{"href":"https:\/\/radiorevelacionfm.cl\/index.php?rest_route=\/wp\/v2\/posts\/22065","targetHints":{"allow":["GET"]}}],"collection":[{"href":"https:\/\/radiorevelacionfm.cl\/index.php?rest_route=\/wp\/v2\/posts"}],"about":[{"href":"https:\/\/radiorevelacionfm.cl\/index.php?rest_route=\/wp\/v2\/types\/post"}],"author":[{"embeddable":true,"href":"https:\/\/radiorevelacionfm.cl\/index.php?rest_route=\/wp\/v2\/users\/1"}],"replies":[{"embeddable":true,"href":"https:\/\/radiorevelacionfm.cl\/index.php?rest_route=%2Fwp%2Fv2%2Fcomments&post=22065"}],"version-history":[{"count":2,"href":"https:\/\/radiorevelacionfm.cl\/index.php?rest_route=\/wp\/v2\/posts\/22065\/revisions"}],"predecessor-version":[{"id":22069,"href":"https:\/\/radiorevelacionfm.cl\/index.php?rest_route=\/wp\/v2\/posts\/22065\/revisions\/22069"}],"wp:featuredmedia":[{"embeddable":true,"href":"https:\/\/radiorevelacionfm.cl\/index.php?rest_route=\/wp\/v2\/media\/22066"}],"wp:attachment":[{"href":"https:\/\/radiorevelacionfm.cl\/index.php?rest_route=%2Fwp%2Fv2%2Fmedia&parent=22065"}],"wp:term":[{"taxonomy":"category","embeddable":true,"href":"https:\/\/radiorevelacionfm.cl\/index.php?rest_route=%2Fwp%2Fv2%2Fcategories&post=22065"},{"taxonomy":"post_tag","embeddable":true,"href":"https:\/\/radiorevelacionfm.cl\/index.php?rest_route=%2Fwp%2Fv2%2Ftags&post=22065"}],"curies":[{"name":"wp","href":"https:\/\/api.w.org\/{rel}","templated":true}]}}