{"id":22059,"date":"2022-09-22T10:01:21","date_gmt":"2022-09-22T13:01:21","guid":{"rendered":"https:\/\/radiorevelacionfm.cl\/?p=22059"},"modified":"2022-09-22T10:01:21","modified_gmt":"2022-09-22T13:01:21","slug":"coyhaique-detectives-y-fiscales-se-capacitan-en-combate-al-crimen-organizado","status":"publish","type":"post","link":"https:\/\/radiorevelacionfm.cl\/?p=22059","title":{"rendered":"Coyhaique: Detectives y fiscales se capacitan en combate al crimen organizado"},"content":{"rendered":"<div class=\"flex_column av_one_full  flex_column_div av-zero-column-padding first  avia-builder-el-0  el_before_av_one_full  avia-builder-el-first  \" style='border-radius:0px; '><div  class='avia-image-container  av-styling-    avia-builder-el-1  avia-builder-el-no-sibling  avia-align-center '  itemprop=\"image\" itemscope=\"itemscope\" itemtype=\"https:\/\/schema.org\/ImageObject\"  ><div class='avia-image-container-inner'><div class='avia-image-overlay-wrap'><img decoding=\"async\" class='wp-image-22060 avia-img-lazy-loading-not-22060 avia_image' src=\"https:\/\/radiorevelacionfm.cl\/wp-content\/uploads\/2022\/09\/5O2A9741-1-1.jpg\" alt='' title='5O2A9741 (1) (1)' height=\"600\" width=\"900\"  itemprop=\"thumbnailUrl\" srcset=\"https:\/\/radiorevelacionfm.cl\/wp-content\/uploads\/2022\/09\/5O2A9741-1-1.jpg 900w, https:\/\/radiorevelacionfm.cl\/wp-content\/uploads\/2022\/09\/5O2A9741-1-1-300x200.jpg 300w, https:\/\/radiorevelacionfm.cl\/wp-content\/uploads\/2022\/09\/5O2A9741-1-1-768x512.jpg 768w, https:\/\/radiorevelacionfm.cl\/wp-content\/uploads\/2022\/09\/5O2A9741-1-1-705x470.jpg 705w, https:\/\/radiorevelacionfm.cl\/wp-content\/uploads\/2022\/09\/5O2A9741-1-1-600x400.jpg 600w\" sizes=\"(max-width: 900px) 100vw, 900px\" \/><\/div><\/div><\/div><\/div><div class=\"flex_column av_one_full  flex_column_div av-zero-column-padding first  avia-builder-el-2  el_after_av_one_full  el_before_av_one_full  column-top-margin\" style='border-radius:0px; '><section class=\"av_textblock_section \"  itemscope=\"itemscope\" itemtype=\"https:\/\/schema.org\/BlogPosting\" itemprop=\"blogPost\" ><div class='avia_textblock  '   itemprop=\"text\" ><p style=\"text-align: center;\"><span style=\"font-size: 18pt;\"><strong>Coyhaique: Detectives y fiscales se capacitan en combate al crimen organizado<\/strong><\/span><\/p>\n<div id=\"gtx-trans\" style=\"position: absolute; left: -50px; top: 4.31534px;\">\n<div class=\"gtx-trans-icon\"><\/div>\n<\/div>\n<\/div><\/section><\/div><div class=\"flex_column av_one_full  flex_column_div av-zero-column-padding first  avia-builder-el-4  el_after_av_one_full  el_before_av_hr  column-top-margin\" style='border-radius:0px; '><section class=\"av_textblock_section \"  itemscope=\"itemscope\" itemtype=\"https:\/\/schema.org\/BlogPosting\" itemprop=\"blogPost\" ><div class='avia_textblock  '   itemprop=\"text\" ><p style=\"text-align: justify;\">Expusieron especialistas de la PDI y el Ministerio P\u00fablico para compartir experiencias y preparar a quienes se desempe\u00f1an en la zona austral.<\/p>\n<p style=\"text-align: justify;\">Ante la creciente preocupaci\u00f3n sobre los fen\u00f3menos emergentes transnacionales y la potencial extensi\u00f3n de organizaciones criminales internacionales por el territorio nacional, la Regi\u00f3n Policial de Ays\u00e9n de la Polic\u00eda de Investigaciones de Chile, en colaboraci\u00f3n con la Fiscal\u00eda Regional, desarroll\u00f3 el Primer Seminario \u201cExperiencia Comparada: Delincuencia Transnacional y Crimen Organizado\u201d.<\/p>\n<p style=\"text-align: justify;\">Durante la jornada que se llev\u00f3 a cabo los d\u00edas 13 y 14 de septiembre, m\u00e1s de 80 detectives y fiscales compartieron conocimientos y buenas pr\u00e1cticas policiales y penales en materia del combate a la delincuencia organizada transnacional.<\/p>\n<p style=\"text-align: justify;\">Al igual que en el resto del pa\u00eds, la Regi\u00f3n de Ays\u00e9n -y, en particular toda la zona sur y austral- posee extensos l\u00edmites fronterizos con pasos controlados, pero tambi\u00e9n gran cantidad de pasos no habilitados que podr\u00edan ser una amenaza para la seguridad p\u00fablica en la Patagonia. En ese sentido, en Ays\u00e9n se est\u00e1n levantado las alertas y generando las articulaciones interinstitucionales necesarias para enfrentar el crimen organizado transnacional de manera coordinada con el personal que se desempe\u00f1a en las regiones adyacentes.<\/p>\n<p style=\"text-align: justify;\">As\u00ed, en la actividad acad\u00e9mica participaron detectives de las regiones de Los R\u00edos, Los Lagos, Ays\u00e9n y Magallanes con el fin de fortalecer las t\u00e9cnicas investigativas de estos fen\u00f3menos criminales en el extremo austral del pa\u00eds. Adem\u00e1s, se convoc\u00f3 a fiscales de la regi\u00f3n para robustecer los conocimientos y tipolog\u00edas sobre investigaciones contra el crimen organizado transnacional.<\/p>\n<p style=\"text-align: justify;\">Al respecto, el Jefe de la Regi\u00f3n Policial de Ays\u00e9n, prefecto Delf\u00edn Olgu\u00edn, se\u00f1al\u00f3 que \u201ccomo detectives tenemos que estar preparados ante los fen\u00f3menos emergentes y no podemos estar ajenos a la realidad que est\u00e1 afectando a nuestro pa\u00eds. Por eso, hemos querido sumar los conocimientos y herramientas necesarias de diferentes expertos a nivel nacional para estar cada vez m\u00e1s a la vanguardia en torno al combate de la criminalidad organizada en la Patagonia chilena\u201d.<\/p>\n<p style=\"text-align: justify;\">Por su parte, el Fiscal Regional, Carlos Palma, indic\u00f3 que \u201ccompartir experiencias nacionales sobre investigaciones y persecuci\u00f3n penal de los delitos de tr\u00e1fico de drogas, crimen organizado y delitos transnacionales resulta de la mayor importancia. Debemos actualizarnos, compartir experiencias, mejorar pr\u00e1cticas y aprender de las desarrolladas en otras partes del territorio para combatir eficazmente el crimen organizado\u201d.<\/p>\n<p style=\"text-align: justify;\">Durante el lanzamiento del seminario asistieron autoridades regionales y de distintos servicios relacionados que trabajan colaborativamente con la PDI y Fiscal\u00eda en distintos procedimientos y acciones a nivel regional. As\u00ed, el Delegado Presidencial Regional, Rodrigo Araya, afirm\u00f3 que \u201ceste seminario de PDI y Fiscal\u00eda que convoc\u00f3 a detectives de cuatro regiones de nuestro pa\u00eds en la zona sur es tremendamente relevante para compartir experiencias y mejorar las estrategias que tenemos para combatir los delitos, fortaleciendo la seguridad ciudadana\u201d.<\/p>\n<p style=\"text-align: justify;\">En la oportunidad, expusieron especialistas de la PDI y el Ministerio P\u00fablico desde cada uno de sus \u00e1mbitos de acci\u00f3n para compartir sus experiencias, especialmente del norte del pa\u00eds, y preparar a quienes se desempe\u00f1an en la zona austral desde diferentes especialidades para enfrentar este fen\u00f3meno multidimensional.<\/p>\n<p style=\"text-align: justify;\">As\u00ed, el Fiscal Regional de Tarapac\u00e1, Ra\u00fal Arancibia, abord\u00f3 las \u201cBrechas y oportunidades para la persecuci\u00f3n penal de la delincuencia transnacional: Una visi\u00f3n desde una zona tripartita\u201d; el Jefe Brigada Investigadora de Lavado de Activos de la PDI, subprefecto Johny Fica, expuso sobre \u201cCrimen organizado y el nuevo paradigma del lavado de activos\u201d; el jefe de la Unidad Especializada en Tr\u00e1fico Il\u00edcito de Estupefacientes y Sustancias Sicotr\u00f3picas de la Fiscal\u00eda Nacional, Luis Toledo, present\u00f3 sobre los \u201cC\u00e1rteles transnacionales en Chile: Una visi\u00f3n desde el Observatorio de Crimen Organizado\u201d; el Jefe del \u00c1rea de Inteligencia Antinarc\u00f3ticos de la PDI, subprefecto Javier Valenzuela, habl\u00f3 sobre \u201cCriminalidad organizada venezolana en Chile: origen, llegada, actualidad y proyecci\u00f3n\u201d; la Fiscal jefa del Sistema de An\u00e1lisis Criminal y Focos Investigativos de la Fiscal\u00eda de Tarapac\u00e1, Paola Apablaza, exhibi\u00f3 \u201cTr\u00e1fico de armas y drogas por v\u00eda mar\u00edtima: Avances investigativos y coordinaci\u00f3n intersectorial\u201d; y, finalmente, el jefe Brigada Investigadora de Trata de Personas Metropolitana de la PDI, subprefecto Jos\u00e9 Contreras, profundiz\u00f3 en la \u201cSituaci\u00f3n actual en la frontera: Tr\u00e1fico il\u00edcito de migrantes y delitos asociados\u201d.<\/p>\n<p style=\"text-align: justify;\">Para la PDI y la Fiscal\u00eda estas jornadas fueron exitosas, tanto por su convocatoria como por los resultados, donde detectives y fiscales de la Patagonia chilena pudieron interiorizarse de aquellos casos donde las investigaciones han permitido obtener \u00f3ptimos resultados en el combate a los delitos transfronterizos.<\/p>\n<\/div><\/section><\/div><div  style='height:50px' class='hr hr-invisible   avia-builder-el-6  el_after_av_one_full  el_before_av_social_share '><span class='hr-inner ' ><span class='hr-inner-style'><\/span><\/span><\/div><\/p>\n<div  class='av-social-sharing-box  avia-builder-el-7  el_after_av_hr  el_before_av_hr  '><div class='av-share-box'><h5 class='av-share-link-description av-no-toc '>Compartir esta noticia<\/h5><ul class='av-share-box-list noLightbox'><li class='av-share-link av-social-link-facebook' ><a target=\"_blank\" aria-label=\"Compartir en Facebook\" href='https:\/\/www.facebook.com\/sharer.php?u=https:\/\/radiorevelacionfm.cl\/?p=22059&#038;t=Coyhaique%3A%20Detectives%20y%20fiscales%20se%20capacitan%20en%20combate%20al%20crimen%20organizado' aria-hidden='false' data-av_icon='\ue8f3' data-av_iconfont='entypo-fontello' title='' data-avia-related-tooltip='Compartir en Facebook' rel=\"noopener\"><span class='avia_hidden_link_text'>Compartir en Facebook<\/span><\/a><\/li><li class='av-share-link av-social-link-twitter' ><a target=\"_blank\" aria-label=\"Compartir en Twitter\" href='https:\/\/twitter.com\/share?text=Coyhaique%3A%20Detectives%20y%20fiscales%20se%20capacitan%20en%20combate%20al%20crimen%20organizado&#038;url=https:\/\/radiorevelacionfm.cl\/?p=22059' aria-hidden='false' data-av_icon='\ue8f1' data-av_iconfont='entypo-fontello' title='' data-avia-related-tooltip='Compartir en Twitter' rel=\"noopener\"><span class='avia_hidden_link_text'>Compartir en Twitter<\/span><\/a><\/li><li class='av-share-link av-social-link-whatsapp' ><a target=\"_blank\" aria-label=\"Compartir en Whatsapp\" href='https:\/\/api.whatsapp.com\/send?text=https:\/\/radiorevelacionfm.cl\/?p=22059' aria-hidden='false' data-av_icon='\uf232' data-av_iconfont='entypo-fontello' title='' data-avia-related-tooltip='Compartir en Whatsapp' rel=\"noopener\"><span class='avia_hidden_link_text'>Compartir en Whatsapp<\/span><\/a><\/li><li class='av-share-link av-social-link-linkedin' ><a target=\"_blank\" aria-label=\"Compartir en LinkedIn\" href='https:\/\/linkedin.com\/shareArticle?mini=true&#038;title=Coyhaique%3A%20Detectives%20y%20fiscales%20se%20capacitan%20en%20combate%20al%20crimen%20organizado&#038;url=https:\/\/radiorevelacionfm.cl\/?p=22059' aria-hidden='false' data-av_icon='\ue8fc' data-av_iconfont='entypo-fontello' title='' data-avia-related-tooltip='Compartir en LinkedIn' rel=\"noopener\"><span class='avia_hidden_link_text'>Compartir en LinkedIn<\/span><\/a><\/li><li class='av-share-link av-social-link-mail' ><a  aria-label=\"Compartir por correo\" href='mailto:?subject=Coyhaique%3A%20Detectives%20y%20fiscales%20se%20capacitan%20en%20combate%20al%20crimen%20organizado&#038;body=https:\/\/radiorevelacionfm.cl\/?p=22059' aria-hidden='false' data-av_icon='\ue805' data-av_iconfont='entypo-fontello' title='' data-avia-related-tooltip='Compartir por correo'><span class='avia_hidden_link_text'>Compartir por correo<\/span><\/a><\/li><\/ul><\/div><\/div>\n<div  style='height:50px' class='hr hr-invisible   avia-builder-el-8  el_after_av_social_share  el_before_av_comments_list '><span class='hr-inner ' ><span class='hr-inner-style'><\/span><\/span><\/div>\n<div  class='av-buildercomment  av-blog-meta-html-info-disabled av-blog-meta-tag-disabled  '><\/div>\n","protected":false},"excerpt":{"rendered":"","protected":false},"author":1,"featured_media":22060,"comment_status":"open","ping_status":"open","sticky":false,"template":"","format":"standard","meta":{"footnotes":""},"categories":[36],"tags":[],"class_list":["post-22059","post","type-post","status-publish","format-standard","has-post-thumbnail","hentry","category-policial"],"jetpack_featured_media_url":"https:\/\/radiorevelacionfm.cl\/wp-content\/uploads\/2022\/09\/5O2A9741-1-1.jpg","_links":{"self":[{"href":"https:\/\/radiorevelacionfm.cl\/index.php?rest_route=\/wp\/v2\/posts\/22059","targetHints":{"allow":["GET"]}}],"collection":[{"href":"https:\/\/radiorevelacionfm.cl\/index.php?rest_route=\/wp\/v2\/posts"}],"about":[{"href":"https:\/\/radiorevelacionfm.cl\/index.php?rest_route=\/wp\/v2\/types\/post"}],"author":[{"embeddable":true,"href":"https:\/\/radiorevelacionfm.cl\/index.php?rest_route=\/wp\/v2\/users\/1"}],"replies":[{"embeddable":true,"href":"https:\/\/radiorevelacionfm.cl\/index.php?rest_route=%2Fwp%2Fv2%2Fcomments&post=22059"}],"version-history":[{"count":2,"href":"https:\/\/radiorevelacionfm.cl\/index.php?rest_route=\/wp\/v2\/posts\/22059\/revisions"}],"predecessor-version":[{"id":22063,"href":"https:\/\/radiorevelacionfm.cl\/index.php?rest_route=\/wp\/v2\/posts\/22059\/revisions\/22063"}],"wp:featuredmedia":[{"embeddable":true,"href":"https:\/\/radiorevelacionfm.cl\/index.php?rest_route=\/wp\/v2\/media\/22060"}],"wp:attachment":[{"href":"https:\/\/radiorevelacionfm.cl\/index.php?rest_route=%2Fwp%2Fv2%2Fmedia&parent=22059"}],"wp:term":[{"taxonomy":"category","embeddable":true,"href":"https:\/\/radiorevelacionfm.cl\/index.php?rest_route=%2Fwp%2Fv2%2Fcategories&post=22059"},{"taxonomy":"post_tag","embeddable":true,"href":"https:\/\/radiorevelacionfm.cl\/index.php?rest_route=%2Fwp%2Fv2%2Ftags&post=22059"}],"curies":[{"name":"wp","href":"https:\/\/api.w.org\/{rel}","templated":true}]}}