{"id":22055,"date":"2022-09-21T19:00:08","date_gmt":"2022-09-21T22:00:08","guid":{"rendered":"https:\/\/radiorevelacionfm.cl\/?p=22055"},"modified":"2022-09-21T19:00:08","modified_gmt":"2022-09-21T22:00:08","slug":"carabineros-de-puerto-aysen-detuvo-a-cuatro-personas-por-abigeato","status":"publish","type":"post","link":"https:\/\/radiorevelacionfm.cl\/?p=22055","title":{"rendered":"Carabineros de Puerto Ays\u00e9n detuvo a cuatro personas por abigeato"},"content":{"rendered":"<div class=\"flex_column av_one_full  flex_column_div av-zero-column-padding first  avia-builder-el-0  el_before_av_one_full  avia-builder-el-first  \" style='border-radius:0px; '><div  class='avia-image-container  av-styling-    avia-builder-el-1  avia-builder-el-no-sibling  avia-align-center '  itemprop=\"image\" itemscope=\"itemscope\" itemtype=\"https:\/\/schema.org\/ImageObject\"  ><div class='avia-image-container-inner'><div class='avia-image-overlay-wrap'><img decoding=\"async\" class='wp-image-22056 avia-img-lazy-loading-not-22056 avia_image' src=\"https:\/\/radiorevelacionfm.cl\/wp-content\/uploads\/2022\/09\/00655d1a-089b-4344-8a8e-9abb614026c6-1-1.jpg\" alt='' title='00655d1a-089b-4344-8a8e-9abb614026c6 (1) (1)' height=\"600\" width=\"900\"  itemprop=\"thumbnailUrl\" srcset=\"https:\/\/radiorevelacionfm.cl\/wp-content\/uploads\/2022\/09\/00655d1a-089b-4344-8a8e-9abb614026c6-1-1.jpg 900w, https:\/\/radiorevelacionfm.cl\/wp-content\/uploads\/2022\/09\/00655d1a-089b-4344-8a8e-9abb614026c6-1-1-300x200.jpg 300w, https:\/\/radiorevelacionfm.cl\/wp-content\/uploads\/2022\/09\/00655d1a-089b-4344-8a8e-9abb614026c6-1-1-768x512.jpg 768w, https:\/\/radiorevelacionfm.cl\/wp-content\/uploads\/2022\/09\/00655d1a-089b-4344-8a8e-9abb614026c6-1-1-705x470.jpg 705w, https:\/\/radiorevelacionfm.cl\/wp-content\/uploads\/2022\/09\/00655d1a-089b-4344-8a8e-9abb614026c6-1-1-600x400.jpg 600w\" sizes=\"(max-width: 900px) 100vw, 900px\" \/><\/div><\/div><\/div><\/div><div class=\"flex_column av_one_full  flex_column_div av-zero-column-padding first  avia-builder-el-2  el_after_av_one_full  el_before_av_one_full  column-top-margin\" style='border-radius:0px; '><section class=\"av_textblock_section \"  itemscope=\"itemscope\" itemtype=\"https:\/\/schema.org\/BlogPosting\" itemprop=\"blogPost\" ><div class='avia_textblock  '   itemprop=\"text\" ><p style=\"text-align: center;\"><span style=\"font-size: 18pt;\"><b>Carabineros de Puerto Ays\u00e9n detuvo a cuatro personas por abigeato<\/b><\/span><\/p>\n<div id=\"gtx-trans\" style=\"position: absolute; left: -50px; top: 4.31534px;\">\n<div class=\"gtx-trans-icon\"><\/div>\n<\/div>\n<\/div><\/section><\/div><div class=\"flex_column av_one_full  flex_column_div av-zero-column-padding first  avia-builder-el-4  el_after_av_one_full  el_before_av_hr  column-top-margin\" style='border-radius:0px; '><section class=\"av_textblock_section \"  itemscope=\"itemscope\" itemtype=\"https:\/\/schema.org\/BlogPosting\" itemprop=\"blogPost\" ><div class='avia_textblock  '   itemprop=\"text\" ><p class=\"v1MsoNormal\" style=\"text-align: justify;\">Un patrullaje preventivo efectuado por parte de Carabineros de la 2da. Comisar\u00eda de Puerto Ays\u00e9n, permiti\u00f3 la detenci\u00f3n de cuatro personas -uno con antecedentes anteriores- quienes fueron aprehendidos por el delito de abigeato y por mantener en su poder elementos para la comisi\u00f3n de este delito.<\/p>\n<p class=\"v1MsoNormal\" style=\"text-align: justify;\">El hecho fue denunciado de manera oportuna por usuarios de la Ruta CH-240 quienes alertaron al personal indicando haber divisado a personas portando elementos cortantes, en tanto que otro de los individuos manten\u00eda en su poder un elemento similar a una escopeta o rifle, seg\u00fan se\u00f1al\u00f3 uno de los denunciantes.<\/p>\n<p class=\"v1MsoNormal\" style=\"text-align: justify;\">\u00abCarabineros concurre de manera inmediata a verificar esta situaci\u00f3n, ingresan a un sitio eriazo y logran constatar que en ese lugar hab\u00eda diferentes bultos pendiendo de los \u00e1rboles, los cuales correspond\u00edan a elementos c\u00e1rneos que se encontraban en proceso de faenamiento\u00bb, expres\u00f3 el Comisario de Puerto Ays\u00e9n, Mayor Patricio Bustos.<\/p>\n<p class=\"v1MsoNormal\" style=\"text-align: justify;\"><b>Ubican a propietario<\/b><\/p>\n<p class=\"v1MsoNormal\" style=\"text-align: justify;\">El Oficial a\u00f1adi\u00f3 que tras lo anterior se efectu\u00f3 un control de identidad a estas personas, quienes ante las consultas del personal, declinaron entregar antecedentes sobre la procedencia de los animales que se estaban siendo faenados, ante lo cual Carabineros deriv\u00f3 los antecedentes al Ministerio P\u00fablico.<\/p>\n<p class=\"v1MsoNormal\" style=\"text-align: justify;\">\u00abTrabaj\u00f3 en el lugar el Laboratorio de Criminal\u00edstica Institucional (Labocar) como as\u00ed la Secci\u00f3n de Investigaci\u00f3n Policial (S.I.P) de la 2da. Comisar\u00eda y tambi\u00e9n fue requerido el Seremi de Salud para verificar las condiciones en que se encontraba esta carne, como tambi\u00e9n diferentes animales porcinos que se encontraban en el lugar. Fue importante la presencia del SAG, quienes pudieron determinar la identificaci\u00f3n de los animales, los cuales manten\u00edan sus dispositivos (crotales) y a ra\u00edz de eso, se procede a realizar la b\u00fasqueda de sus propietarios\u00bb, precis\u00f3.<\/p>\n<p class=\"v1MsoNormal\" style=\"text-align: justify;\">\u00abEn horas de la ma\u00f1ana a ra\u00edz del proceso investigativo pudimos llegar al propietario y ha realizado la denuncia respectiva ante la Fiscal\u00eda, se\u00f1alando que estos animales hab\u00edan sido sustra\u00eddos hace un tiempo atr\u00e1s\u00bb, indic\u00f3.<\/p>\n<p class=\"v1MsoNormal\" style=\"text-align: justify;\"><b>Trabajo del sitio del suceso<\/b><\/p>\n<p class=\"v1MsoNormal\" style=\"text-align: justify;\">Tras la diligencia, Carabineros se aboc\u00f3 al trabajo del sitio del suceso, efectuando fijaciones del mismo y levantando diversa evidencia de inter\u00e9s criminal\u00edstico y elementos utilizados tales como ganchos, cuchillos, cordeles, pesas y medios de transporte (un cami\u00f3n, dos camionetas y un autom\u00f3vil) empleados para la comisi\u00f3n de este il\u00edcito.<\/p>\n<p class=\"v1MsoNormal\" style=\"text-align: justify;\">En el lugar de los hechos, seg\u00fan estimaciones del SAG, se habr\u00eda encontrado alrededor de 350 kilos de carne pertenecientes a diversas especies de animales, entre los que se encuentran vacunos, ovinos y porcinos.<\/p>\n<p class=\"v1MsoNormal\" style=\"text-align: justify;\">\u00abSe encontraron rifles de aire comprimido, entre otras especies halladas por el Laboratorio de Criminal\u00edstica que va a realizar la investigaci\u00f3n t\u00e9cnico-cient\u00edfica en el laboratorio\u00bb, se\u00f1al\u00f3 el Comisario de Puerto Ays\u00e9n.<\/p>\n<p class=\"v1MsoNormal\" style=\"text-align: justify;\"><b>Mesa de abigeato<\/b><\/p>\n<p class=\"v1MsoNormal\" style=\"text-align: justify;\">Al respecto el Seremi de Agricultura, Alan Espinoza Ortiz, resalt\u00f3 el trabajo colaborativo en conjunto con la Subsecretar\u00eda de Prevenci\u00f3n del Delito a trav\u00e9s de una mesa de abigeato que busca frenar este tipo de delitos que afectan a la peque\u00f1a agricultura familiar campesina<\/p>\n<p class=\"v1MsoNormal\" style=\"text-align: justify;\">\u00abHacemos un llamado a nuestros productores\/as y campesinos a denunciar este delito. Sabemos que existe y creemos que conjuntamente y colaborativamente con las distintas instituciones del estado, poder tratar de abarcarlo en su conjunto (&#8230;) para que estos delitos tengan buen puerto y puedan llegar a procesos y tengan sanci\u00f3n aquellos que lo cometen\u00bb, expres\u00f3 el titular de la cartera en la regi\u00f3n.<\/p>\n<p class=\"v1MsoNormal\" style=\"text-align: justify;\">En esta misma l\u00ednea, el Coordinador de Seguridad P\u00fablica, Crist\u00f3bal Barcel\u00f3, resalt\u00f3 el resultado del trabajo efectuado por Carabineros, instando a los ganaderos al autocuidado.<\/p>\n<p class=\"v1MsoNormal\" style=\"text-align: justify;\">Asimismo indic\u00f3 que la Subsecretar\u00eda de Prevenci\u00f3n del Delito cuenta con un convenio con la Subsecretar\u00eda de Desarrollo Regional de 30 mil millones de pesos para proyectos a nivel nacional, que puede significar que cada municipio en la regi\u00f3n de Ays\u00e9n pueda postular hasta dos proyectos de 75 millones para trabajar iniciales en proyectos de prevenci\u00f3n de delitos.<\/p>\n<\/div><\/section><\/div><div  style='height:50px' class='hr hr-invisible   avia-builder-el-6  el_after_av_one_full  el_before_av_social_share '><span class='hr-inner ' ><span class='hr-inner-style'><\/span><\/span><\/div><\/p>\n<div  class='av-social-sharing-box  avia-builder-el-7  el_after_av_hr  el_before_av_hr  '><div class='av-share-box'><h5 class='av-share-link-description av-no-toc '>Compartir esta noticia<\/h5><ul class='av-share-box-list noLightbox'><li class='av-share-link av-social-link-facebook' ><a target=\"_blank\" aria-label=\"Compartir en Facebook\" href='https:\/\/www.facebook.com\/sharer.php?u=https:\/\/radiorevelacionfm.cl\/?p=22055&#038;t=Carabineros%20de%20Puerto%20Ays%C3%A9n%20detuvo%20a%20cuatro%20personas%20por%20abigeato' aria-hidden='false' data-av_icon='\ue8f3' data-av_iconfont='entypo-fontello' title='' data-avia-related-tooltip='Compartir en Facebook' rel=\"noopener\"><span class='avia_hidden_link_text'>Compartir en Facebook<\/span><\/a><\/li><li class='av-share-link av-social-link-twitter' ><a target=\"_blank\" aria-label=\"Compartir en Twitter\" href='https:\/\/twitter.com\/share?text=Carabineros%20de%20Puerto%20Ays%C3%A9n%20detuvo%20a%20cuatro%20personas%20por%20abigeato&#038;url=https:\/\/radiorevelacionfm.cl\/?p=22055' aria-hidden='false' data-av_icon='\ue8f1' data-av_iconfont='entypo-fontello' title='' data-avia-related-tooltip='Compartir en Twitter' rel=\"noopener\"><span class='avia_hidden_link_text'>Compartir en Twitter<\/span><\/a><\/li><li class='av-share-link av-social-link-whatsapp' ><a target=\"_blank\" aria-label=\"Compartir en Whatsapp\" href='https:\/\/api.whatsapp.com\/send?text=https:\/\/radiorevelacionfm.cl\/?p=22055' aria-hidden='false' data-av_icon='\uf232' data-av_iconfont='entypo-fontello' title='' data-avia-related-tooltip='Compartir en Whatsapp' rel=\"noopener\"><span class='avia_hidden_link_text'>Compartir en Whatsapp<\/span><\/a><\/li><li class='av-share-link av-social-link-linkedin' ><a target=\"_blank\" aria-label=\"Compartir en LinkedIn\" href='https:\/\/linkedin.com\/shareArticle?mini=true&#038;title=Carabineros%20de%20Puerto%20Ays%C3%A9n%20detuvo%20a%20cuatro%20personas%20por%20abigeato&#038;url=https:\/\/radiorevelacionfm.cl\/?p=22055' aria-hidden='false' data-av_icon='\ue8fc' data-av_iconfont='entypo-fontello' title='' data-avia-related-tooltip='Compartir en LinkedIn' rel=\"noopener\"><span class='avia_hidden_link_text'>Compartir en LinkedIn<\/span><\/a><\/li><li class='av-share-link av-social-link-mail' ><a  aria-label=\"Compartir por correo\" href='mailto:?subject=Carabineros%20de%20Puerto%20Ays%C3%A9n%20detuvo%20a%20cuatro%20personas%20por%20abigeato&#038;body=https:\/\/radiorevelacionfm.cl\/?p=22055' aria-hidden='false' data-av_icon='\ue805' data-av_iconfont='entypo-fontello' title='' data-avia-related-tooltip='Compartir por correo'><span class='avia_hidden_link_text'>Compartir por correo<\/span><\/a><\/li><\/ul><\/div><\/div>\n<div  style='height:50px' class='hr hr-invisible   avia-builder-el-8  el_after_av_social_share  el_before_av_comments_list '><span class='hr-inner ' ><span class='hr-inner-style'><\/span><\/span><\/div>\n<div  class='av-buildercomment  av-blog-meta-html-info-disabled av-blog-meta-tag-disabled  '><\/div>\n","protected":false},"excerpt":{"rendered":"","protected":false},"author":1,"featured_media":22056,"comment_status":"open","ping_status":"open","sticky":false,"template":"","format":"standard","meta":{"footnotes":""},"categories":[36],"tags":[],"class_list":["post-22055","post","type-post","status-publish","format-standard","has-post-thumbnail","hentry","category-policial"],"jetpack_featured_media_url":"https:\/\/radiorevelacionfm.cl\/wp-content\/uploads\/2022\/09\/00655d1a-089b-4344-8a8e-9abb614026c6-1-1.jpg","_links":{"self":[{"href":"https:\/\/radiorevelacionfm.cl\/index.php?rest_route=\/wp\/v2\/posts\/22055","targetHints":{"allow":["GET"]}}],"collection":[{"href":"https:\/\/radiorevelacionfm.cl\/index.php?rest_route=\/wp\/v2\/posts"}],"about":[{"href":"https:\/\/radiorevelacionfm.cl\/index.php?rest_route=\/wp\/v2\/types\/post"}],"author":[{"embeddable":true,"href":"https:\/\/radiorevelacionfm.cl\/index.php?rest_route=\/wp\/v2\/users\/1"}],"replies":[{"embeddable":true,"href":"https:\/\/radiorevelacionfm.cl\/index.php?rest_route=%2Fwp%2Fv2%2Fcomments&post=22055"}],"version-history":[{"count":2,"href":"https:\/\/radiorevelacionfm.cl\/index.php?rest_route=\/wp\/v2\/posts\/22055\/revisions"}],"predecessor-version":[{"id":22058,"href":"https:\/\/radiorevelacionfm.cl\/index.php?rest_route=\/wp\/v2\/posts\/22055\/revisions\/22058"}],"wp:featuredmedia":[{"embeddable":true,"href":"https:\/\/radiorevelacionfm.cl\/index.php?rest_route=\/wp\/v2\/media\/22056"}],"wp:attachment":[{"href":"https:\/\/radiorevelacionfm.cl\/index.php?rest_route=%2Fwp%2Fv2%2Fmedia&parent=22055"}],"wp:term":[{"taxonomy":"category","embeddable":true,"href":"https:\/\/radiorevelacionfm.cl\/index.php?rest_route=%2Fwp%2Fv2%2Fcategories&post=22055"},{"taxonomy":"post_tag","embeddable":true,"href":"https:\/\/radiorevelacionfm.cl\/index.php?rest_route=%2Fwp%2Fv2%2Ftags&post=22055"}],"curies":[{"name":"wp","href":"https:\/\/api.w.org\/{rel}","templated":true}]}}