{"id":22052,"date":"2022-09-22T11:08:23","date_gmt":"2022-09-22T14:08:23","guid":{"rendered":"https:\/\/radiorevelacionfm.cl\/?p=22052"},"modified":"2022-09-22T11:08:23","modified_gmt":"2022-09-22T14:08:23","slug":"pequenas-agricultoras-de-guaitecas-reciben-maquinaria-agricola-para-mejorar-su-produccion","status":"publish","type":"post","link":"https:\/\/radiorevelacionfm.cl\/?p=22052","title":{"rendered":"Peque\u00f1as agricultoras de Guaitecas reciben maquinaria agr\u00edcola para mejorar su producci\u00f3n"},"content":{"rendered":"<div class=\"flex_column av_one_full  flex_column_div av-zero-column-padding first  avia-builder-el-0  el_before_av_one_full  avia-builder-el-first  \" style='border-radius:0px; '><div  class='avia-image-container  av-styling-    avia-builder-el-1  avia-builder-el-no-sibling  avia-align-center '  itemprop=\"image\" itemscope=\"itemscope\" itemtype=\"https:\/\/schema.org\/ImageObject\"  ><div class='avia-image-container-inner'><div class='avia-image-overlay-wrap'><img decoding=\"async\" class='wp-image-22053 avia-img-lazy-loading-not-22053 avia_image' src=\"https:\/\/radiorevelacionfm.cl\/wp-content\/uploads\/2022\/09\/Guaitecas-Agricultoras-1-1.jpg\" alt='' title='Guaitecas Agricultoras (1) (1)' height=\"600\" width=\"1066\"  itemprop=\"thumbnailUrl\" srcset=\"https:\/\/radiorevelacionfm.cl\/wp-content\/uploads\/2022\/09\/Guaitecas-Agricultoras-1-1.jpg 1066w, https:\/\/radiorevelacionfm.cl\/wp-content\/uploads\/2022\/09\/Guaitecas-Agricultoras-1-1-300x169.jpg 300w, https:\/\/radiorevelacionfm.cl\/wp-content\/uploads\/2022\/09\/Guaitecas-Agricultoras-1-1-1030x580.jpg 1030w, https:\/\/radiorevelacionfm.cl\/wp-content\/uploads\/2022\/09\/Guaitecas-Agricultoras-1-1-768x432.jpg 768w, https:\/\/radiorevelacionfm.cl\/wp-content\/uploads\/2022\/09\/Guaitecas-Agricultoras-1-1-705x397.jpg 705w, https:\/\/radiorevelacionfm.cl\/wp-content\/uploads\/2022\/09\/Guaitecas-Agricultoras-1-1-600x338.jpg 600w\" sizes=\"(max-width: 1066px) 100vw, 1066px\" \/><\/div><\/div><\/div><\/div><div class=\"flex_column av_one_full  flex_column_div av-zero-column-padding first  avia-builder-el-2  el_after_av_one_full  el_before_av_one_full  column-top-margin\" style='border-radius:0px; '><section class=\"av_textblock_section \"  itemscope=\"itemscope\" itemtype=\"https:\/\/schema.org\/BlogPosting\" itemprop=\"blogPost\" ><div class='avia_textblock  '   itemprop=\"text\" ><p style=\"text-align: center;\"><strong><span style=\"font-size: 18pt;\">Peque\u00f1as agricultoras de Guaitecas reciben maquinaria agr\u00edcola para mejorar su producci\u00f3n<\/span><\/strong><\/p>\n<div id=\"gtx-trans\" style=\"position: absolute; left: -50px; top: 4.31534px;\">\n<div class=\"gtx-trans-icon\"><\/div>\n<\/div>\n<\/div><\/section><\/div><div class=\"flex_column av_one_full  flex_column_div av-zero-column-padding first  avia-builder-el-4  el_after_av_one_full  el_before_av_hr  column-top-margin\" style='border-radius:0px; '><section class=\"av_textblock_section \"  itemscope=\"itemscope\" itemtype=\"https:\/\/schema.org\/BlogPosting\" itemprop=\"blogPost\" ><div class='avia_textblock  '   itemprop=\"text\" ><p style=\"text-align: justify;\">Un total de 4 usuarias del Programa de Desarrollo Territorial Ind\u00edgena, PDTI, que el municipio de Guaitecas ejecuta en convenio con INDAP, recibieron herramientas para mejorar su productividad y aliviar el trabajo que desarrollan en sus respectivos predios.<\/p>\n<p style=\"text-align: justify;\">Se trata de Olga Coliboro, Lidia Quintallana, Delfina Llancapani y Guadalupe C\u00e1rdenas Piucol, que recibieron motocultivadores, una motosierra y una desbrozadora, gracias a proyectos de capital de inversi\u00f3n que postularon a trav\u00e9s del PDTI a INDAP y que gracias tambi\u00e9n a un aporte propio pudieron adjudicarse.<\/p>\n<p style=\"text-align: justify;\">La entrega de estas herramientas estuvo a cargo del alcalde Marcos Silva, quien, junto a David Castillo, que es el encargado del Programa de Desarrollo Territorial Ind\u00edgena, PDTI, recorrieron las casas de las usuarias de este programa, las primeras en recibir estas nuevas herramientas para mejorar su producci\u00f3n en sus respectivos rubros.<\/p>\n<p style=\"text-align: justify;\">Por ello el alcalde de Guaitecas Marcos Silva se manifest\u00f3 muy satisfecho por ver la alergia con que estas cuatro mujeres de la comuna recibieron sus nuevas inversiones.<\/p>\n<p style=\"text-align: justify;\">\u201cVer la felicidad de las personas cuando se les entrega este tipo de herramientas que vienen impulsar su peque\u00f1a actividad econ\u00f3mica, que son alternativas para poder tener un invernadero, que les permita tener verduras y que pueden transformarse en una actividad econ\u00f3mica y estas iniciativas ratifican lo certero que es poder tener este convenio entre INDAP y la municipalidad, para poder apalancar recursos que van en beneficio de un n\u00famero importante de vecinos de la comuna\u201d, dijo el alcalde de Guaitecas.<\/p>\n<p style=\"text-align: justify;\">El alcalde Marcos Silva destac\u00f3 el esfuerzo de una de las usuarias del PDTI de Guaitecas, que desde el a\u00f1o pasado cultiva y comercializa frutillas, ha trabajado muy duro para habilitar su terreno y dejarlo en condiciones para seguir cultivando, por lo que el motocultivador que recibi\u00f3 sin dudas le ser\u00e1 muy \u00fatil.<\/p>\n<p style=\"text-align: justify;\">\u201cUna de nuestra usuarias en Melinka, en su terreno le ha puesto mucho empe\u00f1o y el a\u00f1o pasado tuvo su primera venta de frutillas y ha seguido creciendo y ahora recibi\u00f3 monocultivador que aliviar\u00e1 su trabajo; entonces esto es lo que uno quiere destacar: el entusiasmo y el empe\u00f1o que le ponen y con esto se premia el esfuerzo, pues ellos tambi\u00e9n hacen un esfuerzo monetario, pero la mayor\u00eda de los recursos se los entrega INDAP, a trav\u00e9s de este convenio con el municipio\u201d, a\u00f1adi\u00f3 el alcalde Guaitecas.<\/p>\n<p style=\"text-align: justify;\">Este a\u00f1o, los 40 usuarios del Programa de Desarrollo Territorial Ind\u00edgena, PDTI, de Guaitecas han recibido m\u00e1s de 19 millones de pesos para que desarrollen proyectos productivos en sus predios, como invernaderos, cierres perimetrales, gallineros, bodegas y adquieran herramientas de trabajo, insumos agr\u00edcolas o maquinaria, como fue caso de estas cuatro usuarias de este programa, \u00fanico en la Regi\u00f3n de Ays\u00e9n.<\/p>\n<\/div><\/section><\/div><div  style='height:50px' class='hr hr-invisible   avia-builder-el-6  el_after_av_one_full  el_before_av_social_share '><span class='hr-inner ' ><span class='hr-inner-style'><\/span><\/span><\/div><\/p>\n<div  class='av-social-sharing-box  avia-builder-el-7  el_after_av_hr  el_before_av_hr  '><div class='av-share-box'><h5 class='av-share-link-description av-no-toc '>Compartir esta noticia<\/h5><ul class='av-share-box-list noLightbox'><li class='av-share-link av-social-link-facebook' ><a target=\"_blank\" aria-label=\"Compartir en Facebook\" href='https:\/\/www.facebook.com\/sharer.php?u=https:\/\/radiorevelacionfm.cl\/?p=22052&#038;t=Peque%C3%B1as%20agricultoras%20de%20Guaitecas%20reciben%20maquinaria%20agr%C3%ADcola%20para%20mejorar%20su%20producci%C3%B3n' aria-hidden='false' data-av_icon='\ue8f3' data-av_iconfont='entypo-fontello' title='' data-avia-related-tooltip='Compartir en Facebook' rel=\"noopener\"><span class='avia_hidden_link_text'>Compartir en Facebook<\/span><\/a><\/li><li class='av-share-link av-social-link-twitter' ><a target=\"_blank\" aria-label=\"Compartir en Twitter\" href='https:\/\/twitter.com\/share?text=Peque%C3%B1as%20agricultoras%20de%20Guaitecas%20reciben%20maquinaria%20agr%C3%ADcola%20para%20mejorar%20su%20producci%C3%B3n&#038;url=https:\/\/radiorevelacionfm.cl\/?p=22052' aria-hidden='false' data-av_icon='\ue8f1' data-av_iconfont='entypo-fontello' title='' data-avia-related-tooltip='Compartir en Twitter' rel=\"noopener\"><span class='avia_hidden_link_text'>Compartir en Twitter<\/span><\/a><\/li><li class='av-share-link av-social-link-whatsapp' ><a target=\"_blank\" aria-label=\"Compartir en Whatsapp\" href='https:\/\/api.whatsapp.com\/send?text=https:\/\/radiorevelacionfm.cl\/?p=22052' aria-hidden='false' data-av_icon='\uf232' data-av_iconfont='entypo-fontello' title='' data-avia-related-tooltip='Compartir en Whatsapp' rel=\"noopener\"><span class='avia_hidden_link_text'>Compartir en Whatsapp<\/span><\/a><\/li><li class='av-share-link av-social-link-linkedin' ><a target=\"_blank\" aria-label=\"Compartir en LinkedIn\" href='https:\/\/linkedin.com\/shareArticle?mini=true&#038;title=Peque%C3%B1as%20agricultoras%20de%20Guaitecas%20reciben%20maquinaria%20agr%C3%ADcola%20para%20mejorar%20su%20producci%C3%B3n&#038;url=https:\/\/radiorevelacionfm.cl\/?p=22052' aria-hidden='false' data-av_icon='\ue8fc' data-av_iconfont='entypo-fontello' title='' data-avia-related-tooltip='Compartir en LinkedIn' rel=\"noopener\"><span class='avia_hidden_link_text'>Compartir en LinkedIn<\/span><\/a><\/li><li class='av-share-link av-social-link-mail' ><a  aria-label=\"Compartir por correo\" href='mailto:?subject=Peque%C3%B1as%20agricultoras%20de%20Guaitecas%20reciben%20maquinaria%20agr%C3%ADcola%20para%20mejorar%20su%20producci%C3%B3n&#038;body=https:\/\/radiorevelacionfm.cl\/?p=22052' aria-hidden='false' data-av_icon='\ue805' data-av_iconfont='entypo-fontello' title='' data-avia-related-tooltip='Compartir por correo'><span class='avia_hidden_link_text'>Compartir por correo<\/span><\/a><\/li><\/ul><\/div><\/div>\n<div  style='height:50px' class='hr hr-invisible   avia-builder-el-8  el_after_av_social_share  el_before_av_comments_list '><span class='hr-inner ' ><span class='hr-inner-style'><\/span><\/span><\/div>\n<div  class='av-buildercomment  av-blog-meta-html-info-disabled av-blog-meta-tag-disabled  '><\/div>\n","protected":false},"excerpt":{"rendered":"","protected":false},"author":1,"featured_media":22053,"comment_status":"open","ping_status":"open","sticky":false,"template":"","format":"standard","meta":{"footnotes":""},"categories":[38],"tags":[],"class_list":["post-22052","post","type-post","status-publish","format-standard","has-post-thumbnail","hentry","category-regional"],"jetpack_featured_media_url":"https:\/\/radiorevelacionfm.cl\/wp-content\/uploads\/2022\/09\/Guaitecas-Agricultoras-1-1.jpg","_links":{"self":[{"href":"https:\/\/radiorevelacionfm.cl\/index.php?rest_route=\/wp\/v2\/posts\/22052","targetHints":{"allow":["GET"]}}],"collection":[{"href":"https:\/\/radiorevelacionfm.cl\/index.php?rest_route=\/wp\/v2\/posts"}],"about":[{"href":"https:\/\/radiorevelacionfm.cl\/index.php?rest_route=\/wp\/v2\/types\/post"}],"author":[{"embeddable":true,"href":"https:\/\/radiorevelacionfm.cl\/index.php?rest_route=\/wp\/v2\/users\/1"}],"replies":[{"embeddable":true,"href":"https:\/\/radiorevelacionfm.cl\/index.php?rest_route=%2Fwp%2Fv2%2Fcomments&post=22052"}],"version-history":[{"count":2,"href":"https:\/\/radiorevelacionfm.cl\/index.php?rest_route=\/wp\/v2\/posts\/22052\/revisions"}],"predecessor-version":[{"id":22064,"href":"https:\/\/radiorevelacionfm.cl\/index.php?rest_route=\/wp\/v2\/posts\/22052\/revisions\/22064"}],"wp:featuredmedia":[{"embeddable":true,"href":"https:\/\/radiorevelacionfm.cl\/index.php?rest_route=\/wp\/v2\/media\/22053"}],"wp:attachment":[{"href":"https:\/\/radiorevelacionfm.cl\/index.php?rest_route=%2Fwp%2Fv2%2Fmedia&parent=22052"}],"wp:term":[{"taxonomy":"category","embeddable":true,"href":"https:\/\/radiorevelacionfm.cl\/index.php?rest_route=%2Fwp%2Fv2%2Fcategories&post=22052"},{"taxonomy":"post_tag","embeddable":true,"href":"https:\/\/radiorevelacionfm.cl\/index.php?rest_route=%2Fwp%2Fv2%2Ftags&post=22052"}],"curies":[{"name":"wp","href":"https:\/\/api.w.org\/{rel}","templated":true}]}}