{"id":2205,"date":"2021-01-29T12:55:37","date_gmt":"2021-01-29T15:55:37","guid":{"rendered":"https:\/\/radiorevelacionfm.cl\/?p=2205"},"modified":"2021-01-29T12:55:37","modified_gmt":"2021-01-29T15:55:37","slug":"seremi-del-mop-afirmo-265-nuevos-kilometros-de-la-carretera-austral-seran-pavimentados","status":"publish","type":"post","link":"https:\/\/radiorevelacionfm.cl\/?p=2205","title":{"rendered":"Seremi del MOP afirm\u00f3: \u201c26,5 nuevos kil\u00f3metros de la Carretera Austral ser\u00e1n pavimentados\u201d"},"content":{"rendered":"<div class=\"flex_column av_one_full  flex_column_div av-zero-column-padding first  avia-builder-el-0  el_before_av_one_full  avia-builder-el-first  \" style='border-radius:0px; '><div  class='avia-image-container  av-styling-    avia-builder-el-1  avia-builder-el-no-sibling  avia-align-center '  itemprop=\"image\" itemscope=\"itemscope\" itemtype=\"https:\/\/schema.org\/ImageObject\"  ><div class='avia-image-container-inner'><div class='avia-image-overlay-wrap'><img decoding=\"async\" class='wp-image-0 avia-img-lazy-loading-not-0 avia_image' src=\"https:\/\/radiorevelacionfm.cl\/wp-content\/uploads\/2021\/01\/8-1-1.jpg\" alt='' title=''   itemprop=\"thumbnailUrl\"  \/><\/div><\/div><\/div><\/div><div class=\"flex_column av_one_full  flex_column_div av-zero-column-padding first  avia-builder-el-2  el_after_av_one_full  el_before_av_one_full  column-top-margin\" style='border-radius:0px; '><section class=\"av_textblock_section \"  itemscope=\"itemscope\" itemtype=\"https:\/\/schema.org\/BlogPosting\" itemprop=\"blogPost\" ><div class='avia_textblock  '   itemprop=\"text\" ><p style=\"text-align: center;\"><span style=\"font-size: 18pt;\"><strong>Seremi del MOP afirm\u00f3: \u201c26,5 nuevos kil\u00f3metros de la Carretera Austral ser\u00e1n pavimentados\u201d<\/strong><\/span><\/p>\n<div id=\"gtx-trans\" style=\"position: absolute; left: -50px; top: 4.31534px;\">\n<div class=\"gtx-trans-icon\"><\/div>\n<\/div>\n<\/div><\/section><\/div><div class=\"flex_column av_one_full  flex_column_div av-zero-column-padding first  avia-builder-el-4  el_after_av_one_full  el_before_av_hr  column-top-margin\" style='border-radius:0px; '><section class=\"av_textblock_section \"  itemscope=\"itemscope\" itemtype=\"https:\/\/schema.org\/BlogPosting\" itemprop=\"blogPost\" ><div class='avia_textblock  '   itemprop=\"text\" ><p style=\"text-align: justify;\"><em>Obras que forman parte del compromiso del gobierno del presidente Sebasti\u00e1n Pi\u00f1era de pavimentar 100 kil\u00f3metros en la regi\u00f3n de Ays\u00e9n para mejorar las condiciones de conectividad de esta zona del pa\u00eds, tambi\u00e9n forman parte del plan Paso a Paso Chile se Recupera en donde cada contrato traer\u00e1 una ocupaci\u00f3n de mano de obra mensual del orden de\u00a0 80 personas.<\/em><\/p>\n<p style=\"text-align: justify;\">26,5 nuevos kil\u00f3metros de la Ruta 7 norte ser\u00e1n pavimentados. As\u00ed lo anunci\u00f3 hoy \u00a0el Secretario Regional Ministerial de Obras P\u00fablicas, N\u00e9stor Mera Mu\u00f1oz, quien afirm\u00f3 que ya se ha adjudicado el contrato entre el Portezuelo Queulat y la Bifurcaci\u00f3n Cisnes a la empresa constructora Valko S. A. \u00a0y el contrato entre el Fiordo Queulat y el puente Chucao a la empresa Ingenier\u00eda y Construcciones Santa Fe S.A., \u00a0totalizando entre ambas obras 26,5 kil\u00f3metros de pavimentaci\u00f3n y una inversi\u00f3n cercana a los $24 mil millones provenientes de la Direcci\u00f3n Regional de Vialidad del MOP y del Gobierno Regional de Ays\u00e9n.<\/p>\n<p style=\"text-align: justify;\">Al respecto, N\u00e9stor Mera se\u00f1al\u00f3 estar muy contento con esta situaci\u00f3n, y agreg\u00f3 \u201cla Contralor\u00eda ha tomado raz\u00f3n de la adjudicaci\u00f3n de dos importantes proyectos de pavimentaci\u00f3n que son parte del compromiso del presidente Sebasti\u00e1n Pi\u00f1era para pavimentar 100 kil\u00f3metros en nuestra hermosa Carretera Austral. Hoy d\u00eda especialmente orientado en la zona norte de la regi\u00f3n, en donde ya estamos trabajando \u00a0en la pavimentaci\u00f3n de 14 kil\u00f3metros en el sector lago Risopatr\u00f3n a lo que se suman estos dos nuevos contratos\u00a0 que abarcan desde la Bifurcaci\u00f3n a Puerto Cisnes hasta el Portezuelo Queulat en una extensi\u00f3n de 9 kil\u00f3metros y con una inversi\u00f3n de $9.500 millones; Un poco m\u00e1s al norte, desde el Fiordo Queulat hasta el puente Chucao ser\u00e1n 17,5 kil\u00f3metros m\u00e1s que vamos a pavimentar con una inversi\u00f3n de \u00a0$15.983 millones. Ambas obras se encuentran insertas en el Parque Nacional Queulat por lo tanto, deber\u00e1n respetar esta condici\u00f3n durante todo el proceso de ejecuci\u00f3n de los trabajos, as\u00ed que la verdad es que estamos muy contentos, porque ambos contratos si todo se realiza de acuerdo a lo programado deber\u00edan estar inici\u00e1ndose durante el mes de marzo y la pavimentaci\u00f3n propiamente tal durante el segundo semestre del a\u00f1o, lo que implica que vamos a incorporar 26,5 km m\u00e1s de pavimento a la Carretera Austral en la zona norte, concluyendo pr\u00e1cticamente toda la zona norte con pavimento. Todas estas obras son un hito relevante para la regi\u00f3n, porque son parte del compromiso que ha tenido el presidente Sebasti\u00e1n Pi\u00f1era desde el d\u00eda uno con esta zona del pa\u00eds en materia de mejoramiento de las condiciones de conectividad y son tambi\u00e9n parte del importante trabajo que nuestra Direcci\u00f3n Regional de Vialidad est\u00e1 realizando en el territorio \u00a0en beneficio de todos los ayseninos, por lo tanto son muy buenas noticias no solamente para la comuna de Cisnes en donde se concentran estas nuevas obras de\u00a0 pavimentaci\u00f3n de la Ruta, sino tambi\u00e9n para toda la regi\u00f3n de Ays\u00e9n, por el importante aporte en el mejoramiento de la calidad de vida que traer\u00e1n y por la\u00a0 ocupaci\u00f3n de mano de obra mensual que ser\u00e1 del orden de\u00a0 80 personas en cada contrato, siendo ambos parte del plan Paso a Paso Chile se Recupera que ha impulsado el presidente Sebasti\u00e1n Pi\u00f1era en todo el pa\u00eds para reactivar las econom\u00edas locales, as\u00ed como tambi\u00e9n para volver a potenciar el sector tur\u00edstico junto con generar desarrollo econ\u00f3mico productivo en la regi\u00f3n de Ays\u00e9n\u201d.<\/p>\n<\/div><\/section><\/div><div  style='height:50px' class='hr hr-invisible   avia-builder-el-6  el_after_av_one_full  el_before_av_social_share '><span class='hr-inner ' ><span class='hr-inner-style'><\/span><\/span><\/div><\/p>\n<div  class='av-social-sharing-box  avia-builder-el-7  el_after_av_hr  el_before_av_hr  '><div class='av-share-box'><h5 class='av-share-link-description av-no-toc '>Compartir esta noticia<\/h5><ul class='av-share-box-list noLightbox'><li class='av-share-link av-social-link-facebook' ><a target=\"_blank\" aria-label=\"Compartir en Facebook\" href='https:\/\/www.facebook.com\/sharer.php?u=https:\/\/radiorevelacionfm.cl\/?p=2205&#038;t=Seremi%20del%20MOP%20afirm%C3%B3%3A%20%E2%80%9C26%2C5%20nuevos%20kil%C3%B3metros%20de%20la%20Carretera%20Austral%20ser%C3%A1n%20pavimentados%E2%80%9D' aria-hidden='false' data-av_icon='\ue8f3' data-av_iconfont='entypo-fontello' title='' data-avia-related-tooltip='Compartir en Facebook' rel=\"noopener\"><span class='avia_hidden_link_text'>Compartir en Facebook<\/span><\/a><\/li><li class='av-share-link av-social-link-twitter' ><a target=\"_blank\" aria-label=\"Compartir en Twitter\" href='https:\/\/twitter.com\/share?text=Seremi%20del%20MOP%20afirm%C3%B3%3A%20%E2%80%9C26%2C5%20nuevos%20kil%C3%B3metros%20de%20la%20Carretera%20Austral%20ser%C3%A1n%20pavimentados%E2%80%9D&#038;url=https:\/\/radiorevelacionfm.cl\/?p=2205' aria-hidden='false' data-av_icon='\ue8f1' data-av_iconfont='entypo-fontello' title='' data-avia-related-tooltip='Compartir en Twitter' rel=\"noopener\"><span class='avia_hidden_link_text'>Compartir en Twitter<\/span><\/a><\/li><li class='av-share-link av-social-link-whatsapp' ><a target=\"_blank\" aria-label=\"Compartir en Whatsapp\" href='https:\/\/api.whatsapp.com\/send?text=https:\/\/radiorevelacionfm.cl\/?p=2205' aria-hidden='false' data-av_icon='\uf232' data-av_iconfont='entypo-fontello' title='' data-avia-related-tooltip='Compartir en Whatsapp' rel=\"noopener\"><span class='avia_hidden_link_text'>Compartir en Whatsapp<\/span><\/a><\/li><li class='av-share-link av-social-link-linkedin' ><a target=\"_blank\" aria-label=\"Compartir en LinkedIn\" href='https:\/\/linkedin.com\/shareArticle?mini=true&#038;title=Seremi%20del%20MOP%20afirm%C3%B3%3A%20%E2%80%9C26%2C5%20nuevos%20kil%C3%B3metros%20de%20la%20Carretera%20Austral%20ser%C3%A1n%20pavimentados%E2%80%9D&#038;url=https:\/\/radiorevelacionfm.cl\/?p=2205' aria-hidden='false' data-av_icon='\ue8fc' data-av_iconfont='entypo-fontello' title='' data-avia-related-tooltip='Compartir en LinkedIn' rel=\"noopener\"><span class='avia_hidden_link_text'>Compartir en LinkedIn<\/span><\/a><\/li><li class='av-share-link av-social-link-mail' ><a  aria-label=\"Compartir por correo\" href='mailto:?subject=Seremi%20del%20MOP%20afirm%C3%B3%3A%20%E2%80%9C26%2C5%20nuevos%20kil%C3%B3metros%20de%20la%20Carretera%20Austral%20ser%C3%A1n%20pavimentados%E2%80%9D&#038;body=https:\/\/radiorevelacionfm.cl\/?p=2205' aria-hidden='false' data-av_icon='\ue805' data-av_iconfont='entypo-fontello' title='' data-avia-related-tooltip='Compartir por correo'><span class='avia_hidden_link_text'>Compartir por correo<\/span><\/a><\/li><\/ul><\/div><\/div>\n<div  style='height:50px' class='hr hr-invisible   avia-builder-el-8  el_after_av_social_share  el_before_av_comments_list '><span class='hr-inner ' ><span class='hr-inner-style'><\/span><\/span><\/div>\n<div  class='av-buildercomment  av-blog-meta-html-info-disabled av-blog-meta-tag-disabled  '><\/div>\n","protected":false},"excerpt":{"rendered":"","protected":false},"author":1,"featured_media":0,"comment_status":"open","ping_status":"open","sticky":false,"template":"","format":"standard","meta":{"footnotes":""},"categories":[38],"tags":[],"class_list":["post-2205","post","type-post","status-publish","format-standard","hentry","category-regional"],"jetpack_featured_media_url":"","_links":{"self":[{"href":"https:\/\/radiorevelacionfm.cl\/index.php?rest_route=\/wp\/v2\/posts\/2205","targetHints":{"allow":["GET"]}}],"collection":[{"href":"https:\/\/radiorevelacionfm.cl\/index.php?rest_route=\/wp\/v2\/posts"}],"about":[{"href":"https:\/\/radiorevelacionfm.cl\/index.php?rest_route=\/wp\/v2\/types\/post"}],"author":[{"embeddable":true,"href":"https:\/\/radiorevelacionfm.cl\/index.php?rest_route=\/wp\/v2\/users\/1"}],"replies":[{"embeddable":true,"href":"https:\/\/radiorevelacionfm.cl\/index.php?rest_route=%2Fwp%2Fv2%2Fcomments&post=2205"}],"version-history":[{"count":1,"href":"https:\/\/radiorevelacionfm.cl\/index.php?rest_route=\/wp\/v2\/posts\/2205\/revisions"}],"predecessor-version":[{"id":2207,"href":"https:\/\/radiorevelacionfm.cl\/index.php?rest_route=\/wp\/v2\/posts\/2205\/revisions\/2207"}],"wp:attachment":[{"href":"https:\/\/radiorevelacionfm.cl\/index.php?rest_route=%2Fwp%2Fv2%2Fmedia&parent=2205"}],"wp:term":[{"taxonomy":"category","embeddable":true,"href":"https:\/\/radiorevelacionfm.cl\/index.php?rest_route=%2Fwp%2Fv2%2Fcategories&post=2205"},{"taxonomy":"post_tag","embeddable":true,"href":"https:\/\/radiorevelacionfm.cl\/index.php?rest_route=%2Fwp%2Fv2%2Ftags&post=2205"}],"curies":[{"name":"wp","href":"https:\/\/api.w.org\/{rel}","templated":true}]}}