{"id":22048,"date":"2022-09-21T17:46:58","date_gmt":"2022-09-21T20:46:58","guid":{"rendered":"https:\/\/radiorevelacionfm.cl\/?p=22048"},"modified":"2022-09-21T17:46:58","modified_gmt":"2022-09-21T20:46:58","slug":"anuncian-actividades-en-toda-la-region-con-motivo-del-dia-mundial-del-turismo-en-aysen-patagonia","status":"publish","type":"post","link":"https:\/\/radiorevelacionfm.cl\/?p=22048","title":{"rendered":"Anuncian actividades en toda la regi\u00f3n con motivo del D\u00eda Mundial del Turismo en Ays\u00e9n Patagonia"},"content":{"rendered":"<div class=\"flex_column av_one_full  flex_column_div av-zero-column-padding first  avia-builder-el-0  el_before_av_one_full  avia-builder-el-first  \" style='border-radius:0px; '><div  class='avia-image-container  av-styling-    avia-builder-el-1  avia-builder-el-no-sibling  avia-align-center '  itemprop=\"image\" itemscope=\"itemscope\" itemtype=\"https:\/\/schema.org\/ImageObject\"  ><div class='avia-image-container-inner'><div class='avia-image-overlay-wrap'><img decoding=\"async\" class='wp-image-22049 avia-img-lazy-loading-not-22049 avia_image' src=\"https:\/\/radiorevelacionfm.cl\/wp-content\/uploads\/2022\/09\/img_1973-1_optimized.jpg\" alt='' title='img_1973-(1)_optimized' height=\"600\" width=\"866\"  itemprop=\"thumbnailUrl\" srcset=\"https:\/\/radiorevelacionfm.cl\/wp-content\/uploads\/2022\/09\/img_1973-1_optimized.jpg 866w, https:\/\/radiorevelacionfm.cl\/wp-content\/uploads\/2022\/09\/img_1973-1_optimized-300x208.jpg 300w, https:\/\/radiorevelacionfm.cl\/wp-content\/uploads\/2022\/09\/img_1973-1_optimized-768x532.jpg 768w, https:\/\/radiorevelacionfm.cl\/wp-content\/uploads\/2022\/09\/img_1973-1_optimized-705x488.jpg 705w, https:\/\/radiorevelacionfm.cl\/wp-content\/uploads\/2022\/09\/img_1973-1_optimized-600x416.jpg 600w\" sizes=\"(max-width: 866px) 100vw, 866px\" \/><\/div><\/div><\/div><\/div><div class=\"flex_column av_one_full  flex_column_div av-zero-column-padding first  avia-builder-el-2  el_after_av_one_full  el_before_av_one_full  column-top-margin\" style='border-radius:0px; '><section class=\"av_textblock_section \"  itemscope=\"itemscope\" itemtype=\"https:\/\/schema.org\/BlogPosting\" itemprop=\"blogPost\" ><div class='avia_textblock  '   itemprop=\"text\" ><p style=\"text-align: center;\"><strong><span style=\"font-size: 18pt;\">Anuncian actividades en toda la regi\u00f3n con motivo del D\u00eda Mundial del Turismo en Ays\u00e9n Patagonia<\/span><\/strong><\/p>\n<div id=\"gtx-trans\" style=\"position: absolute; left: -50px; top: 4.31534px;\">\n<div class=\"gtx-trans-icon\"><\/div>\n<\/div>\n<\/div><\/section><\/div><div class=\"flex_column av_one_full  flex_column_div av-zero-column-padding first  avia-builder-el-4  el_after_av_one_full  el_before_av_hr  column-top-margin\" style='border-radius:0px; '><section class=\"av_textblock_section \"  itemscope=\"itemscope\" itemtype=\"https:\/\/schema.org\/BlogPosting\" itemprop=\"blogPost\" ><div class='avia_textblock  '   itemprop=\"text\" ><p style=\"font-weight: 400; text-align: justify;\">Con una invitaci\u00f3n especialmente dirigida a la comunidad aysenina, este mi\u00e9rcoles se present\u00f3 el programa de actividades que habr\u00e1 durante la pr\u00f3xima semana en las diez comunas de la regi\u00f3n, con motivo del D\u00eda Mundial del Turismo en Ays\u00e9n Patagonia, que se celebra el 27 de septiembre.<\/p>\n<p style=\"font-weight: 400; text-align: justify;\">La Gobernadora, Andrea Mac\u00edas, el Delegado Presidencial Regional, Rodrigo Araya, la seremi de Econom\u00eda, Rosa Machac\u00e1n, y el director regional de Sernatur, Patricio Bast\u00edas, destacaron el valor social, cultural, pol\u00edtico y econ\u00f3mico del turismo.<\/p>\n<p style=\"font-weight: 400; text-align: justify;\">\u201cComo Gobierno Regional y su Consejo, siempre hemos estado llanos a apoyar al sector, hay una institucionalidad detr\u00e1s que, efectivamente, funciona. Hoy d\u00eda hay una serie de actividades que se van a realizar, en distintos lugares de la regi\u00f3n, en un trabajo mancomunado con Sernatur, con los municipios, que nos permite estar presentes en los territorios, destacando no solo la belleza y el paisaje, sino que tambi\u00e9n a nuestra gente que es lo m\u00e1s importante que tiene nuestra regi\u00f3n\u201d, indic\u00f3 Andrea Mac\u00edas.<\/p>\n<p style=\"font-weight: 400; text-align: justify;\">Rodrigo Araya subray\u00f3 la importancia del turismo y de su paulatina reactivaci\u00f3n, en especial, para los j\u00f3venes, las mujeres y las comunidades locales.<\/p>\n<p style=\"font-weight: 400; text-align: justify;\">\u201cDespu\u00e9s de dos a\u00f1os de pandemia, donde hubo que modificar nuestra manera de comunicarnos, de viajar y de encontrarnos, se abren una serie de posibilidades para abrirnos a las visitas de nuestros compatriotas, pero tambi\u00e9n de extranjeros, que est\u00e1n muy interesados en venir a nuestro territorio. En eso ha estado trabajando Sernatur, del Ministerio de Econom\u00eda, para garantizar a todos los turistas que el turismo es de calidad, seguro y los viajes e itinerarios se cumplen muy bien en nuestro territorio\u201d, destac\u00f3.<\/p>\n<p style=\"font-weight: 400; text-align: justify;\">Por su parte, la seremi Rosa Machac\u00e1n invit\u00f3 a conocer y participar activamente en las actividades, disponibles en\u00a0<a href=\"http:\/\/www.aysenpatagonia.cl\/\" data-saferedirecturl=\"https:\/\/www.google.com\/url?q=http:\/\/www.aysenpatagonia.cl&amp;source=gmail&amp;ust=1663879294380000&amp;usg=AOvVaw12uVDzVkabdGCWx6HHcW84\">www.aysenpatagonia.cl<\/a>.<\/p>\n<p style=\"font-weight: 400; text-align: justify;\">\u201cUno de los focos principales de nuestro Gobierno en este proceso de reactivaci\u00f3n inclusiva, es el turismo, el emprendimiento femenino y las actividades culturales que est\u00e1n vinculadas al turismo. Recalcamos la invitaci\u00f3n a participar de las actividades que se van a realizar durante la semana del 27 de septiembre, junto con los diferentes municipios y Sernatur, para relevar el patrimonio paisaj\u00edstico y cultural\u201d, expres\u00f3.<\/p>\n<p style=\"font-weight: 400; text-align: justify;\">De acuerdo a la informaci\u00f3n proporcionada por el director Patricio Bast\u00edas, el rol de los municipios como agentes locales ser\u00e1 fundamental en esta temporada, cuando se espera una reactivaci\u00f3n del mercado argentino y de larga distancia.<\/p>\n<p style=\"font-weight: 400; text-align: justify;\">\u201cHoy d\u00eda estamos en una mejor condici\u00f3n, hemos eliminado la homologaci\u00f3n de vacunas y eso permite que sea mucho m\u00e1s f\u00e1cil el acceso a nuestro territorio nacional, por lo tanto, el mercado argentino se va a reactivar y todo el mercado de larga distancia. Esperamos tener una temporada mucho mejor que la anterior, con turistas internacionales que estuvieron esquivos la temporada pasada. La invitaci\u00f3n es a participar, agradecer a los organismos que nos facilitan los recursos, como es el Gobierno Regional y al sector privado que desarrolla una gran cantidad de empleos para nuestra regi\u00f3n\u201d.<\/p>\n<p style=\"font-weight: 400; text-align: justify;\">Ahora que la recuperaci\u00f3n del sector est\u00e1 en marcha, la Organizaci\u00f3n Mundial del Turismo (OMT) ha recalcado la oportunidad de repensar c\u00f3mo hacemos turismo, promoviendo una visi\u00f3n compartida de un sector m\u00e1s sostenible, inclusivo y resiliente.<\/p>\n<\/div><\/section><\/div><div  style='height:50px' class='hr hr-invisible   avia-builder-el-6  el_after_av_one_full  el_before_av_social_share '><span class='hr-inner ' ><span class='hr-inner-style'><\/span><\/span><\/div><\/p>\n<div  class='av-social-sharing-box  avia-builder-el-7  el_after_av_hr  el_before_av_hr  '><div class='av-share-box'><h5 class='av-share-link-description av-no-toc '>Compartir esta noticia<\/h5><ul class='av-share-box-list noLightbox'><li class='av-share-link av-social-link-facebook' ><a target=\"_blank\" aria-label=\"Compartir en Facebook\" href='https:\/\/www.facebook.com\/sharer.php?u=https:\/\/radiorevelacionfm.cl\/?p=22048&#038;t=Anuncian%20actividades%20en%20toda%20la%20regi%C3%B3n%20con%20motivo%20del%20D%C3%ADa%20Mundial%20del%20Turismo%20en%20Ays%C3%A9n%20Patagonia' aria-hidden='false' data-av_icon='\ue8f3' data-av_iconfont='entypo-fontello' title='' data-avia-related-tooltip='Compartir en Facebook' rel=\"noopener\"><span class='avia_hidden_link_text'>Compartir en Facebook<\/span><\/a><\/li><li class='av-share-link av-social-link-twitter' ><a target=\"_blank\" aria-label=\"Compartir en Twitter\" href='https:\/\/twitter.com\/share?text=Anuncian%20actividades%20en%20toda%20la%20regi%C3%B3n%20con%20motivo%20del%20D%C3%ADa%20Mundial%20del%20Turismo%20en%20Ays%C3%A9n%20Patagonia&#038;url=https:\/\/radiorevelacionfm.cl\/?p=22048' aria-hidden='false' data-av_icon='\ue8f1' data-av_iconfont='entypo-fontello' title='' data-avia-related-tooltip='Compartir en Twitter' rel=\"noopener\"><span class='avia_hidden_link_text'>Compartir en Twitter<\/span><\/a><\/li><li class='av-share-link av-social-link-whatsapp' ><a target=\"_blank\" aria-label=\"Compartir en Whatsapp\" href='https:\/\/api.whatsapp.com\/send?text=https:\/\/radiorevelacionfm.cl\/?p=22048' aria-hidden='false' data-av_icon='\uf232' data-av_iconfont='entypo-fontello' title='' data-avia-related-tooltip='Compartir en Whatsapp' rel=\"noopener\"><span class='avia_hidden_link_text'>Compartir en Whatsapp<\/span><\/a><\/li><li class='av-share-link av-social-link-linkedin' ><a target=\"_blank\" aria-label=\"Compartir en LinkedIn\" href='https:\/\/linkedin.com\/shareArticle?mini=true&#038;title=Anuncian%20actividades%20en%20toda%20la%20regi%C3%B3n%20con%20motivo%20del%20D%C3%ADa%20Mundial%20del%20Turismo%20en%20Ays%C3%A9n%20Patagonia&#038;url=https:\/\/radiorevelacionfm.cl\/?p=22048' aria-hidden='false' data-av_icon='\ue8fc' data-av_iconfont='entypo-fontello' title='' data-avia-related-tooltip='Compartir en LinkedIn' rel=\"noopener\"><span class='avia_hidden_link_text'>Compartir en LinkedIn<\/span><\/a><\/li><li class='av-share-link av-social-link-mail' ><a  aria-label=\"Compartir por correo\" href='mailto:?subject=Anuncian%20actividades%20en%20toda%20la%20regi%C3%B3n%20con%20motivo%20del%20D%C3%ADa%20Mundial%20del%20Turismo%20en%20Ays%C3%A9n%20Patagonia&#038;body=https:\/\/radiorevelacionfm.cl\/?p=22048' aria-hidden='false' data-av_icon='\ue805' data-av_iconfont='entypo-fontello' title='' data-avia-related-tooltip='Compartir por correo'><span class='avia_hidden_link_text'>Compartir por correo<\/span><\/a><\/li><\/ul><\/div><\/div>\n<div  style='height:50px' class='hr hr-invisible   avia-builder-el-8  el_after_av_social_share  el_before_av_comments_list '><span class='hr-inner ' ><span class='hr-inner-style'><\/span><\/span><\/div>\n<div  class='av-buildercomment  av-blog-meta-html-info-disabled av-blog-meta-tag-disabled  '><\/div>\n","protected":false},"excerpt":{"rendered":"","protected":false},"author":1,"featured_media":22049,"comment_status":"open","ping_status":"open","sticky":false,"template":"","format":"standard","meta":{"footnotes":""},"categories":[54],"tags":[],"class_list":["post-22048","post","type-post","status-publish","format-standard","has-post-thumbnail","hentry","category-turismo"],"jetpack_featured_media_url":"https:\/\/radiorevelacionfm.cl\/wp-content\/uploads\/2022\/09\/img_1973-1_optimized.jpg","_links":{"self":[{"href":"https:\/\/radiorevelacionfm.cl\/index.php?rest_route=\/wp\/v2\/posts\/22048","targetHints":{"allow":["GET"]}}],"collection":[{"href":"https:\/\/radiorevelacionfm.cl\/index.php?rest_route=\/wp\/v2\/posts"}],"about":[{"href":"https:\/\/radiorevelacionfm.cl\/index.php?rest_route=\/wp\/v2\/types\/post"}],"author":[{"embeddable":true,"href":"https:\/\/radiorevelacionfm.cl\/index.php?rest_route=\/wp\/v2\/users\/1"}],"replies":[{"embeddable":true,"href":"https:\/\/radiorevelacionfm.cl\/index.php?rest_route=%2Fwp%2Fv2%2Fcomments&post=22048"}],"version-history":[{"count":2,"href":"https:\/\/radiorevelacionfm.cl\/index.php?rest_route=\/wp\/v2\/posts\/22048\/revisions"}],"predecessor-version":[{"id":22051,"href":"https:\/\/radiorevelacionfm.cl\/index.php?rest_route=\/wp\/v2\/posts\/22048\/revisions\/22051"}],"wp:featuredmedia":[{"embeddable":true,"href":"https:\/\/radiorevelacionfm.cl\/index.php?rest_route=\/wp\/v2\/media\/22049"}],"wp:attachment":[{"href":"https:\/\/radiorevelacionfm.cl\/index.php?rest_route=%2Fwp%2Fv2%2Fmedia&parent=22048"}],"wp:term":[{"taxonomy":"category","embeddable":true,"href":"https:\/\/radiorevelacionfm.cl\/index.php?rest_route=%2Fwp%2Fv2%2Fcategories&post=22048"},{"taxonomy":"post_tag","embeddable":true,"href":"https:\/\/radiorevelacionfm.cl\/index.php?rest_route=%2Fwp%2Fv2%2Ftags&post=22048"}],"curies":[{"name":"wp","href":"https:\/\/api.w.org\/{rel}","templated":true}]}}