{"id":22044,"date":"2022-09-21T17:05:18","date_gmt":"2022-09-21T20:05:18","guid":{"rendered":"https:\/\/radiorevelacionfm.cl\/?p=22044"},"modified":"2022-09-21T17:05:18","modified_gmt":"2022-09-21T20:05:18","slug":"en-aysen-intensificaron-labor-preventiva-contra-el-abigeato-durante-fiestas-patrias","status":"publish","type":"post","link":"https:\/\/radiorevelacionfm.cl\/?p=22044","title":{"rendered":"En Ays\u00e9n intensificaron labor preventiva contra el abigeato durante Fiestas Patrias"},"content":{"rendered":"<div class=\"flex_column av_one_full  flex_column_div av-zero-column-padding first  avia-builder-el-0  el_before_av_one_full  avia-builder-el-first  \" style='border-radius:0px; '><div  class='avia-image-container  av-styling-    avia-builder-el-1  avia-builder-el-no-sibling  avia-align-center '  itemprop=\"image\" itemscope=\"itemscope\" itemtype=\"https:\/\/schema.org\/ImageObject\"  ><div class='avia-image-container-inner'><div class='avia-image-overlay-wrap'><img decoding=\"async\" class='wp-image-22045 avia-img-lazy-loading-not-22045 avia_image' src=\"https:\/\/radiorevelacionfm.cl\/wp-content\/uploads\/2022\/09\/img-abigeato-muniaysen1-1-1.jpeg\" alt='' title='img-abigeato-muniaysen1 (1) (1)' height=\"600\" width=\"1080\"  itemprop=\"thumbnailUrl\" srcset=\"https:\/\/radiorevelacionfm.cl\/wp-content\/uploads\/2022\/09\/img-abigeato-muniaysen1-1-1.jpeg 1080w, https:\/\/radiorevelacionfm.cl\/wp-content\/uploads\/2022\/09\/img-abigeato-muniaysen1-1-1-300x167.jpeg 300w, https:\/\/radiorevelacionfm.cl\/wp-content\/uploads\/2022\/09\/img-abigeato-muniaysen1-1-1-1030x572.jpeg 1030w, https:\/\/radiorevelacionfm.cl\/wp-content\/uploads\/2022\/09\/img-abigeato-muniaysen1-1-1-768x427.jpeg 768w, https:\/\/radiorevelacionfm.cl\/wp-content\/uploads\/2022\/09\/img-abigeato-muniaysen1-1-1-705x392.jpeg 705w, https:\/\/radiorevelacionfm.cl\/wp-content\/uploads\/2022\/09\/img-abigeato-muniaysen1-1-1-600x333.jpeg 600w\" sizes=\"(max-width: 1080px) 100vw, 1080px\" \/><\/div><\/div><\/div><\/div><div class=\"flex_column av_one_full  flex_column_div av-zero-column-padding first  avia-builder-el-2  el_after_av_one_full  el_before_av_one_full  column-top-margin\" style='border-radius:0px; '><section class=\"av_textblock_section \"  itemscope=\"itemscope\" itemtype=\"https:\/\/schema.org\/BlogPosting\" itemprop=\"blogPost\" ><div class='avia_textblock  '   itemprop=\"text\" ><p style=\"text-align: center;\"><strong><span style=\"font-size: 18pt;\">En Ays\u00e9n intensificaron labor preventiva contra el abigeato durante Fiestas Patrias<\/span><\/strong><\/p>\n<div id=\"gtx-trans\" style=\"position: absolute; left: -50px; top: 4.31534px;\">\n<div class=\"gtx-trans-icon\"><\/div>\n<\/div>\n<\/div><\/section><\/div><div class=\"flex_column av_one_full  flex_column_div av-zero-column-padding first  avia-builder-el-4  el_after_av_one_full  el_before_av_hr  column-top-margin\" style='border-radius:0px; '><section class=\"av_textblock_section \"  itemscope=\"itemscope\" itemtype=\"https:\/\/schema.org\/BlogPosting\" itemprop=\"blogPost\" ><div class='avia_textblock  '   itemprop=\"text\" ><p style=\"text-align: justify;\">Para ello se dispuso de una iniciativa de seguridad comunal enfocada en zonas rurales con el fin de evitar el aumento de este tipo de delitos, el cual tradicionalmente crece una vez ocurridas las festividades nacionales.<\/p>\n<p style=\"text-align: justify;\">Desde el sector R\u00edo \u00c1lvarez, inici\u00f3 al plan de contingencia anti abigeato para aumentar la percepci\u00f3n de seguridad en los sectores rurales de la comuna porte\u00f1a, labor que fue desarrollada por la Direcci\u00f3n de Seguridad P\u00fablica y Convivencia de la Ilustre Municipalidad de Ays\u00e9n en compa\u00f1\u00eda de Carabineros de Chile. En este desaf\u00edo, se reforzaron las rondas de vigilancias en sectores rurales y predios periurbanos. Para una r\u00e1pida acci\u00f3n en esta materia, se difundi\u00f3 en estas zonas el n\u00famero de WhatsApp que dispone la casa edilicia para atender la acci\u00f3n delictiva sobre los ovinos y bovinos.<\/p>\n<p style=\"text-align: justify;\">Tras acontecidas las Fiestas Patrias y los patrullajes por diferentes sectores de la comuna, Marco Co\u00f1uecar, director de Seguridad p\u00fablica y Convivencia, destac\u00f3 qu\u00e9 \u201cestamos muy contentos fue un trabajo en coordinaci\u00f3n con Carabineros, de recorrer todo el territorio lo que es principalmente zonas rurales. Estuvimos desde Ma\u00f1ihuales, sector Picaflor; Puerto Chacabuco, sector El Salto; en Valle Verde; El Pangal y otros, junto a las polic\u00edas en el \u00e1rea de abigeato as\u00ed es que fue una ardua labor que dio buenos resultados y hoy podemos decir con orgullo que el trabajo municipal fue de gran aporte para los vecinos y vecinas\u201d, por lo que el personero indic\u00f3 que seguir\u00e1n en esta l\u00ednea preventiva y otras que permitan dar tranquilidad a la comunidad.<\/p>\n<p style=\"text-align: justify;\">Domingo Arteaga, presidente del Comit\u00e9 de Adelanto R\u00edo \u00c1lvarez, coment\u00f3 qu\u00e9, \u201cme parece muy bien la idea de que hagan patrullaje para darnos m\u00e1s seguridad no solamente al sector rural, sino que, a toda la comunidad de Ays\u00e9n, ya que nos comentaron que recorrer\u00e1n Villa Ma\u00f1ihuales, Chacabuco, es decir, toda la comuna. As\u00ed que feliz como vecino de Rio \u00c1lvarez de ver que est\u00e1n patrullando en nuestro sector\u201d.<\/p>\n<p style=\"text-align: justify;\">Cabe destacar que el municipio de Ays\u00e9n cuenta con un n\u00famero de vigencia de a trav\u00e9s de la Direcci\u00f3n de Seguridad P\u00fablica y Convivencia, en el cual los ayseninos pueden hacer llegar los hechos que revistan car\u00e1cter de faltas y\/o comisi\u00f3n de delitos +<strong>56 9 3247 9836.<\/strong><\/p>\n<\/div><\/section><\/div><div  style='height:50px' class='hr hr-invisible   avia-builder-el-6  el_after_av_one_full  el_before_av_social_share '><span class='hr-inner ' ><span class='hr-inner-style'><\/span><\/span><\/div><\/p>\n<div  class='av-social-sharing-box  avia-builder-el-7  el_after_av_hr  el_before_av_hr  '><div class='av-share-box'><h5 class='av-share-link-description av-no-toc '>Compartir esta noticia<\/h5><ul class='av-share-box-list noLightbox'><li class='av-share-link av-social-link-facebook' ><a target=\"_blank\" aria-label=\"Compartir en Facebook\" href='https:\/\/www.facebook.com\/sharer.php?u=https:\/\/radiorevelacionfm.cl\/?p=22044&#038;t=En%20Ays%C3%A9n%20intensificaron%20labor%20preventiva%20contra%20el%20abigeato%20durante%20Fiestas%20Patrias' aria-hidden='false' data-av_icon='\ue8f3' data-av_iconfont='entypo-fontello' title='' data-avia-related-tooltip='Compartir en Facebook' rel=\"noopener\"><span class='avia_hidden_link_text'>Compartir en Facebook<\/span><\/a><\/li><li class='av-share-link av-social-link-twitter' ><a target=\"_blank\" aria-label=\"Compartir en Twitter\" href='https:\/\/twitter.com\/share?text=En%20Ays%C3%A9n%20intensificaron%20labor%20preventiva%20contra%20el%20abigeato%20durante%20Fiestas%20Patrias&#038;url=https:\/\/radiorevelacionfm.cl\/?p=22044' aria-hidden='false' data-av_icon='\ue8f1' data-av_iconfont='entypo-fontello' title='' data-avia-related-tooltip='Compartir en Twitter' rel=\"noopener\"><span class='avia_hidden_link_text'>Compartir en Twitter<\/span><\/a><\/li><li class='av-share-link av-social-link-whatsapp' ><a target=\"_blank\" aria-label=\"Compartir en Whatsapp\" href='https:\/\/api.whatsapp.com\/send?text=https:\/\/radiorevelacionfm.cl\/?p=22044' aria-hidden='false' data-av_icon='\uf232' data-av_iconfont='entypo-fontello' title='' data-avia-related-tooltip='Compartir en Whatsapp' rel=\"noopener\"><span class='avia_hidden_link_text'>Compartir en Whatsapp<\/span><\/a><\/li><li class='av-share-link av-social-link-linkedin' ><a target=\"_blank\" aria-label=\"Compartir en LinkedIn\" href='https:\/\/linkedin.com\/shareArticle?mini=true&#038;title=En%20Ays%C3%A9n%20intensificaron%20labor%20preventiva%20contra%20el%20abigeato%20durante%20Fiestas%20Patrias&#038;url=https:\/\/radiorevelacionfm.cl\/?p=22044' aria-hidden='false' data-av_icon='\ue8fc' data-av_iconfont='entypo-fontello' title='' data-avia-related-tooltip='Compartir en LinkedIn' rel=\"noopener\"><span class='avia_hidden_link_text'>Compartir en LinkedIn<\/span><\/a><\/li><li class='av-share-link av-social-link-mail' ><a  aria-label=\"Compartir por correo\" href='mailto:?subject=En%20Ays%C3%A9n%20intensificaron%20labor%20preventiva%20contra%20el%20abigeato%20durante%20Fiestas%20Patrias&#038;body=https:\/\/radiorevelacionfm.cl\/?p=22044' aria-hidden='false' data-av_icon='\ue805' data-av_iconfont='entypo-fontello' title='' data-avia-related-tooltip='Compartir por correo'><span class='avia_hidden_link_text'>Compartir por correo<\/span><\/a><\/li><\/ul><\/div><\/div>\n<div  style='height:50px' class='hr hr-invisible   avia-builder-el-8  el_after_av_social_share  el_before_av_comments_list '><span class='hr-inner ' ><span class='hr-inner-style'><\/span><\/span><\/div>\n<div  class='av-buildercomment  av-blog-meta-html-info-disabled av-blog-meta-tag-disabled  '><\/div>\n","protected":false},"excerpt":{"rendered":"","protected":false},"author":1,"featured_media":22045,"comment_status":"open","ping_status":"open","sticky":false,"template":"","format":"standard","meta":{"footnotes":""},"categories":[38],"tags":[],"class_list":["post-22044","post","type-post","status-publish","format-standard","has-post-thumbnail","hentry","category-regional"],"jetpack_featured_media_url":"https:\/\/radiorevelacionfm.cl\/wp-content\/uploads\/2022\/09\/img-abigeato-muniaysen1-1-1.jpeg","_links":{"self":[{"href":"https:\/\/radiorevelacionfm.cl\/index.php?rest_route=\/wp\/v2\/posts\/22044","targetHints":{"allow":["GET"]}}],"collection":[{"href":"https:\/\/radiorevelacionfm.cl\/index.php?rest_route=\/wp\/v2\/posts"}],"about":[{"href":"https:\/\/radiorevelacionfm.cl\/index.php?rest_route=\/wp\/v2\/types\/post"}],"author":[{"embeddable":true,"href":"https:\/\/radiorevelacionfm.cl\/index.php?rest_route=\/wp\/v2\/users\/1"}],"replies":[{"embeddable":true,"href":"https:\/\/radiorevelacionfm.cl\/index.php?rest_route=%2Fwp%2Fv2%2Fcomments&post=22044"}],"version-history":[{"count":2,"href":"https:\/\/radiorevelacionfm.cl\/index.php?rest_route=\/wp\/v2\/posts\/22044\/revisions"}],"predecessor-version":[{"id":22047,"href":"https:\/\/radiorevelacionfm.cl\/index.php?rest_route=\/wp\/v2\/posts\/22044\/revisions\/22047"}],"wp:featuredmedia":[{"embeddable":true,"href":"https:\/\/radiorevelacionfm.cl\/index.php?rest_route=\/wp\/v2\/media\/22045"}],"wp:attachment":[{"href":"https:\/\/radiorevelacionfm.cl\/index.php?rest_route=%2Fwp%2Fv2%2Fmedia&parent=22044"}],"wp:term":[{"taxonomy":"category","embeddable":true,"href":"https:\/\/radiorevelacionfm.cl\/index.php?rest_route=%2Fwp%2Fv2%2Fcategories&post=22044"},{"taxonomy":"post_tag","embeddable":true,"href":"https:\/\/radiorevelacionfm.cl\/index.php?rest_route=%2Fwp%2Fv2%2Ftags&post=22044"}],"curies":[{"name":"wp","href":"https:\/\/api.w.org\/{rel}","templated":true}]}}