{"id":22033,"date":"2022-09-21T16:06:25","date_gmt":"2022-09-21T19:06:25","guid":{"rendered":"https:\/\/radiorevelacionfm.cl\/?p=22033"},"modified":"2022-09-21T16:06:25","modified_gmt":"2022-09-21T19:06:25","slug":"voceria-de-gobierno-realizara-dialogos-participativos-en-aysen-y-coyhaique","status":"publish","type":"post","link":"https:\/\/radiorevelacionfm.cl\/?p=22033","title":{"rendered":"Vocer\u00eda de Gobierno realizar\u00e1 di\u00e1logos participativos en Ays\u00e9n y Coyhaique"},"content":{"rendered":"<div class=\"flex_column av_one_full  flex_column_div av-zero-column-padding first  avia-builder-el-0  el_before_av_one_full  avia-builder-el-first  \" style='border-radius:0px; '><div  class='avia-image-container  av-styling-    avia-builder-el-1  avia-builder-el-no-sibling  avia-align-center '  itemprop=\"image\" itemscope=\"itemscope\" itemtype=\"https:\/\/schema.org\/ImageObject\"  ><div class='avia-image-container-inner'><div class='avia-image-overlay-wrap'><img decoding=\"async\" class='wp-image-22034 avia-img-lazy-loading-not-22034 avia_image' src=\"https:\/\/radiorevelacionfm.cl\/wp-content\/uploads\/2022\/09\/Voceria-1-1.jpeg\" alt='' title='Vocer\u00eda (1) (1)' height=\"600\" width=\"900\"  itemprop=\"thumbnailUrl\" srcset=\"https:\/\/radiorevelacionfm.cl\/wp-content\/uploads\/2022\/09\/Voceria-1-1.jpeg 900w, https:\/\/radiorevelacionfm.cl\/wp-content\/uploads\/2022\/09\/Voceria-1-1-300x200.jpeg 300w, https:\/\/radiorevelacionfm.cl\/wp-content\/uploads\/2022\/09\/Voceria-1-1-768x512.jpeg 768w, https:\/\/radiorevelacionfm.cl\/wp-content\/uploads\/2022\/09\/Voceria-1-1-705x470.jpeg 705w, https:\/\/radiorevelacionfm.cl\/wp-content\/uploads\/2022\/09\/Voceria-1-1-600x400.jpeg 600w\" sizes=\"(max-width: 900px) 100vw, 900px\" \/><\/div><\/div><\/div><\/div><div class=\"flex_column av_one_full  flex_column_div av-zero-column-padding first  avia-builder-el-2  el_after_av_one_full  el_before_av_one_full  column-top-margin\" style='border-radius:0px; '><section class=\"av_textblock_section \"  itemscope=\"itemscope\" itemtype=\"https:\/\/schema.org\/BlogPosting\" itemprop=\"blogPost\" ><div class='avia_textblock  '   itemprop=\"text\" ><p style=\"text-align: center;\"><span style=\"font-size: 18pt;\"><b>Vocer\u00eda de Gobierno realizar\u00e1 di\u00e1logos participativos en Ays\u00e9n y Coyhaique<\/b><\/span><\/p>\n<div id=\"gtx-trans\" style=\"position: absolute; left: -50px; top: 4.31534px;\">\n<div class=\"gtx-trans-icon\"><\/div>\n<\/div>\n<\/div><\/section><\/div><div class=\"flex_column av_one_full  flex_column_div av-zero-column-padding first  avia-builder-el-4  el_after_av_one_full  el_before_av_hr  column-top-margin\" style='border-radius:0px; '><section class=\"av_textblock_section \"  itemscope=\"itemscope\" itemtype=\"https:\/\/schema.org\/BlogPosting\" itemprop=\"blogPost\" ><div class='avia_textblock  '   itemprop=\"text\" ><div>\n<p class=\"v1MsoNormal\" style=\"text-align: justify;\">Con la finalidad de fortalecer y estimular la participaci\u00f3n ciudadana, especialmente de aquellos grupos minoritarios que hist\u00f3ricamente han sido excluidos, la Vocer\u00eda de Gobierno de nuestra regi\u00f3n se encuentra afinando los \u00faltimos detalles de dos di\u00e1logos que se realizar\u00e1n este jueves 22 de septiembre a las 18:30 en Puerto Ays\u00e9n y el\u00a0 viernes 23, en la Casa de la Cultura de Coyhaique.<\/p>\n<p class=\"v1MsoNormal\" style=\"text-align: justify;\">Al respecto, la Seremi Tatiana Pl\u00e1 \u00c1lvarez explic\u00f3 que en la instancia, que ser\u00e1 dirigida por un equipo de la Divisi\u00f3n de Organizaciones Sociales de Santiago, se buscar\u00e1 profundizar el diagn\u00f3stico sobre la igualdad sustantiva entre hombres y mujeres, para as\u00ed contar con insumos que permitan tomar medidas para trabajar sobre los diferentes \u00a0problemas y necesidades que se identifiquen.<\/p>\n<p class=\"v1MsoNormal\" style=\"text-align: justify;\">\u00abEn el marco de las medidas de g\u00e9nero comprometidas por la Unidad de Di\u00e1logos de la Divisi\u00f3n de Organizaciones Sociales (DOS), vamos a realizar estos di\u00e1logos participativos en todo el pa\u00eds entre los meses de septiembre y octubre, para generar as\u00ed un diagn\u00f3stico y obtener insumos para ajustar nuestra oferta program\u00e1tica en el eje\u00a0<b><i>Chile Igualitario<\/i><\/b>\u00a0para el a\u00f1o 2023&#8243;, explic\u00f3 la portavoz del Gobierno.<\/p>\n<p class=\"v1MsoNormal\" style=\"text-align: justify;\">\u00abEsta actividad ser\u00e1 implementada por la Divisi\u00f3n de Organizaciones Sociales, para as\u00ed dar cumplimiento a la voluntad del Presidente Gabriel Boric Font, de fortalecer la participaci\u00f3n ciudadana en la elaboraci\u00f3n de pol\u00edticas p\u00fablicas\u00bb, agreg\u00f3.<\/p>\n<p class=\"v1MsoNormal\" style=\"text-align: justify;\"><b>D.O.S.<\/b><\/p>\n<p class=\"v1MsoNormal\" style=\"text-align: justify;\">La Divisi\u00f3n de Organizaciones Sociales (DOS) es un organismo que depende del Ministerio Secretar\u00eda General de Gobierno cuya misi\u00f3n es facilitar la comunicaci\u00f3n entre el Gobierno y la sociedad civil, promoviendo la participaci\u00f3n ciudadana y entregando herramientas a las organizaciones sociales para fortalecer el rol que desempe\u00f1an en beneficio de la comunidad.<\/p>\n<\/div>\n<div style=\"text-align: justify;\"><\/div>\n<\/div><\/section><\/div><div  style='height:50px' class='hr hr-invisible   avia-builder-el-6  el_after_av_one_full  el_before_av_social_share '><span class='hr-inner ' ><span class='hr-inner-style'><\/span><\/span><\/div><\/p>\n<div  class='av-social-sharing-box  avia-builder-el-7  el_after_av_hr  el_before_av_hr  '><div class='av-share-box'><h5 class='av-share-link-description av-no-toc '>Compartir esta noticia<\/h5><ul class='av-share-box-list noLightbox'><li class='av-share-link av-social-link-facebook' ><a target=\"_blank\" aria-label=\"Compartir en Facebook\" href='https:\/\/www.facebook.com\/sharer.php?u=https:\/\/radiorevelacionfm.cl\/?p=22033&#038;t=Vocer%C3%ADa%20de%20Gobierno%20realizar%C3%A1%20di%C3%A1logos%20participativos%20en%20Ays%C3%A9n%20y%20Coyhaique' aria-hidden='false' data-av_icon='\ue8f3' data-av_iconfont='entypo-fontello' title='' data-avia-related-tooltip='Compartir en Facebook' rel=\"noopener\"><span class='avia_hidden_link_text'>Compartir en Facebook<\/span><\/a><\/li><li class='av-share-link av-social-link-twitter' ><a target=\"_blank\" aria-label=\"Compartir en Twitter\" href='https:\/\/twitter.com\/share?text=Vocer%C3%ADa%20de%20Gobierno%20realizar%C3%A1%20di%C3%A1logos%20participativos%20en%20Ays%C3%A9n%20y%20Coyhaique&#038;url=https:\/\/radiorevelacionfm.cl\/?p=22033' aria-hidden='false' data-av_icon='\ue8f1' data-av_iconfont='entypo-fontello' title='' data-avia-related-tooltip='Compartir en Twitter' rel=\"noopener\"><span class='avia_hidden_link_text'>Compartir en Twitter<\/span><\/a><\/li><li class='av-share-link av-social-link-whatsapp' ><a target=\"_blank\" aria-label=\"Compartir en Whatsapp\" href='https:\/\/api.whatsapp.com\/send?text=https:\/\/radiorevelacionfm.cl\/?p=22033' aria-hidden='false' data-av_icon='\uf232' data-av_iconfont='entypo-fontello' title='' data-avia-related-tooltip='Compartir en Whatsapp' rel=\"noopener\"><span class='avia_hidden_link_text'>Compartir en Whatsapp<\/span><\/a><\/li><li class='av-share-link av-social-link-linkedin' ><a target=\"_blank\" aria-label=\"Compartir en LinkedIn\" href='https:\/\/linkedin.com\/shareArticle?mini=true&#038;title=Vocer%C3%ADa%20de%20Gobierno%20realizar%C3%A1%20di%C3%A1logos%20participativos%20en%20Ays%C3%A9n%20y%20Coyhaique&#038;url=https:\/\/radiorevelacionfm.cl\/?p=22033' aria-hidden='false' data-av_icon='\ue8fc' data-av_iconfont='entypo-fontello' title='' data-avia-related-tooltip='Compartir en LinkedIn' rel=\"noopener\"><span class='avia_hidden_link_text'>Compartir en LinkedIn<\/span><\/a><\/li><li class='av-share-link av-social-link-mail' ><a  aria-label=\"Compartir por correo\" href='mailto:?subject=Vocer%C3%ADa%20de%20Gobierno%20realizar%C3%A1%20di%C3%A1logos%20participativos%20en%20Ays%C3%A9n%20y%20Coyhaique&#038;body=https:\/\/radiorevelacionfm.cl\/?p=22033' aria-hidden='false' data-av_icon='\ue805' data-av_iconfont='entypo-fontello' title='' data-avia-related-tooltip='Compartir por correo'><span class='avia_hidden_link_text'>Compartir por correo<\/span><\/a><\/li><\/ul><\/div><\/div>\n<div  style='height:50px' class='hr hr-invisible   avia-builder-el-8  el_after_av_social_share  el_before_av_comments_list '><span class='hr-inner ' ><span class='hr-inner-style'><\/span><\/span><\/div>\n<div  class='av-buildercomment  av-blog-meta-html-info-disabled av-blog-meta-tag-disabled  '><\/div>\n","protected":false},"excerpt":{"rendered":"","protected":false},"author":1,"featured_media":22034,"comment_status":"open","ping_status":"open","sticky":false,"template":"","format":"standard","meta":{"footnotes":""},"categories":[38],"tags":[],"class_list":["post-22033","post","type-post","status-publish","format-standard","has-post-thumbnail","hentry","category-regional"],"jetpack_featured_media_url":"https:\/\/radiorevelacionfm.cl\/wp-content\/uploads\/2022\/09\/Voceria-1-1.jpeg","_links":{"self":[{"href":"https:\/\/radiorevelacionfm.cl\/index.php?rest_route=\/wp\/v2\/posts\/22033","targetHints":{"allow":["GET"]}}],"collection":[{"href":"https:\/\/radiorevelacionfm.cl\/index.php?rest_route=\/wp\/v2\/posts"}],"about":[{"href":"https:\/\/radiorevelacionfm.cl\/index.php?rest_route=\/wp\/v2\/types\/post"}],"author":[{"embeddable":true,"href":"https:\/\/radiorevelacionfm.cl\/index.php?rest_route=\/wp\/v2\/users\/1"}],"replies":[{"embeddable":true,"href":"https:\/\/radiorevelacionfm.cl\/index.php?rest_route=%2Fwp%2Fv2%2Fcomments&post=22033"}],"version-history":[{"count":2,"href":"https:\/\/radiorevelacionfm.cl\/index.php?rest_route=\/wp\/v2\/posts\/22033\/revisions"}],"predecessor-version":[{"id":22039,"href":"https:\/\/radiorevelacionfm.cl\/index.php?rest_route=\/wp\/v2\/posts\/22033\/revisions\/22039"}],"wp:featuredmedia":[{"embeddable":true,"href":"https:\/\/radiorevelacionfm.cl\/index.php?rest_route=\/wp\/v2\/media\/22034"}],"wp:attachment":[{"href":"https:\/\/radiorevelacionfm.cl\/index.php?rest_route=%2Fwp%2Fv2%2Fmedia&parent=22033"}],"wp:term":[{"taxonomy":"category","embeddable":true,"href":"https:\/\/radiorevelacionfm.cl\/index.php?rest_route=%2Fwp%2Fv2%2Fcategories&post=22033"},{"taxonomy":"post_tag","embeddable":true,"href":"https:\/\/radiorevelacionfm.cl\/index.php?rest_route=%2Fwp%2Fv2%2Ftags&post=22033"}],"curies":[{"name":"wp","href":"https:\/\/api.w.org\/{rel}","templated":true}]}}