{"id":22029,"date":"2022-09-21T14:53:44","date_gmt":"2022-09-21T17:53:44","guid":{"rendered":"https:\/\/radiorevelacionfm.cl\/?p=22029"},"modified":"2022-09-21T14:53:44","modified_gmt":"2022-09-21T17:53:44","slug":"amplia-asistencia-marco-actividad-mi-mascota-dieciochera-desde-el-parque-municipal-de-aysen","status":"publish","type":"post","link":"https:\/\/radiorevelacionfm.cl\/?p=22029","title":{"rendered":"Amplia asistencia marc\u00f3 actividad \u201cMi Mascota Dieciochera\u201d desde el Parque Municipal de Ays\u00e9n"},"content":{"rendered":"<div class=\"flex_column av_one_full  flex_column_div av-zero-column-padding first  avia-builder-el-0  el_before_av_one_full  avia-builder-el-first  \" style='border-radius:0px; '><div  class='avia-image-container  av-styling-    avia-builder-el-1  avia-builder-el-no-sibling  avia-align-center '  itemprop=\"image\" itemscope=\"itemscope\" itemtype=\"https:\/\/schema.org\/ImageObject\"  ><div class='avia-image-container-inner'><div class='avia-image-overlay-wrap'><img decoding=\"async\" class='wp-image-22030 avia-img-lazy-loading-not-22030 avia_image' src=\"https:\/\/radiorevelacionfm.cl\/wp-content\/uploads\/2022\/09\/img-mascotas-muniaysen2-1-1.jpeg\" alt='' title='img-mascotas-muniaysen2 (1) (1)' height=\"600\" width=\"800\"  itemprop=\"thumbnailUrl\" srcset=\"https:\/\/radiorevelacionfm.cl\/wp-content\/uploads\/2022\/09\/img-mascotas-muniaysen2-1-1.jpeg 800w, https:\/\/radiorevelacionfm.cl\/wp-content\/uploads\/2022\/09\/img-mascotas-muniaysen2-1-1-300x225.jpeg 300w, https:\/\/radiorevelacionfm.cl\/wp-content\/uploads\/2022\/09\/img-mascotas-muniaysen2-1-1-768x576.jpeg 768w, https:\/\/radiorevelacionfm.cl\/wp-content\/uploads\/2022\/09\/img-mascotas-muniaysen2-1-1-705x529.jpeg 705w, https:\/\/radiorevelacionfm.cl\/wp-content\/uploads\/2022\/09\/img-mascotas-muniaysen2-1-1-600x450.jpeg 600w\" sizes=\"(max-width: 800px) 100vw, 800px\" \/><\/div><\/div><\/div><\/div><div class=\"flex_column av_one_full  flex_column_div av-zero-column-padding first  avia-builder-el-2  el_after_av_one_full  el_before_av_one_full  column-top-margin\" style='border-radius:0px; '><section class=\"av_textblock_section \"  itemscope=\"itemscope\" itemtype=\"https:\/\/schema.org\/BlogPosting\" itemprop=\"blogPost\" ><div class='avia_textblock  '   itemprop=\"text\" ><p style=\"text-align: center;\"><strong><span style=\"font-size: 18pt;\">Amplia asistencia marc\u00f3 actividad \u201cMi Mascota Dieciochera\u201d desde el Parque Municipal de Ays\u00e9n<\/span><\/strong><\/p>\n<div id=\"gtx-trans\" style=\"position: absolute; left: -50px; top: 4.31534px;\">\n<div class=\"gtx-trans-icon\"><\/div>\n<\/div>\n<\/div><\/section><\/div><div class=\"flex_column av_one_full  flex_column_div av-zero-column-padding first  avia-builder-el-4  el_after_av_one_full  el_before_av_hr  column-top-margin\" style='border-radius:0px; '><section class=\"av_textblock_section \"  itemscope=\"itemscope\" itemtype=\"https:\/\/schema.org\/BlogPosting\" itemprop=\"blogPost\" ><div class='avia_textblock  '   itemprop=\"text\" ><p style=\"text-align: justify;\">Como parte del cronograma con el que ayseninos y ayseninas celebraron las actividades patrias y tras la iniciativa de la Ilustre Municipalidad de Ays\u00e9n, m\u00e1s de una veintena de mascotas llegaron engalanadas para presentarse en la Muestra \u201cMi Mascota Dieciochera\u201d. Perros con distintas adaptaciones de trajes t\u00edpicos chilenos cautivaron a grandes y menores de edad presentes en el principal punto de celebraci\u00f3n de la Regi\u00f3n. En la instancia, adem\u00e1s, se efectu\u00f3 un operativo de implante de microchip de identificaci\u00f3n por parte de la Direcci\u00f3n de Aseo, Ornato y Medio Ambiente (DAOMA) de la casa edilicia y una jornada de adopci\u00f3n de cachorros tras la colaboraci\u00f3n de la organizaci\u00f3n animalista Ayra Ays\u00e9n.<\/p>\n<p style=\"text-align: justify;\">Al respecto el Encargado de Cultura, Cristi\u00e1n Torres Araneda, destac\u00f3 lo positivo de la muestra, \u201cpese al frio, tuvimos una concurrencia bastante grande, principalmente de perritos, sabemos que hoy los gatitos ronronean en sus casas. Los pap\u00e1s humanos de estas mascotas se portaron muy bien en llevarlos a ellos y disfrutar de estas jornadas. Junto con eso se realiz\u00f3 adem\u00e1s una jornada de adopci\u00f3n, y tambi\u00e9n desde nuestra veterinaria municipal, se estuvieron haciendo chipeos y desparasitarios. El llamado de nuestro alcalde tambi\u00e9n tiene que ver con incluir a todos y a todas, y eso incluye tambi\u00e9n, por cierto, a las mascotas\u201d.<\/p>\n<p style=\"text-align: justify;\">Adem\u00e1s, desde la agrupaci\u00f3n animalista Ayra, Jessica \u00c1vila, agreg\u00f3 que su asistencia a la actividad result\u00f3 previo a la invitaci\u00f3n del municipio aysenino a trav\u00e9s de la Unidad de Cultura. Instancia que fue aprovechada por la organizaci\u00f3n para buscar un hogar definitivo a perritos que a\u00fan no poseen due\u00f1o, \u201cas\u00ed es que nosotros hacemos un llamado a la tenencia responsable, a que vacunen, esterilicen, no abandonen, y brinden los cuidados b\u00e1sicos de una mascota\u201d, puntualizando la labor que generan desde la organizaci\u00f3n en pos de los animales en la comuna porte\u00f1a.<\/p>\n<p style=\"text-align: justify;\">El primer premio fue para el canino Domke, acompa\u00f1ado de su due\u00f1o, Alex Pe\u00f1a quien coment\u00f3 que, \u201cNunca nos hab\u00edamos subido a participar, mi se\u00f1ora que quiso vestirlo de huaso y traerlo. Esto incentiva a tener mascotas, y su tenencia responsable. Nosotros a \u00e9l lo recogimos hace cuatro a\u00f1os y ya es parte de nuestra familia\u201d.<\/p>\n<p style=\"text-align: justify;\">Finalmente, Camila Kert, quien fue asistente a la actividad enfatiz\u00f3 en la importancia de contar con estos espacios para fomentar el cuidado y la responsabilidad con las mascotas, \u201cme encant\u00f3 todo ac\u00e1 es s\u00faper bonito, la gente muy comprometida con estas actividades por lo que, estamos felices de estar aqu\u00ed\u201d, sentenci\u00f3 la habitante de Puerto Ays\u00e9n.<\/p>\n<p style=\"text-align: justify;\">Los premios de esta jornada que se resumen en comida y accesorios para las mascotas fueron aportados por la Tienda local \u201cCarnaval Animal\u201d.<\/p>\n<\/div><\/section><\/div><div  style='height:50px' class='hr hr-invisible   avia-builder-el-6  el_after_av_one_full  el_before_av_social_share '><span class='hr-inner ' ><span class='hr-inner-style'><\/span><\/span><\/div><\/p>\n<div  class='av-social-sharing-box  avia-builder-el-7  el_after_av_hr  el_before_av_hr  '><div class='av-share-box'><h5 class='av-share-link-description av-no-toc '>Compartir esta noticia<\/h5><ul class='av-share-box-list noLightbox'><li class='av-share-link av-social-link-facebook' ><a target=\"_blank\" aria-label=\"Compartir en Facebook\" href='https:\/\/www.facebook.com\/sharer.php?u=https:\/\/radiorevelacionfm.cl\/?p=22029&#038;t=Amplia%20asistencia%20marc%C3%B3%20actividad%20%E2%80%9CMi%20Mascota%20Dieciochera%E2%80%9D%20desde%20el%20Parque%20Municipal%20de%20Ays%C3%A9n' aria-hidden='false' data-av_icon='\ue8f3' data-av_iconfont='entypo-fontello' title='' data-avia-related-tooltip='Compartir en Facebook' rel=\"noopener\"><span class='avia_hidden_link_text'>Compartir en Facebook<\/span><\/a><\/li><li class='av-share-link av-social-link-twitter' ><a target=\"_blank\" aria-label=\"Compartir en Twitter\" href='https:\/\/twitter.com\/share?text=Amplia%20asistencia%20marc%C3%B3%20actividad%20%E2%80%9CMi%20Mascota%20Dieciochera%E2%80%9D%20desde%20el%20Parque%20Municipal%20de%20Ays%C3%A9n&#038;url=https:\/\/radiorevelacionfm.cl\/?p=22029' aria-hidden='false' data-av_icon='\ue8f1' data-av_iconfont='entypo-fontello' title='' data-avia-related-tooltip='Compartir en Twitter' rel=\"noopener\"><span class='avia_hidden_link_text'>Compartir en Twitter<\/span><\/a><\/li><li class='av-share-link av-social-link-whatsapp' ><a target=\"_blank\" aria-label=\"Compartir en Whatsapp\" href='https:\/\/api.whatsapp.com\/send?text=https:\/\/radiorevelacionfm.cl\/?p=22029' aria-hidden='false' data-av_icon='\uf232' data-av_iconfont='entypo-fontello' title='' data-avia-related-tooltip='Compartir en Whatsapp' rel=\"noopener\"><span class='avia_hidden_link_text'>Compartir en Whatsapp<\/span><\/a><\/li><li class='av-share-link av-social-link-linkedin' ><a target=\"_blank\" aria-label=\"Compartir en LinkedIn\" href='https:\/\/linkedin.com\/shareArticle?mini=true&#038;title=Amplia%20asistencia%20marc%C3%B3%20actividad%20%E2%80%9CMi%20Mascota%20Dieciochera%E2%80%9D%20desde%20el%20Parque%20Municipal%20de%20Ays%C3%A9n&#038;url=https:\/\/radiorevelacionfm.cl\/?p=22029' aria-hidden='false' data-av_icon='\ue8fc' data-av_iconfont='entypo-fontello' title='' data-avia-related-tooltip='Compartir en LinkedIn' rel=\"noopener\"><span class='avia_hidden_link_text'>Compartir en LinkedIn<\/span><\/a><\/li><li class='av-share-link av-social-link-mail' ><a  aria-label=\"Compartir por correo\" href='mailto:?subject=Amplia%20asistencia%20marc%C3%B3%20actividad%20%E2%80%9CMi%20Mascota%20Dieciochera%E2%80%9D%20desde%20el%20Parque%20Municipal%20de%20Ays%C3%A9n&#038;body=https:\/\/radiorevelacionfm.cl\/?p=22029' aria-hidden='false' data-av_icon='\ue805' data-av_iconfont='entypo-fontello' title='' data-avia-related-tooltip='Compartir por correo'><span class='avia_hidden_link_text'>Compartir por correo<\/span><\/a><\/li><\/ul><\/div><\/div>\n<div  style='height:50px' class='hr hr-invisible   avia-builder-el-8  el_after_av_social_share  el_before_av_comments_list '><span class='hr-inner ' ><span class='hr-inner-style'><\/span><\/span><\/div>\n<div  class='av-buildercomment  av-blog-meta-html-info-disabled av-blog-meta-tag-disabled  '><\/div>\n","protected":false},"excerpt":{"rendered":"","protected":false},"author":1,"featured_media":22030,"comment_status":"open","ping_status":"open","sticky":false,"template":"","format":"standard","meta":{"footnotes":""},"categories":[38],"tags":[],"class_list":["post-22029","post","type-post","status-publish","format-standard","has-post-thumbnail","hentry","category-regional"],"jetpack_featured_media_url":"https:\/\/radiorevelacionfm.cl\/wp-content\/uploads\/2022\/09\/img-mascotas-muniaysen2-1-1.jpeg","_links":{"self":[{"href":"https:\/\/radiorevelacionfm.cl\/index.php?rest_route=\/wp\/v2\/posts\/22029","targetHints":{"allow":["GET"]}}],"collection":[{"href":"https:\/\/radiorevelacionfm.cl\/index.php?rest_route=\/wp\/v2\/posts"}],"about":[{"href":"https:\/\/radiorevelacionfm.cl\/index.php?rest_route=\/wp\/v2\/types\/post"}],"author":[{"embeddable":true,"href":"https:\/\/radiorevelacionfm.cl\/index.php?rest_route=\/wp\/v2\/users\/1"}],"replies":[{"embeddable":true,"href":"https:\/\/radiorevelacionfm.cl\/index.php?rest_route=%2Fwp%2Fv2%2Fcomments&post=22029"}],"version-history":[{"count":2,"href":"https:\/\/radiorevelacionfm.cl\/index.php?rest_route=\/wp\/v2\/posts\/22029\/revisions"}],"predecessor-version":[{"id":22036,"href":"https:\/\/radiorevelacionfm.cl\/index.php?rest_route=\/wp\/v2\/posts\/22029\/revisions\/22036"}],"wp:featuredmedia":[{"embeddable":true,"href":"https:\/\/radiorevelacionfm.cl\/index.php?rest_route=\/wp\/v2\/media\/22030"}],"wp:attachment":[{"href":"https:\/\/radiorevelacionfm.cl\/index.php?rest_route=%2Fwp%2Fv2%2Fmedia&parent=22029"}],"wp:term":[{"taxonomy":"category","embeddable":true,"href":"https:\/\/radiorevelacionfm.cl\/index.php?rest_route=%2Fwp%2Fv2%2Fcategories&post=22029"},{"taxonomy":"post_tag","embeddable":true,"href":"https:\/\/radiorevelacionfm.cl\/index.php?rest_route=%2Fwp%2Fv2%2Ftags&post=22029"}],"curies":[{"name":"wp","href":"https:\/\/api.w.org\/{rel}","templated":true}]}}