{"id":2202,"date":"2021-01-29T12:33:00","date_gmt":"2021-01-29T15:33:00","guid":{"rendered":"https:\/\/radiorevelacionfm.cl\/?p=2202"},"modified":"2021-01-29T12:33:00","modified_gmt":"2021-01-29T15:33:00","slug":"grupo-transversal-de-lideres-impulsara-lineas-claves-del-hidrogeno-verde","status":"publish","type":"post","link":"https:\/\/radiorevelacionfm.cl\/?p=2202","title":{"rendered":"Grupo transversal de l\u00edderes impulsar\u00e1 l\u00edneas claves del hidr\u00f3geno verde"},"content":{"rendered":"<div class=\"flex_column av_one_full  flex_column_div av-zero-column-padding first  avia-builder-el-0  el_before_av_one_full  avia-builder-el-first  \" style='border-radius:0px; '><div  class='avia-image-container  av-styling-    avia-builder-el-1  avia-builder-el-no-sibling  avia-align-center '  itemprop=\"image\" itemscope=\"itemscope\" itemtype=\"https:\/\/schema.org\/ImageObject\"  ><div class='avia-image-container-inner'><div class='avia-image-overlay-wrap'><img decoding=\"async\" class='wp-image-0 avia-img-lazy-loading-not-0 avia_image' src=\"https:\/\/radiorevelacionfm.cl\/wp-content\/uploads\/2021\/01\/embajadores-h2-verde-1.jpg\" alt='' title=''   itemprop=\"thumbnailUrl\"  \/><\/div><\/div><\/div><\/div><div class=\"flex_column av_one_full  flex_column_div av-zero-column-padding first  avia-builder-el-2  el_after_av_one_full  el_before_av_one_full  column-top-margin\" style='border-radius:0px; '><section class=\"av_textblock_section \"  itemscope=\"itemscope\" itemtype=\"https:\/\/schema.org\/BlogPosting\" itemprop=\"blogPost\" ><div class='avia_textblock  '   itemprop=\"text\" ><p style=\"text-align: center;\"><span style=\"font-size: 18pt;\"><strong>Grupo transversal de l\u00edderes impulsar\u00e1 l\u00edneas claves del hidr\u00f3geno verde<\/strong><\/span><\/p>\n<div id=\"gtx-trans\" style=\"position: absolute; left: -50px; top: 4.31534px;\">\n<div class=\"gtx-trans-icon\"><\/div>\n<\/div>\n<\/div><\/section><\/div><div class=\"flex_column av_one_full  flex_column_div av-zero-column-padding first  avia-builder-el-4  el_after_av_one_full  el_before_av_hr  column-top-margin\" style='border-radius:0px; '><section class=\"av_textblock_section \"  itemscope=\"itemscope\" itemtype=\"https:\/\/schema.org\/BlogPosting\" itemprop=\"blogPost\" ><div class='avia_textblock  '   itemprop=\"text\" ><p style=\"text-align: justify;\">Con el objetivo de materializar la ambiciosa Estrategia de Hidr\u00f3geno Verde liderada por el Ministerio de Energ\u00eda, esta semana el ministro de la cartera, Juan Carlos Jobet, anunci\u00f3 la conformaci\u00f3n de un grupo de embajadores para el hidr\u00f3geno verde que tendr\u00e1n como misi\u00f3n impulsar avances en nueve ejes estrat\u00e9gicos: miner\u00eda, transportes, petr\u00f3leo y gas, exportaci\u00f3n, educaci\u00f3n y ciudadan\u00eda, financiamiento e incentivos, encadenamiento econ\u00f3mico y pymes, valor local y comunidades y capital humano.<\/p>\n<p style=\"text-align: justify;\">Este grupo estar\u00e1 a cargo de apoyar la labor del Ministerio de Energ\u00eda y otras instituciones p\u00fablicas y privadas en reducir las barreras al desarrollo del hidr\u00f3geno verde en Chile, as\u00ed como actuar como puente con la ciudadan\u00eda y los diversos grupos de inter\u00e9s para comunicar las oportunidades y los desaf\u00edos de esta nueva industria.<\/p>\n<p style=\"text-align: justify;\">En ese sentido, Jobet se\u00f1al\u00f3 que \u201cdesarrollar la industria del hidr\u00f3geno verde nos permitir\u00e1 \u2013 en s\u00f3lo una generaci\u00f3n- cambiar la matriz productiva de Chile. Una oportunidad tan importante se presenta muy de vez en cuando en la historia de los pa\u00edses. Por eso, desde el ministerio de Energ\u00eda estamos impulsando el hidr\u00f3geno verde con visi\u00f3n de Estado y mirada de largo plazo. Debemos trabajar colaborativamente Gobierno, l\u00edderes de opini\u00f3n, ONGs y empresas, y precisamente es esto, lo que estamos materializando a trav\u00e9s de este grupo de embajadores\u201d.<\/p>\n<p style=\"text-align: justify;\">Entre los 19 embajadores, destacan personalidades como Eduardo Frei, David Gallagher, Eduardo Bitr\u00e1n, Javiera Parada, Pedro Pablo Err\u00e1zuriz, Loreto Silva, Daniel Fern\u00e1ndez, Francisca Castro, Josefina Montenegro, Marcos Lima, entre otros.<\/p>\n<p style=\"text-align: justify;\">Asimismo, el Ministro detall\u00f3 que el pr\u00f3ximo paso ser\u00e1 definir los cap\u00edtulos regionales, con l\u00edderes de las propias regiones. \u201cEsto es esencial porque la industria se desarrollar\u00e1 como polos tanto en el Norte como el extremo Sur, que es donde est\u00e1n las mejores condiciones naturales. Y la participaci\u00f3n de los l\u00edderes locales desde el principio es fundamental para recoger la realidad de cada zona\u201d, agreg\u00f3.<\/p>\n<p style=\"text-align: justify;\">Por su parte, el Seremi de Energ\u00eda de Ays\u00e9n, Juan Luis Amen\u00e1bar, indic\u00f3 que \u201cnuestra regi\u00f3n cuenta con muchos recursos naturales no explotados a\u00fan, como las energ\u00edas renovables necesarias para la producci\u00f3n del hidr\u00f3geno verde. Por lo mismo, tiene gran relevancia este nuevo grupo de \u2018embajadores\u2019, ya que realizando un trabajo conjunto con todos los actores involucrados, el posible desarrollo de un energ\u00e9tico propio como \u00e9ste, aportar\u00eda en Ays\u00e9n a contar con mayor independencia en materia energ\u00e9tica, diversificando nuestra matriz a todo nivel y aumentando el respaldo en nuestros sistemas el\u00e9ctricos, entre otros beneficios\u201d.<\/p>\n<p style=\"text-align: justify;\">La estrategia plantea- en su primera fase- desarrollar el mercado dom\u00e9stico para luego iniciar la etapa de exportaci\u00f3n. Actualmente, se est\u00e1n evaluando m\u00e1s de 20 proyectos pilotos de hidr\u00f3geno verde en Chile. Adem\u00e1s, a partir de energ\u00edas renovables, como la e\u00f3lica y la solar, algunos proyectos producir\u00e1n hidr\u00f3geno verde para ser usado como energ\u00e9tico y otros para generar derivados como el amon\u00edaco, metanol y otros combustibles verdes. Adem\u00e1s, se est\u00e1n desarrollando una serie de proyectos de innovaci\u00f3n para reemplazar equipos di\u00e9sel por aplicaciones que usen hidr\u00f3geno como combustible, tales como trenes, camiones mineros y embarcaciones menores.<\/p>\n<\/div><\/section><\/div><div  style='height:50px' class='hr hr-invisible   avia-builder-el-6  el_after_av_one_full  el_before_av_social_share '><span class='hr-inner ' ><span class='hr-inner-style'><\/span><\/span><\/div><\/p>\n<div  class='av-social-sharing-box  avia-builder-el-7  el_after_av_hr  el_before_av_hr  '><div class='av-share-box'><h5 class='av-share-link-description av-no-toc '>Compartir esta noticia<\/h5><ul class='av-share-box-list noLightbox'><li class='av-share-link av-social-link-facebook' ><a target=\"_blank\" aria-label=\"Compartir en Facebook\" href='https:\/\/www.facebook.com\/sharer.php?u=https:\/\/radiorevelacionfm.cl\/?p=2202&#038;t=Grupo%20transversal%20de%20l%C3%ADderes%20impulsar%C3%A1%20l%C3%ADneas%20claves%20del%20hidr%C3%B3geno%20verde' aria-hidden='false' data-av_icon='\ue8f3' data-av_iconfont='entypo-fontello' title='' data-avia-related-tooltip='Compartir en Facebook' rel=\"noopener\"><span class='avia_hidden_link_text'>Compartir en Facebook<\/span><\/a><\/li><li class='av-share-link av-social-link-twitter' ><a target=\"_blank\" aria-label=\"Compartir en Twitter\" href='https:\/\/twitter.com\/share?text=Grupo%20transversal%20de%20l%C3%ADderes%20impulsar%C3%A1%20l%C3%ADneas%20claves%20del%20hidr%C3%B3geno%20verde&#038;url=https:\/\/radiorevelacionfm.cl\/?p=2202' aria-hidden='false' data-av_icon='\ue8f1' data-av_iconfont='entypo-fontello' title='' data-avia-related-tooltip='Compartir en Twitter' rel=\"noopener\"><span class='avia_hidden_link_text'>Compartir en Twitter<\/span><\/a><\/li><li class='av-share-link av-social-link-whatsapp' ><a target=\"_blank\" aria-label=\"Compartir en Whatsapp\" href='https:\/\/api.whatsapp.com\/send?text=https:\/\/radiorevelacionfm.cl\/?p=2202' aria-hidden='false' data-av_icon='\uf232' data-av_iconfont='entypo-fontello' title='' data-avia-related-tooltip='Compartir en Whatsapp' rel=\"noopener\"><span class='avia_hidden_link_text'>Compartir en Whatsapp<\/span><\/a><\/li><li class='av-share-link av-social-link-linkedin' ><a target=\"_blank\" aria-label=\"Compartir en LinkedIn\" href='https:\/\/linkedin.com\/shareArticle?mini=true&#038;title=Grupo%20transversal%20de%20l%C3%ADderes%20impulsar%C3%A1%20l%C3%ADneas%20claves%20del%20hidr%C3%B3geno%20verde&#038;url=https:\/\/radiorevelacionfm.cl\/?p=2202' aria-hidden='false' data-av_icon='\ue8fc' data-av_iconfont='entypo-fontello' title='' data-avia-related-tooltip='Compartir en LinkedIn' rel=\"noopener\"><span class='avia_hidden_link_text'>Compartir en LinkedIn<\/span><\/a><\/li><li class='av-share-link av-social-link-mail' ><a  aria-label=\"Compartir por correo\" href='mailto:?subject=Grupo%20transversal%20de%20l%C3%ADderes%20impulsar%C3%A1%20l%C3%ADneas%20claves%20del%20hidr%C3%B3geno%20verde&#038;body=https:\/\/radiorevelacionfm.cl\/?p=2202' aria-hidden='false' data-av_icon='\ue805' data-av_iconfont='entypo-fontello' title='' data-avia-related-tooltip='Compartir por correo'><span class='avia_hidden_link_text'>Compartir por correo<\/span><\/a><\/li><\/ul><\/div><\/div>\n<div  style='height:50px' class='hr hr-invisible   avia-builder-el-8  el_after_av_social_share  el_before_av_comments_list '><span class='hr-inner ' ><span class='hr-inner-style'><\/span><\/span><\/div>\n<div  class='av-buildercomment  av-blog-meta-html-info-disabled av-blog-meta-tag-disabled  '><\/div>\n","protected":false},"excerpt":{"rendered":"","protected":false},"author":1,"featured_media":0,"comment_status":"open","ping_status":"open","sticky":false,"template":"","format":"standard","meta":{"footnotes":""},"categories":[39],"tags":[],"class_list":["post-2202","post","type-post","status-publish","format-standard","hentry","category-medio-ambiente"],"jetpack_featured_media_url":"","_links":{"self":[{"href":"https:\/\/radiorevelacionfm.cl\/index.php?rest_route=\/wp\/v2\/posts\/2202","targetHints":{"allow":["GET"]}}],"collection":[{"href":"https:\/\/radiorevelacionfm.cl\/index.php?rest_route=\/wp\/v2\/posts"}],"about":[{"href":"https:\/\/radiorevelacionfm.cl\/index.php?rest_route=\/wp\/v2\/types\/post"}],"author":[{"embeddable":true,"href":"https:\/\/radiorevelacionfm.cl\/index.php?rest_route=\/wp\/v2\/users\/1"}],"replies":[{"embeddable":true,"href":"https:\/\/radiorevelacionfm.cl\/index.php?rest_route=%2Fwp%2Fv2%2Fcomments&post=2202"}],"version-history":[{"count":1,"href":"https:\/\/radiorevelacionfm.cl\/index.php?rest_route=\/wp\/v2\/posts\/2202\/revisions"}],"predecessor-version":[{"id":2204,"href":"https:\/\/radiorevelacionfm.cl\/index.php?rest_route=\/wp\/v2\/posts\/2202\/revisions\/2204"}],"wp:attachment":[{"href":"https:\/\/radiorevelacionfm.cl\/index.php?rest_route=%2Fwp%2Fv2%2Fmedia&parent=2202"}],"wp:term":[{"taxonomy":"category","embeddable":true,"href":"https:\/\/radiorevelacionfm.cl\/index.php?rest_route=%2Fwp%2Fv2%2Fcategories&post=2202"},{"taxonomy":"post_tag","embeddable":true,"href":"https:\/\/radiorevelacionfm.cl\/index.php?rest_route=%2Fwp%2Fv2%2Ftags&post=2202"}],"curies":[{"name":"wp","href":"https:\/\/api.w.org\/{rel}","templated":true}]}}