{"id":22011,"date":"2022-09-20T21:07:35","date_gmt":"2022-09-21T00:07:35","guid":{"rendered":"https:\/\/radiorevelacionfm.cl\/?p=22011"},"modified":"2022-09-20T21:07:35","modified_gmt":"2022-09-21T00:07:35","slug":"aysen-autoridades-destacan-comportamiento-de-la-comunidad-tras-balance-de-fiestas-patrias","status":"publish","type":"post","link":"https:\/\/radiorevelacionfm.cl\/?p=22011","title":{"rendered":"Ays\u00e9n: Autoridades destacan comportamiento de la comunidad tras balance de Fiestas Patrias"},"content":{"rendered":"<div class=\"flex_column av_one_full  flex_column_div av-zero-column-padding first  avia-builder-el-0  el_before_av_one_full  avia-builder-el-first  \" style='border-radius:0px; '><div  class='avia-image-container  av-styling-    avia-builder-el-1  avia-builder-el-no-sibling  avia-align-center '  itemprop=\"image\" itemscope=\"itemscope\" itemtype=\"https:\/\/schema.org\/ImageObject\"  ><div class='avia-image-container-inner'><div class='avia-image-overlay-wrap'><img decoding=\"async\" class='wp-image-22012 avia-img-lazy-loading-not-22012 avia_image' src=\"https:\/\/radiorevelacionfm.cl\/wp-content\/uploads\/2022\/09\/image-92-1.jpg\" alt='' title='image (92) (1)' height=\"600\" width=\"875\"  itemprop=\"thumbnailUrl\" srcset=\"https:\/\/radiorevelacionfm.cl\/wp-content\/uploads\/2022\/09\/image-92-1.jpg 875w, https:\/\/radiorevelacionfm.cl\/wp-content\/uploads\/2022\/09\/image-92-1-300x206.jpg 300w, https:\/\/radiorevelacionfm.cl\/wp-content\/uploads\/2022\/09\/image-92-1-768x527.jpg 768w, https:\/\/radiorevelacionfm.cl\/wp-content\/uploads\/2022\/09\/image-92-1-705x483.jpg 705w, https:\/\/radiorevelacionfm.cl\/wp-content\/uploads\/2022\/09\/image-92-1-600x411.jpg 600w\" sizes=\"(max-width: 875px) 100vw, 875px\" \/><\/div><\/div><\/div><\/div><div class=\"flex_column av_one_full  flex_column_div av-zero-column-padding first  avia-builder-el-2  el_after_av_one_full  el_before_av_one_full  column-top-margin\" style='border-radius:0px; '><section class=\"av_textblock_section \"  itemscope=\"itemscope\" itemtype=\"https:\/\/schema.org\/BlogPosting\" itemprop=\"blogPost\" ><div class='avia_textblock  '   itemprop=\"text\" ><p style=\"text-align: center;\"><strong><span style=\"font-size: 18pt;\">Ays\u00e9n: Autoridades destacan comportamiento de la comunidad tras balance de Fiestas Patrias<\/span><\/strong><\/p>\n<div id=\"gtx-trans\" style=\"position: absolute; left: -50px; top: 4.31534px;\">\n<div class=\"gtx-trans-icon\"><\/div>\n<\/div>\n<\/div><\/section><\/div><div class=\"flex_column av_one_full  flex_column_div av-zero-column-padding first  avia-builder-el-4  el_after_av_one_full  el_before_av_hr  column-top-margin\" style='border-radius:0px; '><section class=\"av_textblock_section \"  itemscope=\"itemscope\" itemtype=\"https:\/\/schema.org\/BlogPosting\" itemprop=\"blogPost\" ><div class='avia_textblock  '   itemprop=\"text\" ><p class=\"v1MsoNormal\" style=\"text-align: justify;\">M\u00faltiples servicios desarrollaron las polic\u00edas a nivel regional, con \u00e9nfasis en el control y la prevenci\u00f3n, sin que se registraran hechos asociados directamente a las celebraciones.<\/p>\n<p class=\"v1MsoNormal\" style=\"text-align: justify;\">Por otra parte, se desarrollan diligencias tras un homicidio en Puerto Cisnes y el fallecimiento de una persona en un accidente de tr\u00e1nsito, entre otros hechos, ocurridos en contextos no asociados a festividades patrias.<\/p>\n<p class=\"v1MsoNormal\" style=\"text-align: justify;\">Luego de dos a\u00f1os de pandemia, hoy ha habido un alto desplazamiento de personas tanto dentro de la regi\u00f3n como hacia Argentina, tras lo cual se desarrollaron diversas coordinaciones interinstitucionales con la finalidad de atender eventuales emergencias durante el feriado de fiestas patrias.<\/p>\n<p class=\"v1MsoNormal\" style=\"text-align: justify;\">\u00abLos resultados (&#8230;) son bastante buenos, los incidentes y accidentes han sido casi de la misma cuant\u00eda que en los dos a\u00f1os de pandemia cuando hubo mucho menos desplazamiento de veh\u00edculos\u00bb, expres\u00f3 el Delegado Presidencial Regional, quien lament\u00f3 el fallecimiento de personas, entre ellos, un ciudadano quien perdi\u00f3 la vida en horas de la madrugada del martes, luego que el veh\u00edculo en que viajaba -como copiloto- se estrell\u00f3 con uno de los pilares del puente colgante Presidente Ib\u00e1\u00f1ez en la ciudad de Puerto Ays\u00e9n.<\/p>\n<p class=\"v1MsoNormal\" style=\"text-align: justify;\"><b>Controles<\/b><\/p>\n<p class=\"v1MsoNormal\" style=\"text-align: justify;\">El Jefe de la XI Zona de Carabineros Ays\u00e9n, General Hugo Zenteno V\u00e1squez, indic\u00f3 que la Instituci\u00f3n mantuvo \u2013durante fiestas patrias un amplio despliegue en rutas, efectuando 1.150 controles vehiculares, de los cuales 315 fueron por alcotest y 18 mediante equipo de narcotest.<\/p>\n<p class=\"v1MsoNormal\" style=\"text-align: justify;\">\u00abTuvimos siete personas por conducir en estado de ebriedad, dos por conducir bajo la influencia del alcohol y otras 2 por narcotest. En el periodo de fiestas patrias no tuvimos muertos que lamentar, excepto (el hecho) de esta madrugada pero que est\u00e1 fuera de fiestas patrias\u00bb, expres\u00f3 el Jefe de Zona.<\/p>\n<p class=\"v1MsoNormal\" style=\"text-align: justify;\">Asimismo el Oficial General, indic\u00f3 que Carabineros tuvo diversas actuaciones enfocadas en la prevenci\u00f3n de accidentes y delitos. A lo anterior se suman lesiones producto de arma blanca con resultado de lesiones leves.<\/p>\n<p class=\"v1MsoNormal\" style=\"text-align: justify;\">\u00abRespecto a los fallecidos, tuvimos un homicidio en el sector de Cisnes, donde Carabineros logr\u00f3 identificar a las personas y la investigaci\u00f3n est\u00e1 en manos de la PDI. Hay una persona lesionada grave y que est\u00e1 en el hospital y estamos l\u00f3gicamente esperando que se recupere\u00bb, indic\u00f3.<\/p>\n<p class=\"v1MsoNormal\" style=\"text-align: justify;\">Paralelamente en la ribera del r\u00edo Ays\u00e9n se registr\u00f3 un hallazgo de cad\u00e1ver sumado al fallecimiento de un infante en el sector capillas de m\u00e1rmol.<\/p>\n<p class=\"v1MsoNormal\" style=\"text-align: justify;\"><b>Investigaci\u00f3n y movimiento migratorio<\/b><\/p>\n<p class=\"v1MsoNormal\" style=\"text-align: justify;\">Por su parte el Prefecto H\u00e9ctor Moya de la PDI se\u00f1al\u00f3 que respecto al homicidio registrado en Puerto Cisnes, Carabineros inici\u00f3 el trabajo, en tanto que las diligencias fueron coordinadas por la Fiscal\u00eda con la PDI, la cual en t\u00e9rminos investigativos fue resuelto en menos de ocho horas, habiendo al momento una persona imputada por este hecho.<\/p>\n<p class=\"v1MsoNormal\" style=\"text-align: justify;\">Casi diez mil movimientos migratorios, tanto de entrada como de salida del pa\u00eds, se registraron en los tres pasos fronterizos habilitados en la Regi\u00f3n de Ays\u00e9n, entre los d\u00edas 14 y 19 de septiembre, en el marco de las festividades patrias.<\/p>\n<p class=\"v1MsoNormal\" style=\"text-align: justify;\">Se trata del Paso Jeinimeni en la comuna de Chile Chico, con 3.507 movimientos registrados por la Polic\u00eda de Investigaciones (PDI); el Paso Puerto Ib\u00e1\u00f1ez-Pallavicini, con 3.897 movimientos acreditados en Carabineros y el Paso Integrado Huemules, en la localidad de Balmaceda, con 2.401 entradas y salidas del pa\u00eds reportadas por la PDI.<\/p>\n<p class=\"v1MsoNormal\" style=\"text-align: justify;\"><b>Destacan comportamiento<\/b><\/p>\n<p class=\"v1MsoNormal\" style=\"text-align: justify;\">Paralelamente, la Seremi de Transportes, Claudia Cantero Delgado, destac\u00f3 la ausencia de personas fallecidas en siniestros de tr\u00e1nsito asociados a fiestas patrias.<\/p>\n<p class=\"v1MsoNormal\" style=\"text-align: justify;\">\u00abLa ciudadan\u00eda se ha comportado de una manera bastante correcta y adecuada. Queremos seguir en esa misma senda. El trabajo que se ha desarrollado por la Coreset de manera coordinada con polic\u00edas, con ONEMI, con instituciones, con la Delegaci\u00f3n, las Municipalidades, est\u00e1 dando sus frutos\u00bb, indic\u00f3.<\/p>\n<p class=\"v1MsoNormal\" style=\"text-align: justify;\">\u00abNuestra regi\u00f3n tuvo uno de los mejores comportamientos en temas de cifras en nuestro pa\u00eds. La mayor cantidad de siniestros de tr\u00e1nsito ocurrieron en sectores rurales de nuestra regi\u00f3n, por lo tanto, la invitaci\u00f3n a la ciudadan\u00eda siempre es a conducir con precauci\u00f3n, tener en consideraci\u00f3n las condiciones de la ruta sobre todo en \u00e9poca de invierno y escarcha\u00bb, precis\u00f3.<\/p>\n<p class=\"v1MsoNormal\" style=\"text-align: justify;\"><b>\u00a058 servicios policiales<\/b><\/p>\n<p class=\"v1MsoNormal\" style=\"text-align: justify;\">Por su parte el Coordinador Regional de Seguridad P\u00fablica, Crist\u00f3bal Barcel\u00f3, resalt\u00f3 el trabajo coordinado entre el Gobierno y las instituciones que trabajan en la emergencia como en actividades de servicios policiales y prevenci\u00f3n del delito.<\/p>\n<p class=\"v1MsoNormal\" style=\"text-align: justify;\">\u00abHubo 58 servicios policiales asociados a 58 actividades en este fin de semana largo y en ese sentido tuvimos un despliegue tanto de PDI, Carabineros de Chile, Senda a trav\u00e9s de servicios tolerancia cero, a trav\u00e9s de reuniones previas que coordinamos. Seguimos llamando al autocuidado y a la prevenci\u00f3n teniendo en consideraci\u00f3n que en octubre viene un fin de semana con actividades en conmemoraci\u00f3n (del aniversario) de Coyhaique\u00bb, finaliz\u00f3.<\/p>\n<\/div><\/section><\/div><div  style='height:50px' class='hr hr-invisible   avia-builder-el-6  el_after_av_one_full  el_before_av_social_share '><span class='hr-inner ' ><span class='hr-inner-style'><\/span><\/span><\/div><\/p>\n<div  class='av-social-sharing-box  avia-builder-el-7  el_after_av_hr  el_before_av_hr  '><div class='av-share-box'><h5 class='av-share-link-description av-no-toc '>Compartir esta noticia<\/h5><ul class='av-share-box-list noLightbox'><li class='av-share-link av-social-link-facebook' ><a target=\"_blank\" aria-label=\"Compartir en Facebook\" href='https:\/\/www.facebook.com\/sharer.php?u=https:\/\/radiorevelacionfm.cl\/?p=22011&#038;t=Ays%C3%A9n%3A%20Autoridades%20destacan%20comportamiento%20de%20la%20comunidad%20tras%20balance%20de%20Fiestas%20Patrias' aria-hidden='false' data-av_icon='\ue8f3' data-av_iconfont='entypo-fontello' title='' data-avia-related-tooltip='Compartir en Facebook' rel=\"noopener\"><span class='avia_hidden_link_text'>Compartir en Facebook<\/span><\/a><\/li><li class='av-share-link av-social-link-twitter' ><a target=\"_blank\" aria-label=\"Compartir en Twitter\" href='https:\/\/twitter.com\/share?text=Ays%C3%A9n%3A%20Autoridades%20destacan%20comportamiento%20de%20la%20comunidad%20tras%20balance%20de%20Fiestas%20Patrias&#038;url=https:\/\/radiorevelacionfm.cl\/?p=22011' aria-hidden='false' data-av_icon='\ue8f1' data-av_iconfont='entypo-fontello' title='' data-avia-related-tooltip='Compartir en Twitter' rel=\"noopener\"><span class='avia_hidden_link_text'>Compartir en Twitter<\/span><\/a><\/li><li class='av-share-link av-social-link-whatsapp' ><a target=\"_blank\" aria-label=\"Compartir en Whatsapp\" href='https:\/\/api.whatsapp.com\/send?text=https:\/\/radiorevelacionfm.cl\/?p=22011' aria-hidden='false' data-av_icon='\uf232' data-av_iconfont='entypo-fontello' title='' data-avia-related-tooltip='Compartir en Whatsapp' rel=\"noopener\"><span class='avia_hidden_link_text'>Compartir en Whatsapp<\/span><\/a><\/li><li class='av-share-link av-social-link-linkedin' ><a target=\"_blank\" aria-label=\"Compartir en LinkedIn\" href='https:\/\/linkedin.com\/shareArticle?mini=true&#038;title=Ays%C3%A9n%3A%20Autoridades%20destacan%20comportamiento%20de%20la%20comunidad%20tras%20balance%20de%20Fiestas%20Patrias&#038;url=https:\/\/radiorevelacionfm.cl\/?p=22011' aria-hidden='false' data-av_icon='\ue8fc' data-av_iconfont='entypo-fontello' title='' data-avia-related-tooltip='Compartir en LinkedIn' rel=\"noopener\"><span class='avia_hidden_link_text'>Compartir en LinkedIn<\/span><\/a><\/li><li class='av-share-link av-social-link-mail' ><a  aria-label=\"Compartir por correo\" href='mailto:?subject=Ays%C3%A9n%3A%20Autoridades%20destacan%20comportamiento%20de%20la%20comunidad%20tras%20balance%20de%20Fiestas%20Patrias&#038;body=https:\/\/radiorevelacionfm.cl\/?p=22011' aria-hidden='false' data-av_icon='\ue805' data-av_iconfont='entypo-fontello' title='' data-avia-related-tooltip='Compartir por correo'><span class='avia_hidden_link_text'>Compartir por correo<\/span><\/a><\/li><\/ul><\/div><\/div>\n<div  style='height:50px' class='hr hr-invisible   avia-builder-el-8  el_after_av_social_share  el_before_av_comments_list '><span class='hr-inner ' ><span class='hr-inner-style'><\/span><\/span><\/div>\n<div  class='av-buildercomment  av-blog-meta-html-info-disabled av-blog-meta-tag-disabled  '><\/div>\n","protected":false},"excerpt":{"rendered":"","protected":false},"author":1,"featured_media":22012,"comment_status":"open","ping_status":"open","sticky":false,"template":"","format":"standard","meta":{"footnotes":""},"categories":[36],"tags":[],"class_list":["post-22011","post","type-post","status-publish","format-standard","has-post-thumbnail","hentry","category-policial"],"jetpack_featured_media_url":"https:\/\/radiorevelacionfm.cl\/wp-content\/uploads\/2022\/09\/image-92-1.jpg","_links":{"self":[{"href":"https:\/\/radiorevelacionfm.cl\/index.php?rest_route=\/wp\/v2\/posts\/22011","targetHints":{"allow":["GET"]}}],"collection":[{"href":"https:\/\/radiorevelacionfm.cl\/index.php?rest_route=\/wp\/v2\/posts"}],"about":[{"href":"https:\/\/radiorevelacionfm.cl\/index.php?rest_route=\/wp\/v2\/types\/post"}],"author":[{"embeddable":true,"href":"https:\/\/radiorevelacionfm.cl\/index.php?rest_route=\/wp\/v2\/users\/1"}],"replies":[{"embeddable":true,"href":"https:\/\/radiorevelacionfm.cl\/index.php?rest_route=%2Fwp%2Fv2%2Fcomments&post=22011"}],"version-history":[{"count":2,"href":"https:\/\/radiorevelacionfm.cl\/index.php?rest_route=\/wp\/v2\/posts\/22011\/revisions"}],"predecessor-version":[{"id":22014,"href":"https:\/\/radiorevelacionfm.cl\/index.php?rest_route=\/wp\/v2\/posts\/22011\/revisions\/22014"}],"wp:featuredmedia":[{"embeddable":true,"href":"https:\/\/radiorevelacionfm.cl\/index.php?rest_route=\/wp\/v2\/media\/22012"}],"wp:attachment":[{"href":"https:\/\/radiorevelacionfm.cl\/index.php?rest_route=%2Fwp%2Fv2%2Fmedia&parent=22011"}],"wp:term":[{"taxonomy":"category","embeddable":true,"href":"https:\/\/radiorevelacionfm.cl\/index.php?rest_route=%2Fwp%2Fv2%2Fcategories&post=22011"},{"taxonomy":"post_tag","embeddable":true,"href":"https:\/\/radiorevelacionfm.cl\/index.php?rest_route=%2Fwp%2Fv2%2Ftags&post=22011"}],"curies":[{"name":"wp","href":"https:\/\/api.w.org\/{rel}","templated":true}]}}