{"id":21996,"date":"2022-09-21T12:31:11","date_gmt":"2022-09-21T15:31:11","guid":{"rendered":"https:\/\/radiorevelacionfm.cl\/?p=21996"},"modified":"2022-09-21T12:31:11","modified_gmt":"2022-09-21T15:31:11","slug":"core-munoz-llama-a-analizar-en-profundidad-foco-que-tendra-nueva-corporacion-de-desarrollo-regional","status":"publish","type":"post","link":"https:\/\/radiorevelacionfm.cl\/?p=21996","title":{"rendered":"Core Mu\u00f1oz llama a analizar en profundidad foco que tendr\u00e1 nueva Corporaci\u00f3n de Desarrollo Regional"},"content":{"rendered":"<div class=\"flex_column av_one_full  flex_column_div av-zero-column-padding first  avia-builder-el-0  el_before_av_one_full  avia-builder-el-first  \" style='border-radius:0px; '><div  class='avia-image-container  av-styling-    avia-builder-el-1  avia-builder-el-no-sibling  avia-align-center '  itemprop=\"image\" itemscope=\"itemscope\" itemtype=\"https:\/\/schema.org\/ImageObject\"  ><div class='avia-image-container-inner'><div class='avia-image-overlay-wrap'><img decoding=\"async\" class='wp-image-18925 avia-img-lazy-loading-not-18925 avia_image' src=\"https:\/\/radiorevelacionfm.cl\/wp-content\/uploads\/2022\/07\/OMAR-MUNOZ-1-1.jpg\" alt='' title='OMAR MU\u00d1OZ (1) (1)' height=\"600\" width=\"994\"  itemprop=\"thumbnailUrl\" srcset=\"https:\/\/radiorevelacionfm.cl\/wp-content\/uploads\/2022\/07\/OMAR-MUNOZ-1-1.jpg 994w, https:\/\/radiorevelacionfm.cl\/wp-content\/uploads\/2022\/07\/OMAR-MUNOZ-1-1-300x181.jpg 300w, https:\/\/radiorevelacionfm.cl\/wp-content\/uploads\/2022\/07\/OMAR-MUNOZ-1-1-768x464.jpg 768w, https:\/\/radiorevelacionfm.cl\/wp-content\/uploads\/2022\/07\/OMAR-MUNOZ-1-1-705x426.jpg 705w, https:\/\/radiorevelacionfm.cl\/wp-content\/uploads\/2022\/07\/OMAR-MUNOZ-1-1-600x362.jpg 600w\" sizes=\"(max-width: 994px) 100vw, 994px\" \/><\/div><\/div><\/div><\/div><div class=\"flex_column av_one_full  flex_column_div av-zero-column-padding first  avia-builder-el-2  el_after_av_one_full  el_before_av_one_full  column-top-margin\" style='border-radius:0px; '><section class=\"av_textblock_section \"  itemscope=\"itemscope\" itemtype=\"https:\/\/schema.org\/BlogPosting\" itemprop=\"blogPost\" ><div class='avia_textblock  '   itemprop=\"text\" ><p style=\"text-align: center;\"><span style=\"font-size: 18pt;\"><strong>Core Mu\u00f1oz llama a analizar en profundidad foco que tendr\u00e1 nueva Corporaci\u00f3n de Desarrollo Regional <\/strong><\/span><\/p>\n<div id=\"gtx-trans\" style=\"position: absolute; left: -50px; top: 4.31534px;\">\n<div class=\"gtx-trans-icon\"><\/div>\n<\/div>\n<\/div><\/section><\/div><div class=\"flex_column av_one_full  flex_column_div av-zero-column-padding first  avia-builder-el-4  el_after_av_one_full  el_before_av_hr  column-top-margin\" style='border-radius:0px; '><section class=\"av_textblock_section \"  itemscope=\"itemscope\" itemtype=\"https:\/\/schema.org\/BlogPosting\" itemprop=\"blogPost\" ><div class='avia_textblock  '   itemprop=\"text\" ><p style=\"text-align: justify;\">Un llamado a analizar en profundidad el foco que tendr\u00e1 la nueva Corporaci\u00f3n de Desarrollo Regional, hizo en los \u00faltimos d\u00edas el Consejero por la Provincia de Coyhaique y presidente de la comisi\u00f3n de Fomento Productivo del CORE, Omar Mu\u00f1oz Sierra.<\/p>\n<p style=\"text-align: justify;\">Al respecto, Mu\u00f1oz record\u00f3 que esta iniciativa nace como parte de las 12 medidas de reactivaci\u00f3n para la regi\u00f3n de Ays\u00e9n, y que fue anunciada hace poco m\u00e1s de un mes por la Gobernadora Regional, Andrea Mac\u00edas. \u201cMe parece que un foco gen\u00e9rico, como quiere la Gobernadora, tendr\u00e1 dudoso impacto en el desarrollo regional. Creo que este foco estrat\u00e9gico debe ser definido participativamente, donde representantes de la comunidad, de distintos sectores, puedan participar ampliamente\u201d, afirm\u00f3.<\/p>\n<p style=\"text-align: justify;\">El representante provincial de Coyhaique, explic\u00f3 que la necesidad de una nueva corporaci\u00f3n ha sido planteada inicialmente por distintos sectores productivos de la regi\u00f3n, entre ellos los Programas Estrat\u00e9gicos Regionales de CORFO (PER), tanto a nivel ganadero, pesquero y tambi\u00e9n tur\u00edstico, por lo cual considera que dicha iniciativa debiera contar con una estructura que incluya distintas subgerencias relacionadas con estos sectores. \u201cCon una misi\u00f3n gen\u00e9rica el esfuerzo se disipar\u00e1, relativizando el impacto y exponi\u00e9ndose a perder el foco estrat\u00e9gico que debe tener para la regi\u00f3n\u201d, subray\u00f3.<\/p>\n<p style=\"text-align: justify;\">Esta misi\u00f3n gen\u00e9rica, puntualiz\u00f3, est\u00e1 referida a los \u00e1mbitos social, cultural y deportivo, recordando que actualmente s\u00ed existe una institucionalidad con competencias en estas materias, como son los ministerios de Cultura y Deporte, las municipalidades y sus corporaciones culturales y deportivas. \u201cAdem\u00e1s, hay diferentes corporaciones y fundaciones privadas, con los cuales el Gobierno Regional puede articular acciones m\u00e1s que entrar a impulsar actividades que compitan con las que desarrolla estas instituciones en sus respectivos territorios\u201d, concluy\u00f3.<\/p>\n<\/div><\/section><\/div><div  style='height:50px' class='hr hr-invisible   avia-builder-el-6  el_after_av_one_full  el_before_av_social_share '><span class='hr-inner ' ><span class='hr-inner-style'><\/span><\/span><\/div><\/p>\n<div  class='av-social-sharing-box  avia-builder-el-7  el_after_av_hr  el_before_av_hr  '><div class='av-share-box'><h5 class='av-share-link-description av-no-toc '>Compartir esta noticia<\/h5><ul class='av-share-box-list noLightbox'><li class='av-share-link av-social-link-facebook' ><a target=\"_blank\" aria-label=\"Compartir en Facebook\" href='https:\/\/www.facebook.com\/sharer.php?u=https:\/\/radiorevelacionfm.cl\/?p=21996&#038;t=Core%20Mu%C3%B1oz%20llama%20a%20analizar%20en%20profundidad%20foco%20que%20tendr%C3%A1%20nueva%20Corporaci%C3%B3n%20de%20Desarrollo%20Regional' aria-hidden='false' data-av_icon='\ue8f3' data-av_iconfont='entypo-fontello' title='' data-avia-related-tooltip='Compartir en Facebook' rel=\"noopener\"><span class='avia_hidden_link_text'>Compartir en Facebook<\/span><\/a><\/li><li class='av-share-link av-social-link-twitter' ><a target=\"_blank\" aria-label=\"Compartir en Twitter\" href='https:\/\/twitter.com\/share?text=Core%20Mu%C3%B1oz%20llama%20a%20analizar%20en%20profundidad%20foco%20que%20tendr%C3%A1%20nueva%20Corporaci%C3%B3n%20de%20Desarrollo%20Regional&#038;url=https:\/\/radiorevelacionfm.cl\/?p=21996' aria-hidden='false' data-av_icon='\ue8f1' data-av_iconfont='entypo-fontello' title='' data-avia-related-tooltip='Compartir en Twitter' rel=\"noopener\"><span class='avia_hidden_link_text'>Compartir en Twitter<\/span><\/a><\/li><li class='av-share-link av-social-link-whatsapp' ><a target=\"_blank\" aria-label=\"Compartir en Whatsapp\" href='https:\/\/api.whatsapp.com\/send?text=https:\/\/radiorevelacionfm.cl\/?p=21996' aria-hidden='false' data-av_icon='\uf232' data-av_iconfont='entypo-fontello' title='' data-avia-related-tooltip='Compartir en Whatsapp' rel=\"noopener\"><span class='avia_hidden_link_text'>Compartir en Whatsapp<\/span><\/a><\/li><li class='av-share-link av-social-link-linkedin' ><a target=\"_blank\" aria-label=\"Compartir en LinkedIn\" href='https:\/\/linkedin.com\/shareArticle?mini=true&#038;title=Core%20Mu%C3%B1oz%20llama%20a%20analizar%20en%20profundidad%20foco%20que%20tendr%C3%A1%20nueva%20Corporaci%C3%B3n%20de%20Desarrollo%20Regional&#038;url=https:\/\/radiorevelacionfm.cl\/?p=21996' aria-hidden='false' data-av_icon='\ue8fc' data-av_iconfont='entypo-fontello' title='' data-avia-related-tooltip='Compartir en LinkedIn' rel=\"noopener\"><span class='avia_hidden_link_text'>Compartir en LinkedIn<\/span><\/a><\/li><li class='av-share-link av-social-link-mail' ><a  aria-label=\"Compartir por correo\" href='mailto:?subject=Core%20Mu%C3%B1oz%20llama%20a%20analizar%20en%20profundidad%20foco%20que%20tendr%C3%A1%20nueva%20Corporaci%C3%B3n%20de%20Desarrollo%20Regional&#038;body=https:\/\/radiorevelacionfm.cl\/?p=21996' aria-hidden='false' data-av_icon='\ue805' data-av_iconfont='entypo-fontello' title='' data-avia-related-tooltip='Compartir por correo'><span class='avia_hidden_link_text'>Compartir por correo<\/span><\/a><\/li><\/ul><\/div><\/div>\n<div  style='height:50px' class='hr hr-invisible   avia-builder-el-8  el_after_av_social_share  el_before_av_comments_list '><span class='hr-inner ' ><span class='hr-inner-style'><\/span><\/span><\/div>\n<div  class='av-buildercomment  av-blog-meta-html-info-disabled av-blog-meta-tag-disabled  '><\/div>\n","protected":false},"excerpt":{"rendered":"","protected":false},"author":1,"featured_media":18925,"comment_status":"open","ping_status":"open","sticky":false,"template":"","format":"standard","meta":{"footnotes":""},"categories":[38],"tags":[],"class_list":["post-21996","post","type-post","status-publish","format-standard","has-post-thumbnail","hentry","category-regional"],"jetpack_featured_media_url":"https:\/\/radiorevelacionfm.cl\/wp-content\/uploads\/2022\/07\/OMAR-MUNOZ-1-1.jpg","_links":{"self":[{"href":"https:\/\/radiorevelacionfm.cl\/index.php?rest_route=\/wp\/v2\/posts\/21996","targetHints":{"allow":["GET"]}}],"collection":[{"href":"https:\/\/radiorevelacionfm.cl\/index.php?rest_route=\/wp\/v2\/posts"}],"about":[{"href":"https:\/\/radiorevelacionfm.cl\/index.php?rest_route=\/wp\/v2\/types\/post"}],"author":[{"embeddable":true,"href":"https:\/\/radiorevelacionfm.cl\/index.php?rest_route=\/wp\/v2\/users\/1"}],"replies":[{"embeddable":true,"href":"https:\/\/radiorevelacionfm.cl\/index.php?rest_route=%2Fwp%2Fv2%2Fcomments&post=21996"}],"version-history":[{"count":2,"href":"https:\/\/radiorevelacionfm.cl\/index.php?rest_route=\/wp\/v2\/posts\/21996\/revisions"}],"predecessor-version":[{"id":22028,"href":"https:\/\/radiorevelacionfm.cl\/index.php?rest_route=\/wp\/v2\/posts\/21996\/revisions\/22028"}],"wp:featuredmedia":[{"embeddable":true,"href":"https:\/\/radiorevelacionfm.cl\/index.php?rest_route=\/wp\/v2\/media\/18925"}],"wp:attachment":[{"href":"https:\/\/radiorevelacionfm.cl\/index.php?rest_route=%2Fwp%2Fv2%2Fmedia&parent=21996"}],"wp:term":[{"taxonomy":"category","embeddable":true,"href":"https:\/\/radiorevelacionfm.cl\/index.php?rest_route=%2Fwp%2Fv2%2Fcategories&post=21996"},{"taxonomy":"post_tag","embeddable":true,"href":"https:\/\/radiorevelacionfm.cl\/index.php?rest_route=%2Fwp%2Fv2%2Ftags&post=21996"}],"curies":[{"name":"wp","href":"https:\/\/api.w.org\/{rel}","templated":true}]}}