{"id":21993,"date":"2022-09-21T10:50:19","date_gmt":"2022-09-21T13:50:19","guid":{"rendered":"https:\/\/radiorevelacionfm.cl\/?p=21993"},"modified":"2022-09-21T10:50:19","modified_gmt":"2022-09-21T13:50:19","slug":"alejandra-alert-asume-como-la-primera-presidenta-de-la-camara-chilena-de-la-construccion","status":"publish","type":"post","link":"https:\/\/radiorevelacionfm.cl\/?p=21993","title":{"rendered":"Alejandra Alert asume como la primera Presidenta de la C\u00e1mara Chilena de la Construcci\u00f3n"},"content":{"rendered":"<div class=\"flex_column av_one_full  flex_column_div av-zero-column-padding first  avia-builder-el-0  el_before_av_one_full  avia-builder-el-first  \" style='border-radius:0px; '><div  class='avia-image-container  av-styling-    avia-builder-el-1  avia-builder-el-no-sibling  avia-align-center '  itemprop=\"image\" itemscope=\"itemscope\" itemtype=\"https:\/\/schema.org\/ImageObject\"  ><div class='avia-image-container-inner'><div class='avia-image-overlay-wrap'><img decoding=\"async\" class='wp-image-21994 avia-img-lazy-loading-not-21994 avia_image' src=\"https:\/\/radiorevelacionfm.cl\/wp-content\/uploads\/2022\/09\/MDR-Electa-2022-2024A-1-1.jpg\" alt='' title='MDR Electa 2022-2024A (1) (1)' height=\"600\" width=\"986\"  itemprop=\"thumbnailUrl\" srcset=\"https:\/\/radiorevelacionfm.cl\/wp-content\/uploads\/2022\/09\/MDR-Electa-2022-2024A-1-1.jpg 986w, https:\/\/radiorevelacionfm.cl\/wp-content\/uploads\/2022\/09\/MDR-Electa-2022-2024A-1-1-300x183.jpg 300w, https:\/\/radiorevelacionfm.cl\/wp-content\/uploads\/2022\/09\/MDR-Electa-2022-2024A-1-1-768x467.jpg 768w, https:\/\/radiorevelacionfm.cl\/wp-content\/uploads\/2022\/09\/MDR-Electa-2022-2024A-1-1-705x429.jpg 705w, https:\/\/radiorevelacionfm.cl\/wp-content\/uploads\/2022\/09\/MDR-Electa-2022-2024A-1-1-600x365.jpg 600w\" sizes=\"(max-width: 986px) 100vw, 986px\" \/><\/div><\/div><\/div><\/div><div class=\"flex_column av_one_full  flex_column_div av-zero-column-padding first  avia-builder-el-2  el_after_av_one_full  el_before_av_one_full  column-top-margin\" style='border-radius:0px; '><section class=\"av_textblock_section \"  itemscope=\"itemscope\" itemtype=\"https:\/\/schema.org\/BlogPosting\" itemprop=\"blogPost\" ><div class='avia_textblock  '   itemprop=\"text\" ><p style=\"text-align: center;\"><span style=\"font-size: 18pt;\"><b>Alejandra Alert asume como la primera Presidenta de la C\u00e1mara Chilena de la Construcci\u00f3n<\/b><\/span><\/p>\n<div id=\"gtx-trans\" style=\"position: absolute; left: -50px; top: 4.31534px;\">\n<div class=\"gtx-trans-icon\"><\/div>\n<\/div>\n<\/div><\/section><\/div><div class=\"flex_column av_one_full  flex_column_div av-zero-column-padding first  avia-builder-el-4  el_after_av_one_full  el_before_av_hr  column-top-margin\" style='border-radius:0px; '><section class=\"av_textblock_section \"  itemscope=\"itemscope\" itemtype=\"https:\/\/schema.org\/BlogPosting\" itemprop=\"blogPost\" ><div class='avia_textblock  '   itemprop=\"text\" ><p class=\"v1MsoNormal\" style=\"text-align: justify;\">Este martes asumi\u00f3 sus funciones la nueva directiva de la C\u00e1mara Chilena de la Construcci\u00f3n sede Coyhaique, luego de concluir su proceso de elecciones que cont\u00f3 con una activa participaci\u00f3n de sus asociados. Entre los desaf\u00edos a impulsar durante los pr\u00f3ximos a\u00f1os por parte de la dirigencia gremial, destacan el promover una actividad industrial sustentable y sostenible conjunto a las empresas socias, fortalecer la orientaci\u00f3n, red de apoyo y entrega de informaci\u00f3n a sus asociados, y desarrollar una actividad gremial con pertinencia regional.<\/p>\n<p class=\"v1MsoNormal\" style=\"text-align: justify;\">La directiva regional del gremio, que estar\u00e1 por primera vez, encabezada por una mujer; Alejandra Alert Rivas (Representante de la empresa constructora Entre R\u00edos) en la Presidencia, estar\u00e1 tambi\u00e9n liderada en las Vicepresidencias de Gremial y de Gesti\u00f3n por Claudio Sanhueza Sandoval \u2013 (Representante de Aguas Patagonia), Marcelo Sol\u00eds Berrocal (Representante de Comercial San Crist\u00f3bal), respectivamente y Manuel Suazo Illesca como Past Presidente.<\/p>\n<p class=\"v1MsoNormal\" style=\"text-align: justify;\">Al respecto, la presidenta de la C\u00e1mara Chilena de la Construcci\u00f3n, Alejandra Alert Rivas, expres\u00f3 que \u00abAgradecemos a los socios y socias de nuestra Delegaci\u00f3n, que nos han entregado el apoyo para asumir el desaf\u00edo de liderar por los pr\u00f3ximos dos a\u00f1os al gremio de la construcci\u00f3n en nuestra regi\u00f3n. Junto a nuestra mesa directiva, velaremos por dar continuidad al trabajo que se ha llevado a cabo, de manera transversal con todas las autoridades nacionales, regionales y locales, contribuyendo en la generaci\u00f3n de iniciativas y pol\u00edticas que permitan mejorar el bienestar de los habitantes de nuestra zona, los trabajadores de la construcci\u00f3n, sus familias, y la reactivaci\u00f3n tanto de la econom\u00eda regional como de la actividad del sector\u00bb.<\/p>\n<p class=\"v1MsoNormal\" style=\"text-align: justify;\">\u00abA su vez, queremos aportar desde nuestro rol a la industria y al territorio, mediante una mirada de desarrollo sostenible y regional\u00bb, enfatiz\u00f3 la presidenta.<\/p>\n<p class=\"v1MsoNormal\" style=\"text-align: justify;\">En esa l\u00ednea, agreg\u00f3 Alejandra Alert, que \u00abnuestro compromiso est\u00e1 en poner el centro de la gesti\u00f3n y de la actividad gremial a nuestros asociados, fortaleciendo los canales de informaci\u00f3n permanente y respaldando la labor que se impulsa a trav\u00e9s de los Comit\u00e9s, Comisiones y Grupos de Trabajo que est\u00e1n activamente abordando temas de inter\u00e9s para cada \u00e1rea y que nos permiten mantener un criterio t\u00e9cnico y confiable para la comunidad en cada una de las iniciativas que se ejecutan con la ciudadan\u00eda\u00bb.<\/p>\n<p class=\"v1MsoNormal\" style=\"text-align: justify;\">Finalmente, la dirigenta gremial, relev\u00f3 y agradeci\u00f3, el trabajo realizado por la directiva que le antecedi\u00f3, la que estuvo presidida por Manuel Suazo Illesca y que cont\u00f3 con Pedro Staudt Decker como Vicepresidente Gremial y Marco Ponce Vivaceta en la Vicepresidencia de Gesti\u00f3n, destacando que su labor permiti\u00f3 al sector ser un actor relevante en un escenario regional, social y econ\u00f3mico marcado por la Pandemia del COVID-19 y generar una relaci\u00f3n de colaboraci\u00f3n permanente con la comunidad local, autoridades y organizaciones de la sociedad civil.<\/p>\n<\/div><\/section><\/div><div  style='height:50px' class='hr hr-invisible   avia-builder-el-6  el_after_av_one_full  el_before_av_social_share '><span class='hr-inner ' ><span class='hr-inner-style'><\/span><\/span><\/div><\/p>\n<div  class='av-social-sharing-box  avia-builder-el-7  el_after_av_hr  el_before_av_hr  '><div class='av-share-box'><h5 class='av-share-link-description av-no-toc '>Compartir esta noticia<\/h5><ul class='av-share-box-list noLightbox'><li class='av-share-link av-social-link-facebook' ><a target=\"_blank\" aria-label=\"Compartir en Facebook\" href='https:\/\/www.facebook.com\/sharer.php?u=https:\/\/radiorevelacionfm.cl\/?p=21993&#038;t=Alejandra%20Alert%20asume%20como%20la%20primera%20Presidenta%20de%20la%20C%C3%A1mara%20Chilena%20de%20la%20Construcci%C3%B3n' aria-hidden='false' data-av_icon='\ue8f3' data-av_iconfont='entypo-fontello' title='' data-avia-related-tooltip='Compartir en Facebook' rel=\"noopener\"><span class='avia_hidden_link_text'>Compartir en Facebook<\/span><\/a><\/li><li class='av-share-link av-social-link-twitter' ><a target=\"_blank\" aria-label=\"Compartir en Twitter\" href='https:\/\/twitter.com\/share?text=Alejandra%20Alert%20asume%20como%20la%20primera%20Presidenta%20de%20la%20C%C3%A1mara%20Chilena%20de%20la%20Construcci%C3%B3n&#038;url=https:\/\/radiorevelacionfm.cl\/?p=21993' aria-hidden='false' data-av_icon='\ue8f1' data-av_iconfont='entypo-fontello' title='' data-avia-related-tooltip='Compartir en Twitter' rel=\"noopener\"><span class='avia_hidden_link_text'>Compartir en Twitter<\/span><\/a><\/li><li class='av-share-link av-social-link-whatsapp' ><a target=\"_blank\" aria-label=\"Compartir en Whatsapp\" href='https:\/\/api.whatsapp.com\/send?text=https:\/\/radiorevelacionfm.cl\/?p=21993' aria-hidden='false' data-av_icon='\uf232' data-av_iconfont='entypo-fontello' title='' data-avia-related-tooltip='Compartir en Whatsapp' rel=\"noopener\"><span class='avia_hidden_link_text'>Compartir en Whatsapp<\/span><\/a><\/li><li class='av-share-link av-social-link-linkedin' ><a target=\"_blank\" aria-label=\"Compartir en LinkedIn\" href='https:\/\/linkedin.com\/shareArticle?mini=true&#038;title=Alejandra%20Alert%20asume%20como%20la%20primera%20Presidenta%20de%20la%20C%C3%A1mara%20Chilena%20de%20la%20Construcci%C3%B3n&#038;url=https:\/\/radiorevelacionfm.cl\/?p=21993' aria-hidden='false' data-av_icon='\ue8fc' data-av_iconfont='entypo-fontello' title='' data-avia-related-tooltip='Compartir en LinkedIn' rel=\"noopener\"><span class='avia_hidden_link_text'>Compartir en LinkedIn<\/span><\/a><\/li><li class='av-share-link av-social-link-mail' ><a  aria-label=\"Compartir por correo\" href='mailto:?subject=Alejandra%20Alert%20asume%20como%20la%20primera%20Presidenta%20de%20la%20C%C3%A1mara%20Chilena%20de%20la%20Construcci%C3%B3n&#038;body=https:\/\/radiorevelacionfm.cl\/?p=21993' aria-hidden='false' data-av_icon='\ue805' data-av_iconfont='entypo-fontello' title='' data-avia-related-tooltip='Compartir por correo'><span class='avia_hidden_link_text'>Compartir por correo<\/span><\/a><\/li><\/ul><\/div><\/div>\n<div  style='height:50px' class='hr hr-invisible   avia-builder-el-8  el_after_av_social_share  el_before_av_comments_list '><span class='hr-inner ' ><span class='hr-inner-style'><\/span><\/span><\/div>\n<div  class='av-buildercomment  av-blog-meta-html-info-disabled av-blog-meta-tag-disabled  '><\/div>\n","protected":false},"excerpt":{"rendered":"","protected":false},"author":1,"featured_media":21994,"comment_status":"open","ping_status":"open","sticky":false,"template":"","format":"standard","meta":{"footnotes":""},"categories":[38],"tags":[],"class_list":["post-21993","post","type-post","status-publish","format-standard","has-post-thumbnail","hentry","category-regional"],"jetpack_featured_media_url":"https:\/\/radiorevelacionfm.cl\/wp-content\/uploads\/2022\/09\/MDR-Electa-2022-2024A-1-1.jpg","_links":{"self":[{"href":"https:\/\/radiorevelacionfm.cl\/index.php?rest_route=\/wp\/v2\/posts\/21993","targetHints":{"allow":["GET"]}}],"collection":[{"href":"https:\/\/radiorevelacionfm.cl\/index.php?rest_route=\/wp\/v2\/posts"}],"about":[{"href":"https:\/\/radiorevelacionfm.cl\/index.php?rest_route=\/wp\/v2\/types\/post"}],"author":[{"embeddable":true,"href":"https:\/\/radiorevelacionfm.cl\/index.php?rest_route=\/wp\/v2\/users\/1"}],"replies":[{"embeddable":true,"href":"https:\/\/radiorevelacionfm.cl\/index.php?rest_route=%2Fwp%2Fv2%2Fcomments&post=21993"}],"version-history":[{"count":2,"href":"https:\/\/radiorevelacionfm.cl\/index.php?rest_route=\/wp\/v2\/posts\/21993\/revisions"}],"predecessor-version":[{"id":22027,"href":"https:\/\/radiorevelacionfm.cl\/index.php?rest_route=\/wp\/v2\/posts\/21993\/revisions\/22027"}],"wp:featuredmedia":[{"embeddable":true,"href":"https:\/\/radiorevelacionfm.cl\/index.php?rest_route=\/wp\/v2\/media\/21994"}],"wp:attachment":[{"href":"https:\/\/radiorevelacionfm.cl\/index.php?rest_route=%2Fwp%2Fv2%2Fmedia&parent=21993"}],"wp:term":[{"taxonomy":"category","embeddable":true,"href":"https:\/\/radiorevelacionfm.cl\/index.php?rest_route=%2Fwp%2Fv2%2Fcategories&post=21993"},{"taxonomy":"post_tag","embeddable":true,"href":"https:\/\/radiorevelacionfm.cl\/index.php?rest_route=%2Fwp%2Fv2%2Ftags&post=21993"}],"curies":[{"name":"wp","href":"https:\/\/api.w.org\/{rel}","templated":true}]}}