{"id":21990,"date":"2022-09-20T18:46:05","date_gmt":"2022-09-20T21:46:05","guid":{"rendered":"https:\/\/radiorevelacionfm.cl\/?p=21990"},"modified":"2022-09-20T18:46:05","modified_gmt":"2022-09-20T21:46:05","slug":"ayseninos-respetaron-medidas-sanitarias-durante-fiestas-patrias","status":"publish","type":"post","link":"https:\/\/radiorevelacionfm.cl\/?p=21990","title":{"rendered":"Ayseninos respetaron medidas sanitarias durante Fiestas Patrias"},"content":{"rendered":"<div class=\"flex_column av_one_full  flex_column_div av-zero-column-padding first  avia-builder-el-0  el_before_av_one_full  avia-builder-el-first  \" style='border-radius:0px; '><div  class='avia-image-container  av-styling-    avia-builder-el-1  avia-builder-el-no-sibling  avia-align-center '  itemprop=\"image\" itemscope=\"itemscope\" itemtype=\"https:\/\/schema.org\/ImageObject\"  ><div class='avia-image-container-inner'><div class='avia-image-overlay-wrap'><img decoding=\"async\" class='wp-image-21991 avia-img-lazy-loading-not-21991 avia_image' src=\"https:\/\/radiorevelacionfm.cl\/wp-content\/uploads\/2022\/09\/fiscalizacion-barcaza-1-1.jpeg\" alt='' title='fiscalizaci\u00f3n barcaza (1) (1)' height=\"600\" width=\"800\"  itemprop=\"thumbnailUrl\" srcset=\"https:\/\/radiorevelacionfm.cl\/wp-content\/uploads\/2022\/09\/fiscalizacion-barcaza-1-1.jpeg 800w, https:\/\/radiorevelacionfm.cl\/wp-content\/uploads\/2022\/09\/fiscalizacion-barcaza-1-1-300x225.jpeg 300w, https:\/\/radiorevelacionfm.cl\/wp-content\/uploads\/2022\/09\/fiscalizacion-barcaza-1-1-768x576.jpeg 768w, https:\/\/radiorevelacionfm.cl\/wp-content\/uploads\/2022\/09\/fiscalizacion-barcaza-1-1-705x529.jpeg 705w, https:\/\/radiorevelacionfm.cl\/wp-content\/uploads\/2022\/09\/fiscalizacion-barcaza-1-1-600x450.jpeg 600w\" sizes=\"(max-width: 800px) 100vw, 800px\" \/><\/div><\/div><\/div><\/div><div class=\"flex_column av_one_full  flex_column_div av-zero-column-padding first  avia-builder-el-2  el_after_av_one_full  el_before_av_one_full  column-top-margin\" style='border-radius:0px; '><section class=\"av_textblock_section \"  itemscope=\"itemscope\" itemtype=\"https:\/\/schema.org\/BlogPosting\" itemprop=\"blogPost\" ><div class='avia_textblock  '   itemprop=\"text\" ><p style=\"text-align: center;\"><span style=\"font-size: 18pt;\"><strong>Ayseninos respetaron medidas sanitarias durante Fiestas Patrias<\/strong><\/span><\/p>\n<div id=\"gtx-trans\" style=\"position: absolute; left: -50px; top: 4.31534px;\">\n<div class=\"gtx-trans-icon\"><\/div>\n<\/div>\n<\/div><\/section><\/div><div class=\"flex_column av_one_full  flex_column_div av-zero-column-padding first  avia-builder-el-4  el_after_av_one_full  el_before_av_hr  column-top-margin\" style='border-radius:0px; '><section class=\"av_textblock_section \"  itemscope=\"itemscope\" itemtype=\"https:\/\/schema.org\/BlogPosting\" itemprop=\"blogPost\" ><div class='avia_textblock  '   itemprop=\"text\" ><p style=\"text-align: justify;\">A nivel regional, la Secretar\u00eda Regional Ministerial de Salud dio inicio a 13 sumarios sanitarios por temas de alimentos; mientras que en resguardo de la normativa por #COVID19 solo se iniciaron 02 sumarios. Asimismo, se observ\u00f3 un buen uso de la red de salud en las unidades de urgencia y postas rurales.<\/p>\n<p style=\"text-align: justify;\">Un buen comportamiento de la poblaci\u00f3n en materias de autocuidado y respeto a las medidas sanitarias por #COVID19, fue el que tuvo la ciudadan\u00eda durante las festividades de Fiestas Patrias, donde se pudo apreciar un adecuado uso del Pase de Movilidad y de toda la red de salud asistencial, donde hubo una buena utilizaci\u00f3n de los servicios de urgencia de hospitales y postas rurales.<\/p>\n<p style=\"text-align: justify;\">En este sentido, la Seremi de Salud, Carmen Monsalve, quien indic\u00f3 que a nivel regional se desarrollaron m\u00e1s de 100 fiscalizaciones a locales de ventas de alimentos y por resguardo de las normativas para el control del #COVID19. \u201cDurante las recientes festividades, a nivel regional, los funcionarios de fiscalizaci\u00f3n de la Seremi de Salud realizaron 142 fiscalizaciones a locales de ventas de alimentos, donde se dio inicio a 13 sumarios sanitarios.\u00a0 Asimismo, en materia de fiscalizaciones por temas asociados al uso del Pase de Movilidad en buses y locales establecidos, se detectaron 02 infracciones que dieron inicio a los correspondientes sumarios sanitarios, una cifra menor donde se destaca y valora el compromiso de la ciudadan\u00eda por mantener medidas preventivas que vienen a proteger a todas las familias de Ays\u00e9n\u201d.<\/p>\n<p style=\"text-align: justify;\">Similar opini\u00f3n fue la que entreg\u00f3 el Sub director Gesti\u00f3n Asistencial del Servicio de Salud Ays\u00e9n, Hern\u00e1n Barrientos.\u00a0 \u201cComo red asistencial queremos destacar el buen comportamiento de la poblaci\u00f3n aysenina, ya que no se generaron grandes demandas en los servicios de urgencia y eso permiti\u00f3 una atenci\u00f3n bastante expedita para todos quienes tuvieron que hacer uso de la red en todo el territorio. De todas maneras, los equipos estuvieron presentes y preparados en sus respectivos turnos, por lo que agradecemos su disposici\u00f3n para enfrentar este largo fin de semana patrio\u201d.<\/p>\n<p style=\"text-align: justify;\">Finalmente, ambas autoridades de salud, solicitaron a la comunidad local que mantenga este buen comportamiento con miras a las celebraciones del 12 de octubre.<\/p>\n<\/div><\/section><\/div><div  style='height:50px' class='hr hr-invisible   avia-builder-el-6  el_after_av_one_full  el_before_av_social_share '><span class='hr-inner ' ><span class='hr-inner-style'><\/span><\/span><\/div><\/p>\n<div  class='av-social-sharing-box  avia-builder-el-7  el_after_av_hr  el_before_av_hr  '><div class='av-share-box'><h5 class='av-share-link-description av-no-toc '>Compartir esta noticia<\/h5><ul class='av-share-box-list noLightbox'><li class='av-share-link av-social-link-facebook' ><a target=\"_blank\" aria-label=\"Compartir en Facebook\" href='https:\/\/www.facebook.com\/sharer.php?u=https:\/\/radiorevelacionfm.cl\/?p=21990&#038;t=Ayseninos%20respetaron%20medidas%20sanitarias%20durante%20Fiestas%20Patrias' aria-hidden='false' data-av_icon='\ue8f3' data-av_iconfont='entypo-fontello' title='' data-avia-related-tooltip='Compartir en Facebook' rel=\"noopener\"><span class='avia_hidden_link_text'>Compartir en Facebook<\/span><\/a><\/li><li class='av-share-link av-social-link-twitter' ><a target=\"_blank\" aria-label=\"Compartir en Twitter\" href='https:\/\/twitter.com\/share?text=Ayseninos%20respetaron%20medidas%20sanitarias%20durante%20Fiestas%20Patrias&#038;url=https:\/\/radiorevelacionfm.cl\/?p=21990' aria-hidden='false' data-av_icon='\ue8f1' data-av_iconfont='entypo-fontello' title='' data-avia-related-tooltip='Compartir en Twitter' rel=\"noopener\"><span class='avia_hidden_link_text'>Compartir en Twitter<\/span><\/a><\/li><li class='av-share-link av-social-link-whatsapp' ><a target=\"_blank\" aria-label=\"Compartir en Whatsapp\" href='https:\/\/api.whatsapp.com\/send?text=https:\/\/radiorevelacionfm.cl\/?p=21990' aria-hidden='false' data-av_icon='\uf232' data-av_iconfont='entypo-fontello' title='' data-avia-related-tooltip='Compartir en Whatsapp' rel=\"noopener\"><span class='avia_hidden_link_text'>Compartir en Whatsapp<\/span><\/a><\/li><li class='av-share-link av-social-link-linkedin' ><a target=\"_blank\" aria-label=\"Compartir en LinkedIn\" href='https:\/\/linkedin.com\/shareArticle?mini=true&#038;title=Ayseninos%20respetaron%20medidas%20sanitarias%20durante%20Fiestas%20Patrias&#038;url=https:\/\/radiorevelacionfm.cl\/?p=21990' aria-hidden='false' data-av_icon='\ue8fc' data-av_iconfont='entypo-fontello' title='' data-avia-related-tooltip='Compartir en LinkedIn' rel=\"noopener\"><span class='avia_hidden_link_text'>Compartir en LinkedIn<\/span><\/a><\/li><li class='av-share-link av-social-link-mail' ><a  aria-label=\"Compartir por correo\" href='mailto:?subject=Ayseninos%20respetaron%20medidas%20sanitarias%20durante%20Fiestas%20Patrias&#038;body=https:\/\/radiorevelacionfm.cl\/?p=21990' aria-hidden='false' data-av_icon='\ue805' data-av_iconfont='entypo-fontello' title='' data-avia-related-tooltip='Compartir por correo'><span class='avia_hidden_link_text'>Compartir por correo<\/span><\/a><\/li><\/ul><\/div><\/div>\n<div  style='height:50px' class='hr hr-invisible   avia-builder-el-8  el_after_av_social_share  el_before_av_comments_list '><span class='hr-inner ' ><span class='hr-inner-style'><\/span><\/span><\/div>\n<div  class='av-buildercomment  av-blog-meta-html-info-disabled av-blog-meta-tag-disabled  '><\/div>\n","protected":false},"excerpt":{"rendered":"","protected":false},"author":1,"featured_media":21991,"comment_status":"open","ping_status":"open","sticky":false,"template":"","format":"standard","meta":{"footnotes":""},"categories":[46],"tags":[],"class_list":["post-21990","post","type-post","status-publish","format-standard","has-post-thumbnail","hentry","category-salud"],"jetpack_featured_media_url":"https:\/\/radiorevelacionfm.cl\/wp-content\/uploads\/2022\/09\/fiscalizacion-barcaza-1-1.jpeg","_links":{"self":[{"href":"https:\/\/radiorevelacionfm.cl\/index.php?rest_route=\/wp\/v2\/posts\/21990","targetHints":{"allow":["GET"]}}],"collection":[{"href":"https:\/\/radiorevelacionfm.cl\/index.php?rest_route=\/wp\/v2\/posts"}],"about":[{"href":"https:\/\/radiorevelacionfm.cl\/index.php?rest_route=\/wp\/v2\/types\/post"}],"author":[{"embeddable":true,"href":"https:\/\/radiorevelacionfm.cl\/index.php?rest_route=\/wp\/v2\/users\/1"}],"replies":[{"embeddable":true,"href":"https:\/\/radiorevelacionfm.cl\/index.php?rest_route=%2Fwp%2Fv2%2Fcomments&post=21990"}],"version-history":[{"count":2,"href":"https:\/\/radiorevelacionfm.cl\/index.php?rest_route=\/wp\/v2\/posts\/21990\/revisions"}],"predecessor-version":[{"id":21998,"href":"https:\/\/radiorevelacionfm.cl\/index.php?rest_route=\/wp\/v2\/posts\/21990\/revisions\/21998"}],"wp:featuredmedia":[{"embeddable":true,"href":"https:\/\/radiorevelacionfm.cl\/index.php?rest_route=\/wp\/v2\/media\/21991"}],"wp:attachment":[{"href":"https:\/\/radiorevelacionfm.cl\/index.php?rest_route=%2Fwp%2Fv2%2Fmedia&parent=21990"}],"wp:term":[{"taxonomy":"category","embeddable":true,"href":"https:\/\/radiorevelacionfm.cl\/index.php?rest_route=%2Fwp%2Fv2%2Fcategories&post=21990"},{"taxonomy":"post_tag","embeddable":true,"href":"https:\/\/radiorevelacionfm.cl\/index.php?rest_route=%2Fwp%2Fv2%2Ftags&post=21990"}],"curies":[{"name":"wp","href":"https:\/\/api.w.org\/{rel}","templated":true}]}}