{"id":2199,"date":"2021-01-29T12:11:47","date_gmt":"2021-01-29T15:11:47","guid":{"rendered":"https:\/\/radiorevelacionfm.cl\/?p=2199"},"modified":"2021-01-29T12:11:47","modified_gmt":"2021-01-29T15:11:47","slug":"servicio-de-salud-aysen-junto-a-organizaciones-locales-participan-en-mesa-de-trabajo-tea","status":"publish","type":"post","link":"https:\/\/radiorevelacionfm.cl\/?p=2199","title":{"rendered":"Servicio de Salud Ays\u00e9n junto a organizaciones locales participan en mesa de trabajo TEA"},"content":{"rendered":"<div class=\"flex_column av_one_full  flex_column_div av-zero-column-padding first  avia-builder-el-0  el_before_av_one_full  avia-builder-el-first  \" style='border-radius:0px; '><div  class='avia-image-container  av-styling-    avia-builder-el-1  avia-builder-el-no-sibling  avia-align-center '  itemprop=\"image\" itemscope=\"itemscope\" itemtype=\"https:\/\/schema.org\/ImageObject\"  ><div class='avia-image-container-inner'><div class='avia-image-overlay-wrap'><img decoding=\"async\" class='wp-image-0 avia-img-lazy-loading-not-0 avia_image' src=\"https:\/\/radiorevelacionfm.cl\/wp-content\/uploads\/2021\/01\/TEA_autista-744x465-1.jpg\" alt='' title=''   itemprop=\"thumbnailUrl\"  \/><\/div><\/div><\/div><\/div><div class=\"flex_column av_one_full  flex_column_div av-zero-column-padding first  avia-builder-el-2  el_after_av_one_full  el_before_av_one_full  column-top-margin\" style='border-radius:0px; '><section class=\"av_textblock_section \"  itemscope=\"itemscope\" itemtype=\"https:\/\/schema.org\/BlogPosting\" itemprop=\"blogPost\" ><div class='avia_textblock  '   itemprop=\"text\" ><p style=\"text-align: center;\"><span style=\"font-size: 18pt;\"><strong style=\"font-size: 18pt;\">Servicio de Salud Ays\u00e9n junto a organizaciones locales participan en mesa de trabajo TEA<\/strong><\/span><\/p>\n<div id=\"gtx-trans\" style=\"position: absolute; left: -50px; top: 4.31534px;\">\n<div class=\"gtx-trans-icon\"><\/div>\n<\/div>\n<\/div><\/section><\/div><div class=\"flex_column av_one_full  flex_column_div av-zero-column-padding first  avia-builder-el-4  el_after_av_one_full  el_before_av_hr  column-top-margin\" style='border-radius:0px; '><section class=\"av_textblock_section \"  itemscope=\"itemscope\" itemtype=\"https:\/\/schema.org\/BlogPosting\" itemprop=\"blogPost\" ><div class='avia_textblock  '   itemprop=\"text\" ><p style=\"text-align: justify;\">El trastorno del espectro autista (TEA) es una afecci\u00f3n neurol\u00f3gica y de desarrollo que comienza en la ni\u00f1ez y dura toda la vida. Afecta c\u00f3mo una persona se comporta, interact\u00faa con otros, se comunica y aprende.<\/p>\n<p style=\"text-align: justify;\">Hace 3 meses se conform\u00f3 Mesa de Trabajo que tiene relaci\u00f3n con el Trastorno del Espectro Autista, instancia que tiene por objetivo visibilizar esta condici\u00f3n, erradicar mitos frente a ella y educar a la comunidad sobre lo que significa el TEA.<\/p>\n<p style=\"text-align: justify;\">Andrea Fuentes, Psic\u00f3loga Unidad de Salud Mental del Servicio de Salud Ays\u00e9n, se\u00f1al\u00f3 que \u201cel Servicio de Salud Ays\u00e9n, acogiendo la solicitud realizada por las familias que componen las asociaciones TEAcompa\u00f1amos y Asperger Patagonia, ha instalado una mesa de trabajo conjunto, que busca potenciar y mejorar el abordaje del Trastorno del Espectro Autista (TEA) en la red asistencial. Dicho trabajo tiene como carta de navegaci\u00f3n las directrices del Programa Nacional de la Infancia y Adolescencia, el Plan Nacional de Salud Mental, y por supuesto, la mirada de quienes son usuarios, cuidadores y familiares, en tanto, constituyen un aporte fundamental para abordar estrategias, teniendo presente la experiencia de quienes conviven con esta condici\u00f3n de Salud y as\u00ed atender a criterios locales en la planificaci\u00f3n que estamos desarrollando\u201d.<\/p>\n<p style=\"text-align: justify;\">Entre los desaf\u00edos que se han planteado en esta mesa de trabajo se destacan el contar con un catastro de ni\u00f1os y adolescentes que cuenten con diagnostico; definir servicios y mecanismos de continuidad asistencial para el abordaje del TEA; organizar capacitaciones para los equipos de la Atenci\u00f3n Primaria de Salud con la finalidad de mejorar la pesquisa, a fin de generar mayor oportunidad en el diagn\u00f3stico, como as\u00ed tambi\u00e9n desarrollar un plan de trabajo 2021.<\/p>\n<p style=\"text-align: justify;\">Por su parte, Pamela Alarc\u00f3n, presidenta de la Asociaci\u00f3n TEAcompa\u00f1amos, manifest\u00f3 que \u201clas necesidades de las familias son m\u00faltiples, pero principalmente se basan en el diagn\u00f3stico temprano, idealmente dentro de los 5 primeros a\u00f1os de vida; derivaci\u00f3n y atenci\u00f3n multidisciplinaria y con personal capacitado en TEA, como as\u00ed tambi\u00e9n la atenci\u00f3n durante todo el ciclo vital, es decir no solo en la infancia, sino que exista una continuidad de la atenci\u00f3n en la adolescencia y la adultez, que adem\u00e1s involucre a la familia\u201d.<\/p>\n<p style=\"text-align: justify;\">Cabe destacar, que en esta mesa de trabajo participan el Servicio de Salud Ays\u00e9n, COSAM, y las organizaciones locales Asperger Patagonia y TEAcompa\u00f1amos.<\/p>\n<p style=\"text-align: justify;\"><strong>\u00bfQu\u00e9 es TEA?<\/strong><\/p>\n<p style=\"text-align: justify;\">El TEA es un trastorno de origen neurobiol\u00f3gico, que afecta a la configuraci\u00f3n del sistema nervioso y al funcionamiento cerebral, dando lugar a dificultades en dos \u00e1reas principalmente: la comunicaci\u00f3n e interacci\u00f3n social y la flexibilidad del pensamiento y de la conducta.<\/p>\n<p style=\"text-align: justify;\">No est\u00e1 determinada su causa y es, adem\u00e1s, una \u201cdiscapacidad invisible\u201d, ya que no lleva asociados rasgos f\u00edsicos diferenciadores. El TEA acompa\u00f1a a la persona a lo largo de toda su vida, pero puede manifestarse maneras muy distintas: no hay dos personas con TEA iguales; depender\u00e1 de su propio desarrollo personal y de los apoyos que pueda tener, as\u00ed como de si presenta o no discapacidad intelectual asociada y tambi\u00e9n de su nivel de desarrollo del lenguaje.<\/p>\n<\/div><\/section><\/div><div  style='height:50px' class='hr hr-invisible   avia-builder-el-6  el_after_av_one_full  el_before_av_social_share '><span class='hr-inner ' ><span class='hr-inner-style'><\/span><\/span><\/div><\/p>\n<div  class='av-social-sharing-box  avia-builder-el-7  el_after_av_hr  el_before_av_hr  '><div class='av-share-box'><h5 class='av-share-link-description av-no-toc '>Compartir esta noticia<\/h5><ul class='av-share-box-list noLightbox'><li class='av-share-link av-social-link-facebook' ><a target=\"_blank\" aria-label=\"Compartir en Facebook\" href='https:\/\/www.facebook.com\/sharer.php?u=https:\/\/radiorevelacionfm.cl\/?p=2199&#038;t=Servicio%20de%20Salud%20Ays%C3%A9n%20junto%20a%20organizaciones%20locales%20participan%20en%20mesa%20de%20trabajo%20TEA' aria-hidden='false' data-av_icon='\ue8f3' data-av_iconfont='entypo-fontello' title='' data-avia-related-tooltip='Compartir en Facebook' rel=\"noopener\"><span class='avia_hidden_link_text'>Compartir en Facebook<\/span><\/a><\/li><li class='av-share-link av-social-link-twitter' ><a target=\"_blank\" aria-label=\"Compartir en Twitter\" href='https:\/\/twitter.com\/share?text=Servicio%20de%20Salud%20Ays%C3%A9n%20junto%20a%20organizaciones%20locales%20participan%20en%20mesa%20de%20trabajo%20TEA&#038;url=https:\/\/radiorevelacionfm.cl\/?p=2199' aria-hidden='false' data-av_icon='\ue8f1' data-av_iconfont='entypo-fontello' title='' data-avia-related-tooltip='Compartir en Twitter' rel=\"noopener\"><span class='avia_hidden_link_text'>Compartir en Twitter<\/span><\/a><\/li><li class='av-share-link av-social-link-whatsapp' ><a target=\"_blank\" aria-label=\"Compartir en Whatsapp\" href='https:\/\/api.whatsapp.com\/send?text=https:\/\/radiorevelacionfm.cl\/?p=2199' aria-hidden='false' data-av_icon='\uf232' data-av_iconfont='entypo-fontello' title='' data-avia-related-tooltip='Compartir en Whatsapp' rel=\"noopener\"><span class='avia_hidden_link_text'>Compartir en Whatsapp<\/span><\/a><\/li><li class='av-share-link av-social-link-linkedin' ><a target=\"_blank\" aria-label=\"Compartir en LinkedIn\" href='https:\/\/linkedin.com\/shareArticle?mini=true&#038;title=Servicio%20de%20Salud%20Ays%C3%A9n%20junto%20a%20organizaciones%20locales%20participan%20en%20mesa%20de%20trabajo%20TEA&#038;url=https:\/\/radiorevelacionfm.cl\/?p=2199' aria-hidden='false' data-av_icon='\ue8fc' data-av_iconfont='entypo-fontello' title='' data-avia-related-tooltip='Compartir en LinkedIn' rel=\"noopener\"><span class='avia_hidden_link_text'>Compartir en LinkedIn<\/span><\/a><\/li><li class='av-share-link av-social-link-mail' ><a  aria-label=\"Compartir por correo\" href='mailto:?subject=Servicio%20de%20Salud%20Ays%C3%A9n%20junto%20a%20organizaciones%20locales%20participan%20en%20mesa%20de%20trabajo%20TEA&#038;body=https:\/\/radiorevelacionfm.cl\/?p=2199' aria-hidden='false' data-av_icon='\ue805' data-av_iconfont='entypo-fontello' title='' data-avia-related-tooltip='Compartir por correo'><span class='avia_hidden_link_text'>Compartir por correo<\/span><\/a><\/li><\/ul><\/div><\/div>\n<div  style='height:50px' class='hr hr-invisible   avia-builder-el-8  el_after_av_social_share  el_before_av_comments_list '><span class='hr-inner ' ><span class='hr-inner-style'><\/span><\/span><\/div>\n<div  class='av-buildercomment  av-blog-meta-html-info-disabled av-blog-meta-tag-disabled  '><\/div>\n","protected":false},"excerpt":{"rendered":"","protected":false},"author":1,"featured_media":0,"comment_status":"open","ping_status":"open","sticky":false,"template":"","format":"standard","meta":{"footnotes":""},"categories":[46],"tags":[],"class_list":["post-2199","post","type-post","status-publish","format-standard","hentry","category-salud"],"jetpack_featured_media_url":"","_links":{"self":[{"href":"https:\/\/radiorevelacionfm.cl\/index.php?rest_route=\/wp\/v2\/posts\/2199","targetHints":{"allow":["GET"]}}],"collection":[{"href":"https:\/\/radiorevelacionfm.cl\/index.php?rest_route=\/wp\/v2\/posts"}],"about":[{"href":"https:\/\/radiorevelacionfm.cl\/index.php?rest_route=\/wp\/v2\/types\/post"}],"author":[{"embeddable":true,"href":"https:\/\/radiorevelacionfm.cl\/index.php?rest_route=\/wp\/v2\/users\/1"}],"replies":[{"embeddable":true,"href":"https:\/\/radiorevelacionfm.cl\/index.php?rest_route=%2Fwp%2Fv2%2Fcomments&post=2199"}],"version-history":[{"count":1,"href":"https:\/\/radiorevelacionfm.cl\/index.php?rest_route=\/wp\/v2\/posts\/2199\/revisions"}],"predecessor-version":[{"id":2201,"href":"https:\/\/radiorevelacionfm.cl\/index.php?rest_route=\/wp\/v2\/posts\/2199\/revisions\/2201"}],"wp:attachment":[{"href":"https:\/\/radiorevelacionfm.cl\/index.php?rest_route=%2Fwp%2Fv2%2Fmedia&parent=2199"}],"wp:term":[{"taxonomy":"category","embeddable":true,"href":"https:\/\/radiorevelacionfm.cl\/index.php?rest_route=%2Fwp%2Fv2%2Fcategories&post=2199"},{"taxonomy":"post_tag","embeddable":true,"href":"https:\/\/radiorevelacionfm.cl\/index.php?rest_route=%2Fwp%2Fv2%2Ftags&post=2199"}],"curies":[{"name":"wp","href":"https:\/\/api.w.org\/{rel}","templated":true}]}}