{"id":21986,"date":"2022-09-20T18:10:33","date_gmt":"2022-09-20T21:10:33","guid":{"rendered":"https:\/\/radiorevelacionfm.cl\/?p=21986"},"modified":"2022-09-20T18:10:33","modified_gmt":"2022-09-20T21:10:33","slug":"desfile-en-cisnes-destacan-participacion-de-la-comunidad-y-la-banda-de-guerra-del-litoral","status":"publish","type":"post","link":"https:\/\/radiorevelacionfm.cl\/?p=21986","title":{"rendered":"Desfile en Cisnes: destacan participaci\u00f3n de la comunidad y la Banda de Guerra del Litoral"},"content":{"rendered":"<div class=\"flex_column av_one_full  flex_column_div av-zero-column-padding first  avia-builder-el-0  el_before_av_one_full  avia-builder-el-first  \" style='border-radius:0px; '><div  class='avia-image-container  av-styling-    avia-builder-el-1  avia-builder-el-no-sibling  avia-align-center '  itemprop=\"image\" itemscope=\"itemscope\" itemtype=\"https:\/\/schema.org\/ImageObject\"  ><div class='avia-image-container-inner'><div class='avia-image-overlay-wrap'><img decoding=\"async\" class='wp-image-21987 avia-img-lazy-loading-not-21987 avia_image' src=\"https:\/\/radiorevelacionfm.cl\/wp-content\/uploads\/2022\/09\/desfile-cisnes-17-1-1_optimized-1.jpg\" alt='' title='desfile-cisnes-17-(1)-(1)_optimized (1)' height=\"600\" width=\"900\"  itemprop=\"thumbnailUrl\" srcset=\"https:\/\/radiorevelacionfm.cl\/wp-content\/uploads\/2022\/09\/desfile-cisnes-17-1-1_optimized-1.jpg 900w, https:\/\/radiorevelacionfm.cl\/wp-content\/uploads\/2022\/09\/desfile-cisnes-17-1-1_optimized-1-300x200.jpg 300w, https:\/\/radiorevelacionfm.cl\/wp-content\/uploads\/2022\/09\/desfile-cisnes-17-1-1_optimized-1-768x512.jpg 768w, https:\/\/radiorevelacionfm.cl\/wp-content\/uploads\/2022\/09\/desfile-cisnes-17-1-1_optimized-1-705x470.jpg 705w, https:\/\/radiorevelacionfm.cl\/wp-content\/uploads\/2022\/09\/desfile-cisnes-17-1-1_optimized-1-600x400.jpg 600w\" sizes=\"(max-width: 900px) 100vw, 900px\" \/><\/div><\/div><\/div><\/div><div class=\"flex_column av_one_full  flex_column_div av-zero-column-padding first  avia-builder-el-2  el_after_av_one_full  el_before_av_one_full  column-top-margin\" style='border-radius:0px; '><section class=\"av_textblock_section \"  itemscope=\"itemscope\" itemtype=\"https:\/\/schema.org\/BlogPosting\" itemprop=\"blogPost\" ><div class='avia_textblock  '   itemprop=\"text\" ><p style=\"text-align: center;\"><strong><span style=\"font-size: 18pt;\">Desfile en Cisnes: destacan participaci\u00f3n de la comunidad y la Banda de Guerra del Litoral<\/span><\/strong><\/p>\n<div id=\"gtx-trans\" style=\"position: absolute; left: -50px; top: 4.31534px;\">\n<div class=\"gtx-trans-icon\"><\/div>\n<\/div>\n<\/div><\/section><\/div><div class=\"flex_column av_one_full  flex_column_div av-zero-column-padding first  avia-builder-el-4  el_after_av_one_full  el_before_av_hr  column-top-margin\" style='border-radius:0px; '><section class=\"av_textblock_section \"  itemscope=\"itemscope\" itemtype=\"https:\/\/schema.org\/BlogPosting\" itemprop=\"blogPost\" ><div class='avia_textblock  '   itemprop=\"text\" ><p style=\"text-align: justify;\">Con la presencia de autoridades comunales y representantes de las Fuerzas Armadas y de Orden, se llev\u00f3 a cabo el desfile por Fiestas Patrias y las Glorias del Ej\u00e9rcito en Puerto Cisnes, actividad que se desarroll\u00f3 en torno a la plaza de la localidad.<\/p>\n<p style=\"text-align: justify;\">Se resalt\u00f3 la gran participaci\u00f3n de la comunidad, sus instituciones, organizaciones, liceo, colegios y la Banda de Guerra del Litoral. As\u00ed se rescata en las palabras de la Concejala, Ximena Ar\u00e9valo.<\/p>\n<p style=\"text-align: justify;\">\u201cDestacar la afluencia de p\u00fablico que estuvo presente, tambi\u00e9n felicitar a las organizaciones por su enorme participaci\u00f3n, resaltar entre algunas de ellas, la Banda de Guerra del Litoral, el Club de Rodeo que hicieron una muy buena presentaci\u00f3n, con lo que deleitaron a todo el p\u00fablico. Finalizamos la jornada con un vino de honor en el gimnasio de la localidad, donde pudimos compartir con los vecinos, con las autoridades presentes y de esta manera cerrar la jornada\u201d.<\/p>\n<p style=\"text-align: justify;\">En tanto, el Concejal Francisco Abarca, manifest\u00f3, \u201cagradecer la posibilidad de participar de esta actividad, destacar que fue una actividad a la que asistieron muchos vecinos y vecinas, que tuvo participaci\u00f3n de distintas organizaciones e instituciones de la localidad. Esto marca la importancia que tiene para nuestra gente el conmemorar estas fechas y de hacer honor a las tradiciones, destacar tambi\u00e9n, la participaci\u00f3n de la Banda de Guerra\u201d.<\/p>\n<p style=\"text-align: justify;\">El Capit\u00e1n de Bomberos de Puerto Cisnes, Fernando \u00d1ancupel, agregaba que, \u201ctuvimos una gran participaci\u00f3n de la ciudadan\u00eda como p\u00fablico, adem\u00e1s, present\u00e1ndose en el desfile a trav\u00e9s de sus organizaciones comunitarias. Quiero agradecer a la Banda de Guerra del Litoral, demostrando un tremendo trabajo que se lleva a cabo junto al instructor Charly Mart\u00ednez. Invitar a la comunidad a ser parte de estos actos en el futuro, ya que, se puede ver la uni\u00f3n de las personas y el respeto a nuestra patria. Agradecer al personal de Bomberos que se hizo presente, sabemos que no es f\u00e1cil porque somos voluntarios, pero nos llena de orgullo los aplausos y el cari\u00f1o de la gente por nuestra instituci\u00f3n\u201d.<\/p>\n<p style=\"text-align: justify;\">La jornada estuvo acompa\u00f1ada de buen y de un gran marco de p\u00fablico en la Plaza de Armas de Puerto Cisnes.<\/p>\n<\/div><\/section><\/div><div  style='height:50px' class='hr hr-invisible   avia-builder-el-6  el_after_av_one_full  el_before_av_social_share '><span class='hr-inner ' ><span class='hr-inner-style'><\/span><\/span><\/div><\/p>\n<div  class='av-social-sharing-box  avia-builder-el-7  el_after_av_hr  el_before_av_hr  '><div class='av-share-box'><h5 class='av-share-link-description av-no-toc '>Compartir esta noticia<\/h5><ul class='av-share-box-list noLightbox'><li class='av-share-link av-social-link-facebook' ><a target=\"_blank\" aria-label=\"Compartir en Facebook\" href='https:\/\/www.facebook.com\/sharer.php?u=https:\/\/radiorevelacionfm.cl\/?p=21986&#038;t=Desfile%20en%20Cisnes%3A%20destacan%20participaci%C3%B3n%20de%20la%20comunidad%20y%20la%20Banda%20de%20Guerra%20del%20Litoral' aria-hidden='false' data-av_icon='\ue8f3' data-av_iconfont='entypo-fontello' title='' data-avia-related-tooltip='Compartir en Facebook' rel=\"noopener\"><span class='avia_hidden_link_text'>Compartir en Facebook<\/span><\/a><\/li><li class='av-share-link av-social-link-twitter' ><a target=\"_blank\" aria-label=\"Compartir en Twitter\" href='https:\/\/twitter.com\/share?text=Desfile%20en%20Cisnes%3A%20destacan%20participaci%C3%B3n%20de%20la%20comunidad%20y%20la%20Banda%20de%20Guerra%20del%20Litoral&#038;url=https:\/\/radiorevelacionfm.cl\/?p=21986' aria-hidden='false' data-av_icon='\ue8f1' data-av_iconfont='entypo-fontello' title='' data-avia-related-tooltip='Compartir en Twitter' rel=\"noopener\"><span class='avia_hidden_link_text'>Compartir en Twitter<\/span><\/a><\/li><li class='av-share-link av-social-link-whatsapp' ><a target=\"_blank\" aria-label=\"Compartir en Whatsapp\" href='https:\/\/api.whatsapp.com\/send?text=https:\/\/radiorevelacionfm.cl\/?p=21986' aria-hidden='false' data-av_icon='\uf232' data-av_iconfont='entypo-fontello' title='' data-avia-related-tooltip='Compartir en Whatsapp' rel=\"noopener\"><span class='avia_hidden_link_text'>Compartir en Whatsapp<\/span><\/a><\/li><li class='av-share-link av-social-link-linkedin' ><a target=\"_blank\" aria-label=\"Compartir en LinkedIn\" href='https:\/\/linkedin.com\/shareArticle?mini=true&#038;title=Desfile%20en%20Cisnes%3A%20destacan%20participaci%C3%B3n%20de%20la%20comunidad%20y%20la%20Banda%20de%20Guerra%20del%20Litoral&#038;url=https:\/\/radiorevelacionfm.cl\/?p=21986' aria-hidden='false' data-av_icon='\ue8fc' data-av_iconfont='entypo-fontello' title='' data-avia-related-tooltip='Compartir en LinkedIn' rel=\"noopener\"><span class='avia_hidden_link_text'>Compartir en LinkedIn<\/span><\/a><\/li><li class='av-share-link av-social-link-mail' ><a  aria-label=\"Compartir por correo\" href='mailto:?subject=Desfile%20en%20Cisnes%3A%20destacan%20participaci%C3%B3n%20de%20la%20comunidad%20y%20la%20Banda%20de%20Guerra%20del%20Litoral&#038;body=https:\/\/radiorevelacionfm.cl\/?p=21986' aria-hidden='false' data-av_icon='\ue805' data-av_iconfont='entypo-fontello' title='' data-avia-related-tooltip='Compartir por correo'><span class='avia_hidden_link_text'>Compartir por correo<\/span><\/a><\/li><\/ul><\/div><\/div>\n<div  style='height:50px' class='hr hr-invisible   avia-builder-el-8  el_after_av_social_share  el_before_av_comments_list '><span class='hr-inner ' ><span class='hr-inner-style'><\/span><\/span><\/div>\n<div  class='av-buildercomment  av-blog-meta-html-info-disabled av-blog-meta-tag-disabled  '><\/div>\n","protected":false},"excerpt":{"rendered":"","protected":false},"author":1,"featured_media":21987,"comment_status":"open","ping_status":"open","sticky":false,"template":"","format":"standard","meta":{"footnotes":""},"categories":[38],"tags":[],"class_list":["post-21986","post","type-post","status-publish","format-standard","has-post-thumbnail","hentry","category-regional"],"jetpack_featured_media_url":"https:\/\/radiorevelacionfm.cl\/wp-content\/uploads\/2022\/09\/desfile-cisnes-17-1-1_optimized-1.jpg","_links":{"self":[{"href":"https:\/\/radiorevelacionfm.cl\/index.php?rest_route=\/wp\/v2\/posts\/21986","targetHints":{"allow":["GET"]}}],"collection":[{"href":"https:\/\/radiorevelacionfm.cl\/index.php?rest_route=\/wp\/v2\/posts"}],"about":[{"href":"https:\/\/radiorevelacionfm.cl\/index.php?rest_route=\/wp\/v2\/types\/post"}],"author":[{"embeddable":true,"href":"https:\/\/radiorevelacionfm.cl\/index.php?rest_route=\/wp\/v2\/users\/1"}],"replies":[{"embeddable":true,"href":"https:\/\/radiorevelacionfm.cl\/index.php?rest_route=%2Fwp%2Fv2%2Fcomments&post=21986"}],"version-history":[{"count":2,"href":"https:\/\/radiorevelacionfm.cl\/index.php?rest_route=\/wp\/v2\/posts\/21986\/revisions"}],"predecessor-version":[{"id":21989,"href":"https:\/\/radiorevelacionfm.cl\/index.php?rest_route=\/wp\/v2\/posts\/21986\/revisions\/21989"}],"wp:featuredmedia":[{"embeddable":true,"href":"https:\/\/radiorevelacionfm.cl\/index.php?rest_route=\/wp\/v2\/media\/21987"}],"wp:attachment":[{"href":"https:\/\/radiorevelacionfm.cl\/index.php?rest_route=%2Fwp%2Fv2%2Fmedia&parent=21986"}],"wp:term":[{"taxonomy":"category","embeddable":true,"href":"https:\/\/radiorevelacionfm.cl\/index.php?rest_route=%2Fwp%2Fv2%2Fcategories&post=21986"},{"taxonomy":"post_tag","embeddable":true,"href":"https:\/\/radiorevelacionfm.cl\/index.php?rest_route=%2Fwp%2Fv2%2Ftags&post=21986"}],"curies":[{"name":"wp","href":"https:\/\/api.w.org\/{rel}","templated":true}]}}