{"id":21984,"date":"2022-09-21T10:12:16","date_gmt":"2022-09-21T13:12:16","guid":{"rendered":"https:\/\/radiorevelacionfm.cl\/?p=21984"},"modified":"2022-09-21T10:12:16","modified_gmt":"2022-09-21T13:12:16","slug":"invitan-a-mujeres-y-dirigentas-sociales-a-participar-en-actividades-de-sensibilizacion-de-sernameg","status":"publish","type":"post","link":"https:\/\/radiorevelacionfm.cl\/?p=21984","title":{"rendered":"Invitan a mujeres y dirigentas sociales a participar en actividades de sensibilizaci\u00f3n de SernamEG"},"content":{"rendered":"<div class=\"flex_column av_one_full  flex_column_div av-zero-column-padding first  avia-builder-el-0  el_before_av_one_full  avia-builder-el-first  \" style='border-radius:0px; '><div  class='avia-image-container  av-styling-    avia-builder-el-1  avia-builder-el-no-sibling  avia-align-center '  itemprop=\"image\" itemscope=\"itemscope\" itemtype=\"https:\/\/schema.org\/ImageObject\"  ><div class='avia-image-container-inner'><div class='avia-image-overlay-wrap'><img decoding=\"async\" class='wp-image-18222 avia-img-lazy-loading-not-18222 avia_image' src=\"https:\/\/radiorevelacionfm.cl\/wp-content\/uploads\/2022\/06\/SernamEG-querella-FF-2-1-1.jpg\" alt='' title='SernamEG querella FF (2) (1) (1)' height=\"600\" width=\"901\"  itemprop=\"thumbnailUrl\" srcset=\"https:\/\/radiorevelacionfm.cl\/wp-content\/uploads\/2022\/06\/SernamEG-querella-FF-2-1-1.jpg 901w, https:\/\/radiorevelacionfm.cl\/wp-content\/uploads\/2022\/06\/SernamEG-querella-FF-2-1-1-300x200.jpg 300w, https:\/\/radiorevelacionfm.cl\/wp-content\/uploads\/2022\/06\/SernamEG-querella-FF-2-1-1-768x511.jpg 768w, https:\/\/radiorevelacionfm.cl\/wp-content\/uploads\/2022\/06\/SernamEG-querella-FF-2-1-1-705x469.jpg 705w, https:\/\/radiorevelacionfm.cl\/wp-content\/uploads\/2022\/06\/SernamEG-querella-FF-2-1-1-600x400.jpg 600w\" sizes=\"(max-width: 901px) 100vw, 901px\" \/><\/div><\/div><\/div><\/div><div class=\"flex_column av_one_full  flex_column_div av-zero-column-padding first  avia-builder-el-2  el_after_av_one_full  el_before_av_one_full  column-top-margin\" style='border-radius:0px; '><section class=\"av_textblock_section \"  itemscope=\"itemscope\" itemtype=\"https:\/\/schema.org\/BlogPosting\" itemprop=\"blogPost\" ><div class='avia_textblock  '   itemprop=\"text\" ><p style=\"text-align: center;\"><strong><span style=\"font-size: 18pt;\">Invitan a mujeres y dirigentas sociales a participar en actividades de sensibilizaci\u00f3n de SernamEG <\/span><\/strong><\/p>\n<div id=\"gtx-trans\" style=\"position: absolute; left: -50px; top: 4.31534px;\">\n<div class=\"gtx-trans-icon\"><\/div>\n<\/div>\n<\/div><\/section><\/div><div class=\"flex_column av_one_full  flex_column_div av-zero-column-padding first  avia-builder-el-4  el_after_av_one_full  el_before_av_hr  column-top-margin\" style='border-radius:0px; '><section class=\"av_textblock_section \"  itemscope=\"itemscope\" itemtype=\"https:\/\/schema.org\/BlogPosting\" itemprop=\"blogPost\" ><div class='avia_textblock  '   itemprop=\"text\" ><p style=\"text-align: justify;\">En Puerto Ays\u00e9n y Ma\u00f1ihuales, este mi\u00e9rcoles 21 de septiembre, se inicia el ciclo de actividades de sensibilizaci\u00f3n del programa Mujer y Participaci\u00f3n Pol\u00edtica y Social del Servicio Nacional de la Mujer y la Equidad de G\u00e9nero, SernamEG, que ejecuta la ONG Centro del Desarrollo de la Mujer DOMOS. Uno de los objetivos de los talleres es poner a disposici\u00f3n de las participantes, elementos que aporten a su preparaci\u00f3n y mejora de habilidades para el ejercicio de un liderazgo efectivo, creciente y con enfoque de g\u00e9nero; en las organizaciones de la sociedad civil.<\/p>\n<p style=\"text-align: justify;\">La Directora Regional (S) de SernamEG, Carla Arriagada Malague\u00f1o, lanz\u00f3 un llamado a las posibles interesadas a que concurran a las actividades. \u201cQueremos invitar a todas las mujeres mayores de 18 a\u00f1os que vivan en Puerto Ays\u00e9n, Villa Cerro Castillo, Ma\u00f1ihuales, Puerto Ib\u00e1\u00f1ez y Coyhaique a inscribirse en nuestra p\u00e1gina web y a ser parte de las actividades de sensibilizaci\u00f3n. Recordarles que estos talleres abordan tres temas muy atingentes a la realidad actual, por un lado, los retrocesos por la Pandemia Covid 19 en la autonom\u00eda pol\u00edtica y social de las mujeres; donde se destaca la importancia de aumentar las habilidades de las mujeres y dirigentas para avanzar en materia de derechos. Otra tem\u00e1tica es la participaci\u00f3n en \u00e1reas, oficios y carreras no tradicionales para las mujeres\u00a0y, por \u00faltimo,\u00a0c\u00f3mo se puede abordar la diversidad sexual y de g\u00e9nero al interior de las organizaciones desde\u00a0un enfoque de derechos\u201d, afirm\u00f3.<\/p>\n<p style=\"text-align: justify;\">La actividad de sensibilizaci\u00f3n \u201cLiderazgos y Participaci\u00f3n en \u00e1reas, oficios y carreras no tradicionales para las mujeres\u201d, se llevar\u00e1 a cabo el mi\u00e9rcoles 21 de septiembre, a las 10:00 horas, en la Casa de la Cultura en Puerto Ays\u00e9n. La siguiente fecha del taller corresponde al jueves 22 de septiembre en el mismo horario, en la Sala Interactiva del Centro Cultural de Coyhaique. En Puerto Ib\u00e1\u00f1ez ser\u00e1 la \u00faltima localidad en la que se abordar\u00e1 esta tem\u00e1tica, el viernes 23 de septiembre, en la sede de la junta vecinal a las 10:30 horas.<\/p>\n<p style=\"text-align: justify;\">El taller \u201cRetrocesos por Pandemia Covid 19 en la autonom\u00eda pol\u00edtica y social de las mujeres\u201d inicia el mi\u00e9rcoles 21 de septiembre a las 15:30 horas, en el Centro Comunitario de Ma\u00f1ihuales. Al d\u00eda siguiente, contin\u00faa el ciclo a las 15:00 horas, en la Sala Interactiva del Centro Cultural de Coyhaique.\u00a0 En tanto, la actividad de sensibilizaci\u00f3n \u201cLiderazgos: Mujeres, Diversidad Sexual y de G\u00e9nero\u201d se realizar\u00e1 el viernes 23 de septiembre, a las 15:00 horas, en el Liceo de Villa Cerro Castillo.\u00a0 Finalmente, las inscripciones a los talleres del Programa Mujer y Participaci\u00f3n Pol\u00edtica y Social son a trav\u00e9s del sitio web del SernamEG (<a href=\"http:\/\/www.sernameg.gob.cl\/\" data-saferedirecturl=\"https:\/\/www.google.com\/url?q=http:\/\/www.sernameg.gob.cl&amp;source=gmail&amp;ust=1663792606418000&amp;usg=AOvVaw0wMlsbS1bLKol5680Gz6Xe\">www.sernameg.gob.cl<\/a>), link\u00a0<a href=\"https:\/\/bit.ly\/3nm3KNp\" data-saferedirecturl=\"https:\/\/www.google.com\/url?q=https:\/\/bit.ly\/3nm3KNp&amp;source=gmail&amp;ust=1663792606418000&amp;usg=AOvVaw3_QtfiztPPa-DmuoW31H-r\">https:\/\/bit.ly\/3nm3KNp<\/a>.<\/p>\n<\/div><\/section><\/div><div  style='height:50px' class='hr hr-invisible   avia-builder-el-6  el_after_av_one_full  el_before_av_social_share '><span class='hr-inner ' ><span class='hr-inner-style'><\/span><\/span><\/div><\/p>\n<div  class='av-social-sharing-box  avia-builder-el-7  el_after_av_hr  el_before_av_hr  '><div class='av-share-box'><h5 class='av-share-link-description av-no-toc '>Compartir esta noticia<\/h5><ul class='av-share-box-list noLightbox'><li class='av-share-link av-social-link-facebook' ><a target=\"_blank\" aria-label=\"Compartir en Facebook\" href='https:\/\/www.facebook.com\/sharer.php?u=https:\/\/radiorevelacionfm.cl\/?p=21984&#038;t=Invitan%20a%20mujeres%20y%20dirigentas%20sociales%20a%20participar%20en%20actividades%20de%20sensibilizaci%C3%B3n%20de%20SernamEG' aria-hidden='false' data-av_icon='\ue8f3' data-av_iconfont='entypo-fontello' title='' data-avia-related-tooltip='Compartir en Facebook' rel=\"noopener\"><span class='avia_hidden_link_text'>Compartir en Facebook<\/span><\/a><\/li><li class='av-share-link av-social-link-twitter' ><a target=\"_blank\" aria-label=\"Compartir en Twitter\" href='https:\/\/twitter.com\/share?text=Invitan%20a%20mujeres%20y%20dirigentas%20sociales%20a%20participar%20en%20actividades%20de%20sensibilizaci%C3%B3n%20de%20SernamEG&#038;url=https:\/\/radiorevelacionfm.cl\/?p=21984' aria-hidden='false' data-av_icon='\ue8f1' data-av_iconfont='entypo-fontello' title='' data-avia-related-tooltip='Compartir en Twitter' rel=\"noopener\"><span class='avia_hidden_link_text'>Compartir en Twitter<\/span><\/a><\/li><li class='av-share-link av-social-link-whatsapp' ><a target=\"_blank\" aria-label=\"Compartir en Whatsapp\" href='https:\/\/api.whatsapp.com\/send?text=https:\/\/radiorevelacionfm.cl\/?p=21984' aria-hidden='false' data-av_icon='\uf232' data-av_iconfont='entypo-fontello' title='' data-avia-related-tooltip='Compartir en Whatsapp' rel=\"noopener\"><span class='avia_hidden_link_text'>Compartir en Whatsapp<\/span><\/a><\/li><li class='av-share-link av-social-link-linkedin' ><a target=\"_blank\" aria-label=\"Compartir en LinkedIn\" href='https:\/\/linkedin.com\/shareArticle?mini=true&#038;title=Invitan%20a%20mujeres%20y%20dirigentas%20sociales%20a%20participar%20en%20actividades%20de%20sensibilizaci%C3%B3n%20de%20SernamEG&#038;url=https:\/\/radiorevelacionfm.cl\/?p=21984' aria-hidden='false' data-av_icon='\ue8fc' data-av_iconfont='entypo-fontello' title='' data-avia-related-tooltip='Compartir en LinkedIn' rel=\"noopener\"><span class='avia_hidden_link_text'>Compartir en LinkedIn<\/span><\/a><\/li><li class='av-share-link av-social-link-mail' ><a  aria-label=\"Compartir por correo\" href='mailto:?subject=Invitan%20a%20mujeres%20y%20dirigentas%20sociales%20a%20participar%20en%20actividades%20de%20sensibilizaci%C3%B3n%20de%20SernamEG&#038;body=https:\/\/radiorevelacionfm.cl\/?p=21984' aria-hidden='false' data-av_icon='\ue805' data-av_iconfont='entypo-fontello' title='' data-avia-related-tooltip='Compartir por correo'><span class='avia_hidden_link_text'>Compartir por correo<\/span><\/a><\/li><\/ul><\/div><\/div>\n<div  style='height:50px' class='hr hr-invisible   avia-builder-el-8  el_after_av_social_share  el_before_av_comments_list '><span class='hr-inner ' ><span class='hr-inner-style'><\/span><\/span><\/div>\n<div  class='av-buildercomment  av-blog-meta-html-info-disabled av-blog-meta-tag-disabled  '><\/div>\n","protected":false},"excerpt":{"rendered":"","protected":false},"author":1,"featured_media":18222,"comment_status":"open","ping_status":"open","sticky":false,"template":"","format":"standard","meta":{"footnotes":""},"categories":[38],"tags":[],"class_list":["post-21984","post","type-post","status-publish","format-standard","has-post-thumbnail","hentry","category-regional"],"jetpack_featured_media_url":"https:\/\/radiorevelacionfm.cl\/wp-content\/uploads\/2022\/06\/SernamEG-querella-FF-2-1-1.jpg","_links":{"self":[{"href":"https:\/\/radiorevelacionfm.cl\/index.php?rest_route=\/wp\/v2\/posts\/21984","targetHints":{"allow":["GET"]}}],"collection":[{"href":"https:\/\/radiorevelacionfm.cl\/index.php?rest_route=\/wp\/v2\/posts"}],"about":[{"href":"https:\/\/radiorevelacionfm.cl\/index.php?rest_route=\/wp\/v2\/types\/post"}],"author":[{"embeddable":true,"href":"https:\/\/radiorevelacionfm.cl\/index.php?rest_route=\/wp\/v2\/users\/1"}],"replies":[{"embeddable":true,"href":"https:\/\/radiorevelacionfm.cl\/index.php?rest_route=%2Fwp%2Fv2%2Fcomments&post=21984"}],"version-history":[{"count":2,"href":"https:\/\/radiorevelacionfm.cl\/index.php?rest_route=\/wp\/v2\/posts\/21984\/revisions"}],"predecessor-version":[{"id":22026,"href":"https:\/\/radiorevelacionfm.cl\/index.php?rest_route=\/wp\/v2\/posts\/21984\/revisions\/22026"}],"wp:featuredmedia":[{"embeddable":true,"href":"https:\/\/radiorevelacionfm.cl\/index.php?rest_route=\/wp\/v2\/media\/18222"}],"wp:attachment":[{"href":"https:\/\/radiorevelacionfm.cl\/index.php?rest_route=%2Fwp%2Fv2%2Fmedia&parent=21984"}],"wp:term":[{"taxonomy":"category","embeddable":true,"href":"https:\/\/radiorevelacionfm.cl\/index.php?rest_route=%2Fwp%2Fv2%2Fcategories&post=21984"},{"taxonomy":"post_tag","embeddable":true,"href":"https:\/\/radiorevelacionfm.cl\/index.php?rest_route=%2Fwp%2Fv2%2Ftags&post=21984"}],"curies":[{"name":"wp","href":"https:\/\/api.w.org\/{rel}","templated":true}]}}