{"id":21977,"date":"2022-09-20T17:29:54","date_gmt":"2022-09-20T20:29:54","guid":{"rendered":"https:\/\/radiorevelacionfm.cl\/?p=21977"},"modified":"2022-09-20T17:29:54","modified_gmt":"2022-09-20T20:29:54","slug":"vecinos-del-sector-el-avellano-reciben-100-sacos-de-concentrado-y-viveres","status":"publish","type":"post","link":"https:\/\/radiorevelacionfm.cl\/?p=21977","title":{"rendered":"Vecinos del sector El Avellano reciben 100 sacos de concentrado y v\u00edveres"},"content":{"rendered":"<div class=\"flex_column av_one_full  flex_column_div av-zero-column-padding first  avia-builder-el-0  el_before_av_one_full  avia-builder-el-first  \" style='border-radius:0px; '><div  class='avia-image-container  av-styling-    avia-builder-el-1  avia-builder-el-no-sibling  avia-align-center '  itemprop=\"image\" itemscope=\"itemscope\" itemtype=\"https:\/\/schema.org\/ImageObject\"  ><div class='avia-image-container-inner'><div class='avia-image-overlay-wrap'><img decoding=\"async\" class='wp-image-21978 avia-img-lazy-loading-not-21978 avia_image' src=\"https:\/\/radiorevelacionfm.cl\/wp-content\/uploads\/2022\/09\/foto-avellano-2-1-1.jpeg\" alt='' title='foto avellano (2) (1) (1)' height=\"600\" width=\"800\"  itemprop=\"thumbnailUrl\" srcset=\"https:\/\/radiorevelacionfm.cl\/wp-content\/uploads\/2022\/09\/foto-avellano-2-1-1.jpeg 800w, https:\/\/radiorevelacionfm.cl\/wp-content\/uploads\/2022\/09\/foto-avellano-2-1-1-300x225.jpeg 300w, https:\/\/radiorevelacionfm.cl\/wp-content\/uploads\/2022\/09\/foto-avellano-2-1-1-768x576.jpeg 768w, https:\/\/radiorevelacionfm.cl\/wp-content\/uploads\/2022\/09\/foto-avellano-2-1-1-705x529.jpeg 705w, https:\/\/radiorevelacionfm.cl\/wp-content\/uploads\/2022\/09\/foto-avellano-2-1-1-600x450.jpeg 600w\" sizes=\"(max-width: 800px) 100vw, 800px\" \/><\/div><\/div><\/div><\/div><div class=\"flex_column av_one_full  flex_column_div av-zero-column-padding first  avia-builder-el-2  el_after_av_one_full  el_before_av_one_full  column-top-margin\" style='border-radius:0px; '><section class=\"av_textblock_section \"  itemscope=\"itemscope\" itemtype=\"https:\/\/schema.org\/BlogPosting\" itemprop=\"blogPost\" ><div class='avia_textblock  '   itemprop=\"text\" ><p style=\"text-align: center;\"><span style=\"font-size: 18pt;\"><b><span lang=\"ES-US\">Vecinos del sector El Avellano reciben 100 sacos de concentrado y v\u00edveres\u00a0<\/span><\/b><\/span><\/p>\n<div id=\"gtx-trans\" style=\"position: absolute; left: -50px; top: 4.31534px;\">\n<div class=\"gtx-trans-icon\"><\/div>\n<\/div>\n<\/div><\/section><\/div><div class=\"flex_column av_one_full  flex_column_div av-zero-column-padding first  avia-builder-el-4  el_after_av_one_full  el_before_av_hr  column-top-margin\" style='border-radius:0px; '><section class=\"av_textblock_section \"  itemscope=\"itemscope\" itemtype=\"https:\/\/schema.org\/BlogPosting\" itemprop=\"blogPost\" ><div class='avia_textblock  '   itemprop=\"text\" ><p style=\"font-weight: 400; text-align: justify;\">Ante la cr\u00edtica realidad de desconexi\u00f3n lacustre que viven los habitantes el sector El Avellano, luego de tres meses sin contar con el recorrido mensual de la barcaza y de no obtener respuestas desde las autoridades, la Municipalidad de R\u00edo Ib\u00e1\u00f1ez junto a un vecino de Puerto R\u00edo Tranquilo, gestionaron la entrega de 100 sacos de alimento concentrado de INDAP, adem\u00e1s de v\u00edveres para los pobladores a trav\u00e9s de un viaje privado en lancha.<\/p>\n<p style=\"font-weight: 400; text-align: justify;\">M\u00e1s de 3 horas a caballo debieron recorrer los campesinos del sector El Avellano para recibir 2.500 kg de concentrado para animales, los cuales fueron transportados en lancha desde la costanera de Puerto R\u00edo Tranquilo, los d\u00edas 8 y 13 de septiembre como una medida de emergencia temporal. Una iniciativa coordinada por la Municipalidad de R\u00edo Ib\u00e1\u00f1ez e impulsada por el dirigente de la junta de vecinos, Jos\u00e9 Arce, quien particip\u00f3 en esta traves\u00eda junto al delegado municipal de la localidad, Pedro Soto.<\/p>\n<p style=\"font-weight: 400; text-align: justify;\">Cabe se\u00f1alar que estos sacos de concentrado estuvieron apilados en las bodegas de INDAP de Puerto Ingeniero Ib\u00e1\u00f1ez durante meses, dado que no hab\u00edan podido ser trasladados al no disponer de barcaza.<\/p>\n<p style=\"font-weight: 400; text-align: justify;\">\u201cEl problema de momento era el concentrado, no ten\u00edamos forraje para los animales y la barcaza desde mayo que no viene al sector. Esta es una gran ayuda, aunque son solo 20 sacos -por persona- nos van a servir mucho. Hay pobladores que no ten\u00edan nada, absolutamente nada de alimento\u201d afirma el campesino del sector El Avellano, Alexis Villarroel.<\/p>\n<p style=\"font-weight: 400; text-align: justify;\">Villarroel, al igual que otros vecinos del sector, tardaron varios d\u00edas en trasladar el concentrado a caballo, debido a las inclemencias clim\u00e1ticas y a las crecidas de los r\u00edos \u201cahora estamos en eso, vinimos donde un vecino que est\u00e1 del otro lado del r\u00edo, pero hoy quedamos atajados, llovi\u00f3 todo el d\u00eda y no pudimos cruzar para ir a nuestras casas\u201d declara.<\/p>\n<p style=\"font-weight: 400; text-align: justify;\">El alcalde de la comuna de R\u00edo Ib\u00e1\u00f1ez, Marcelo Santana, afirma que \u201ceste alimento permite dar resguardo por un par de semanas, pero se hace absolutamente necesario que la barcaza vuelva hacia el sector, para poder retomar la conectividad\u201d adem\u00e1s, explica que algunas de las necesidades urgentes de los vecinos es llevar forraje para los animales en primavera y sacar a su ganado para venderlos.<\/p>\n<p style=\"font-weight: 400; text-align: justify;\">Los vecinos del sector El Avellano junto a sus familiares, han hecho un llamado constante a las autoridades del Gobierno Central para retomar la conectividad lacustre, el cual no ha obtenido respuestas ni soluciones, por lo que el dirigente de la junta de vecinos de Puerto R\u00edo Tranquilo, Jos\u00e9 Arce, tom\u00f3 la iniciativa de facilitar una lancha privada para trasladar insumos, quien comenta \u201cla verdad es que fue bastante impresionante para ellos, porque es dif\u00edcil llegar al Avellano con una carga, por las condiciones clim\u00e1ticas del lago, el peso, etc. Cuando llegamos vimos los rostros de ellos, muy agradecidos y contentos\u201d.<\/p>\n<p style=\"font-weight: 400; text-align: justify;\">El Lago General Carrera o Lago Chelenko, cuyo significado es \u201caguas tormentosas\u201d, no hizo sencilla esta traves\u00eda, la cual cont\u00f3 con la autorizaci\u00f3n de la armada y fue realizada en dos d\u00edas, descargando el concentrado en distintos puntos estrat\u00e9gicos que fueran m\u00e1s accesibles para los pobladores del sector.<\/p>\n<\/div><\/section><\/div><div  style='height:50px' class='hr hr-invisible   avia-builder-el-6  el_after_av_one_full  el_before_av_social_share '><span class='hr-inner ' ><span class='hr-inner-style'><\/span><\/span><\/div><\/p>\n<div  class='av-social-sharing-box  avia-builder-el-7  el_after_av_hr  el_before_av_hr  '><div class='av-share-box'><h5 class='av-share-link-description av-no-toc '>Compartir esta noticia<\/h5><ul class='av-share-box-list noLightbox'><li class='av-share-link av-social-link-facebook' ><a target=\"_blank\" aria-label=\"Compartir en Facebook\" href='https:\/\/www.facebook.com\/sharer.php?u=https:\/\/radiorevelacionfm.cl\/?p=21977&#038;t=Vecinos%20del%20sector%20El%20Avellano%20reciben%20100%20sacos%20de%20concentrado%20y%20v%C3%ADveres' aria-hidden='false' data-av_icon='\ue8f3' data-av_iconfont='entypo-fontello' title='' data-avia-related-tooltip='Compartir en Facebook' rel=\"noopener\"><span class='avia_hidden_link_text'>Compartir en Facebook<\/span><\/a><\/li><li class='av-share-link av-social-link-twitter' ><a target=\"_blank\" aria-label=\"Compartir en Twitter\" href='https:\/\/twitter.com\/share?text=Vecinos%20del%20sector%20El%20Avellano%20reciben%20100%20sacos%20de%20concentrado%20y%20v%C3%ADveres&#038;url=https:\/\/radiorevelacionfm.cl\/?p=21977' aria-hidden='false' data-av_icon='\ue8f1' data-av_iconfont='entypo-fontello' title='' data-avia-related-tooltip='Compartir en Twitter' rel=\"noopener\"><span class='avia_hidden_link_text'>Compartir en Twitter<\/span><\/a><\/li><li class='av-share-link av-social-link-whatsapp' ><a target=\"_blank\" aria-label=\"Compartir en Whatsapp\" href='https:\/\/api.whatsapp.com\/send?text=https:\/\/radiorevelacionfm.cl\/?p=21977' aria-hidden='false' data-av_icon='\uf232' data-av_iconfont='entypo-fontello' title='' data-avia-related-tooltip='Compartir en Whatsapp' rel=\"noopener\"><span class='avia_hidden_link_text'>Compartir en Whatsapp<\/span><\/a><\/li><li class='av-share-link av-social-link-linkedin' ><a target=\"_blank\" aria-label=\"Compartir en LinkedIn\" href='https:\/\/linkedin.com\/shareArticle?mini=true&#038;title=Vecinos%20del%20sector%20El%20Avellano%20reciben%20100%20sacos%20de%20concentrado%20y%20v%C3%ADveres&#038;url=https:\/\/radiorevelacionfm.cl\/?p=21977' aria-hidden='false' data-av_icon='\ue8fc' data-av_iconfont='entypo-fontello' title='' data-avia-related-tooltip='Compartir en LinkedIn' rel=\"noopener\"><span class='avia_hidden_link_text'>Compartir en LinkedIn<\/span><\/a><\/li><li class='av-share-link av-social-link-mail' ><a  aria-label=\"Compartir por correo\" href='mailto:?subject=Vecinos%20del%20sector%20El%20Avellano%20reciben%20100%20sacos%20de%20concentrado%20y%20v%C3%ADveres&#038;body=https:\/\/radiorevelacionfm.cl\/?p=21977' aria-hidden='false' data-av_icon='\ue805' data-av_iconfont='entypo-fontello' title='' data-avia-related-tooltip='Compartir por correo'><span class='avia_hidden_link_text'>Compartir por correo<\/span><\/a><\/li><\/ul><\/div><\/div>\n<div  style='height:50px' class='hr hr-invisible   avia-builder-el-8  el_after_av_social_share  el_before_av_comments_list '><span class='hr-inner ' ><span class='hr-inner-style'><\/span><\/span><\/div>\n<div  class='av-buildercomment  av-blog-meta-html-info-disabled av-blog-meta-tag-disabled  '><\/div>\n","protected":false},"excerpt":{"rendered":"","protected":false},"author":1,"featured_media":21978,"comment_status":"open","ping_status":"open","sticky":false,"template":"","format":"standard","meta":{"footnotes":""},"categories":[38],"tags":[],"class_list":["post-21977","post","type-post","status-publish","format-standard","has-post-thumbnail","hentry","category-regional"],"jetpack_featured_media_url":"https:\/\/radiorevelacionfm.cl\/wp-content\/uploads\/2022\/09\/foto-avellano-2-1-1.jpeg","_links":{"self":[{"href":"https:\/\/radiorevelacionfm.cl\/index.php?rest_route=\/wp\/v2\/posts\/21977","targetHints":{"allow":["GET"]}}],"collection":[{"href":"https:\/\/radiorevelacionfm.cl\/index.php?rest_route=\/wp\/v2\/posts"}],"about":[{"href":"https:\/\/radiorevelacionfm.cl\/index.php?rest_route=\/wp\/v2\/types\/post"}],"author":[{"embeddable":true,"href":"https:\/\/radiorevelacionfm.cl\/index.php?rest_route=\/wp\/v2\/users\/1"}],"replies":[{"embeddable":true,"href":"https:\/\/radiorevelacionfm.cl\/index.php?rest_route=%2Fwp%2Fv2%2Fcomments&post=21977"}],"version-history":[{"count":2,"href":"https:\/\/radiorevelacionfm.cl\/index.php?rest_route=\/wp\/v2\/posts\/21977\/revisions"}],"predecessor-version":[{"id":21980,"href":"https:\/\/radiorevelacionfm.cl\/index.php?rest_route=\/wp\/v2\/posts\/21977\/revisions\/21980"}],"wp:featuredmedia":[{"embeddable":true,"href":"https:\/\/radiorevelacionfm.cl\/index.php?rest_route=\/wp\/v2\/media\/21978"}],"wp:attachment":[{"href":"https:\/\/radiorevelacionfm.cl\/index.php?rest_route=%2Fwp%2Fv2%2Fmedia&parent=21977"}],"wp:term":[{"taxonomy":"category","embeddable":true,"href":"https:\/\/radiorevelacionfm.cl\/index.php?rest_route=%2Fwp%2Fv2%2Fcategories&post=21977"},{"taxonomy":"post_tag","embeddable":true,"href":"https:\/\/radiorevelacionfm.cl\/index.php?rest_route=%2Fwp%2Fv2%2Ftags&post=21977"}],"curies":[{"name":"wp","href":"https:\/\/api.w.org\/{rel}","templated":true}]}}