{"id":21965,"date":"2022-09-20T16:03:44","date_gmt":"2022-09-20T19:03:44","guid":{"rendered":"https:\/\/radiorevelacionfm.cl\/?p=21965"},"modified":"2022-09-20T16:03:44","modified_gmt":"2022-09-20T19:03:44","slug":"mejor-ninez-y-sename-firman-convenio-de-colaboracion-regional","status":"publish","type":"post","link":"https:\/\/radiorevelacionfm.cl\/?p=21965","title":{"rendered":"Mejor Ni\u00f1ez y Sename firman convenio de colaboraci\u00f3n regional"},"content":{"rendered":"<div class=\"flex_column av_one_full  flex_column_div av-zero-column-padding first  avia-builder-el-0  el_before_av_one_full  avia-builder-el-first  \" style='border-radius:0px; '><div  class='avia-image-container  av-styling-    avia-builder-el-1  avia-builder-el-no-sibling  avia-align-center '  itemprop=\"image\" itemscope=\"itemscope\" itemtype=\"https:\/\/schema.org\/ImageObject\"  ><div class='avia-image-container-inner'><div class='avia-image-overlay-wrap'><img decoding=\"async\" class='wp-image-21966 avia-img-lazy-loading-not-21966 avia_image' src=\"https:\/\/radiorevelacionfm.cl\/wp-content\/uploads\/2022\/09\/FIRMA-DE-CONVENIO-MEJOR-NINEZ-SENAME-1-1-1.jpeg\" alt='' title='FIRMA DE CONVENIO MEJOR NI\u00d1EZ SENAME (1) (1) (1)' height=\"600\" width=\"1089\"  itemprop=\"thumbnailUrl\" srcset=\"https:\/\/radiorevelacionfm.cl\/wp-content\/uploads\/2022\/09\/FIRMA-DE-CONVENIO-MEJOR-NINEZ-SENAME-1-1-1.jpeg 1089w, https:\/\/radiorevelacionfm.cl\/wp-content\/uploads\/2022\/09\/FIRMA-DE-CONVENIO-MEJOR-NINEZ-SENAME-1-1-1-300x165.jpeg 300w, https:\/\/radiorevelacionfm.cl\/wp-content\/uploads\/2022\/09\/FIRMA-DE-CONVENIO-MEJOR-NINEZ-SENAME-1-1-1-1030x567.jpeg 1030w, https:\/\/radiorevelacionfm.cl\/wp-content\/uploads\/2022\/09\/FIRMA-DE-CONVENIO-MEJOR-NINEZ-SENAME-1-1-1-768x423.jpeg 768w, https:\/\/radiorevelacionfm.cl\/wp-content\/uploads\/2022\/09\/FIRMA-DE-CONVENIO-MEJOR-NINEZ-SENAME-1-1-1-705x388.jpeg 705w, https:\/\/radiorevelacionfm.cl\/wp-content\/uploads\/2022\/09\/FIRMA-DE-CONVENIO-MEJOR-NINEZ-SENAME-1-1-1-600x331.jpeg 600w\" sizes=\"(max-width: 1089px) 100vw, 1089px\" \/><\/div><\/div><\/div><\/div><div class=\"flex_column av_one_full  flex_column_div av-zero-column-padding first  avia-builder-el-2  el_after_av_one_full  el_before_av_one_full  column-top-margin\" style='border-radius:0px; '><section class=\"av_textblock_section \"  itemscope=\"itemscope\" itemtype=\"https:\/\/schema.org\/BlogPosting\" itemprop=\"blogPost\" ><div class='avia_textblock  '   itemprop=\"text\" ><p style=\"text-align: center;\"><span style=\"font-size: 18pt;\"><b>Mejor Ni\u00f1ez y Sename firman convenio de colaboraci\u00f3n regional<\/b><\/span><\/p>\n<div id=\"gtx-trans\" style=\"position: absolute; left: -50px; top: 4.31534px;\">\n<div class=\"gtx-trans-icon\"><\/div>\n<\/div>\n<\/div><\/section><\/div><div class=\"flex_column av_one_full  flex_column_div av-zero-column-padding first  avia-builder-el-4  el_after_av_one_full  el_before_av_hr  column-top-margin\" style='border-radius:0px; '><section class=\"av_textblock_section \"  itemscope=\"itemscope\" itemtype=\"https:\/\/schema.org\/BlogPosting\" itemprop=\"blogPost\" ><div class='avia_textblock  '   itemprop=\"text\" ><p style=\"text-align: justify;\">En Ays\u00e9n contin\u00faa avanzando el trabajo que se realiza en la Comisi\u00f3n Coordinadora de Protecci\u00f3n de la Ni\u00f1ez y Adolescencia que lidera la Seremi de Desarrollo Social y Familia. Justamente en sus distintas subcomisiones se desarrollan l\u00edneas de colaboraci\u00f3n que promueven iniciativas que agilicen los protocolos y procedimientos, minimizando la burocracia que muchas veces a\u00fan existe en el aparato estatal.<\/p>\n<p style=\"text-align: justify;\">Es, en este marco que, desde la subcomisi\u00f3n de migraciones, justicia y derechos humanos que conforma la Comisi\u00f3n Coordinadora de Protecci\u00f3n (CCP), surgi\u00f3 la firma de un convenio de colaboraci\u00f3n que crea un protocolo de complementariedad entre el Mejor Ni\u00f1ez y Sename, el cual contribuir\u00e1 a impulsar con mayor rapidez el flujo de informaci\u00f3n oportuno entre ambas instituciones en favor de los ni\u00f1os, ni\u00f1as y adolescentes que est\u00e1n bajo la protecci\u00f3n del Tribunal de Familia.<\/p>\n<p style=\"text-align: justify;\">Al respecto la Seremi de Desarrollo Social y Familia Karina Acevedo afirm\u00f3 que \u00abhemos ido cumpliendo paso a paso lo que nos ha encomendado la ley 21.430 que es la ley que establece un estatuto de garant\u00eda y protecci\u00f3n integral de derechos de la ni\u00f1ez y adolescencia. En este marco a trav\u00e9s de la Comisi\u00f3n Coordinadora de Protecci\u00f3n de la Ni\u00f1ez y Adolescencia que lideramos como Ministerio en la regi\u00f3n, hemos convocado a los diferentes servicios p\u00fablicos en subcomisiones para lograr acuerdos de trabajo mancomunado, logrando armonizar las acciones que cada servicio tiene en funci\u00f3n de un estado presente en el cuidado y protecci\u00f3n de ni\u00f1os, ni\u00f1as y adolescentes. Con la concreci\u00f3n de esta iniciativa, estamos llevando adelante la acci\u00f3n es que el Presidente Gabriel Boric nos ha encomendado de estar presente y llegar con soluciones en los distintos territorios\u00bb.<\/p>\n<p style=\"text-align: justify;\">En tanto el Seremi de Justicia y Derechos Humanos Samuel Navarro por su parte, detall\u00f3 el convenio, se\u00f1alando que \u00abdentro de las coordinaciones necesarias entre los servicios que est\u00e1n mandatados a resolver la situaci\u00f3n de Ni\u00f1os, Ni\u00f1as y Adolescentes, se ha establecido este convenio entre Mejor Ni\u00f1ez y Sename para los efectos de que los flujos de informaci\u00f3n se den de manera oportuna y en plazos acotados respecto a situaciones de eventuales vulneraciones de derechos que puedan ser objeto los Ni\u00f1os, Ni\u00f1as y Adolescentes,\u00a0 y que adem\u00e1s entren en conflicto con la justicia por alguna situaci\u00f3n u hecho por el cual sean requeridos por los Tribunales, de esta forma se puede continuar mejorando las condiciones, las intervenciones y las medidas de protecci\u00f3n\u00bb.<\/p>\n<p style=\"text-align: justify;\">En tanto, los directores del Servicio de Protecci\u00f3n Especializada a la Ni\u00f1ez y la Adolescencia Sergio Becerra y la Directora (S) de Sename Pabla Erices, se manifestaron conformes con la firma de este convenio, coincidiendo en que la labor de ambas instituciones debe continuar de manera colaborativa en especial en este proceso de implementaci\u00f3n de la nueva ley que cre\u00f3 el marco legal de protecci\u00f3n de los ni\u00f1os, ni\u00f1as y adolescentes en el pa\u00eds y que en este mes de octubre cumplir\u00e1 su primer a\u00f1o de vigencia.<\/p>\n<div style=\"text-align: justify;\"><\/div>\n<\/div><\/section><\/div><div  style='height:50px' class='hr hr-invisible   avia-builder-el-6  el_after_av_one_full  el_before_av_social_share '><span class='hr-inner ' ><span class='hr-inner-style'><\/span><\/span><\/div><\/p>\n<div  class='av-social-sharing-box  avia-builder-el-7  el_after_av_hr  el_before_av_hr  '><div class='av-share-box'><h5 class='av-share-link-description av-no-toc '>Compartir esta noticia<\/h5><ul class='av-share-box-list noLightbox'><li class='av-share-link av-social-link-facebook' ><a target=\"_blank\" aria-label=\"Compartir en Facebook\" href='https:\/\/www.facebook.com\/sharer.php?u=https:\/\/radiorevelacionfm.cl\/?p=21965&#038;t=Mejor%20Ni%C3%B1ez%20y%20Sename%20firman%20convenio%20de%20colaboraci%C3%B3n%20regional' aria-hidden='false' data-av_icon='\ue8f3' data-av_iconfont='entypo-fontello' title='' data-avia-related-tooltip='Compartir en Facebook' rel=\"noopener\"><span class='avia_hidden_link_text'>Compartir en Facebook<\/span><\/a><\/li><li class='av-share-link av-social-link-twitter' ><a target=\"_blank\" aria-label=\"Compartir en Twitter\" href='https:\/\/twitter.com\/share?text=Mejor%20Ni%C3%B1ez%20y%20Sename%20firman%20convenio%20de%20colaboraci%C3%B3n%20regional&#038;url=https:\/\/radiorevelacionfm.cl\/?p=21965' aria-hidden='false' data-av_icon='\ue8f1' data-av_iconfont='entypo-fontello' title='' data-avia-related-tooltip='Compartir en Twitter' rel=\"noopener\"><span class='avia_hidden_link_text'>Compartir en Twitter<\/span><\/a><\/li><li class='av-share-link av-social-link-whatsapp' ><a target=\"_blank\" aria-label=\"Compartir en Whatsapp\" href='https:\/\/api.whatsapp.com\/send?text=https:\/\/radiorevelacionfm.cl\/?p=21965' aria-hidden='false' data-av_icon='\uf232' data-av_iconfont='entypo-fontello' title='' data-avia-related-tooltip='Compartir en Whatsapp' rel=\"noopener\"><span class='avia_hidden_link_text'>Compartir en Whatsapp<\/span><\/a><\/li><li class='av-share-link av-social-link-linkedin' ><a target=\"_blank\" aria-label=\"Compartir en LinkedIn\" href='https:\/\/linkedin.com\/shareArticle?mini=true&#038;title=Mejor%20Ni%C3%B1ez%20y%20Sename%20firman%20convenio%20de%20colaboraci%C3%B3n%20regional&#038;url=https:\/\/radiorevelacionfm.cl\/?p=21965' aria-hidden='false' data-av_icon='\ue8fc' data-av_iconfont='entypo-fontello' title='' data-avia-related-tooltip='Compartir en LinkedIn' rel=\"noopener\"><span class='avia_hidden_link_text'>Compartir en LinkedIn<\/span><\/a><\/li><li class='av-share-link av-social-link-mail' ><a  aria-label=\"Compartir por correo\" href='mailto:?subject=Mejor%20Ni%C3%B1ez%20y%20Sename%20firman%20convenio%20de%20colaboraci%C3%B3n%20regional&#038;body=https:\/\/radiorevelacionfm.cl\/?p=21965' aria-hidden='false' data-av_icon='\ue805' data-av_iconfont='entypo-fontello' title='' data-avia-related-tooltip='Compartir por correo'><span class='avia_hidden_link_text'>Compartir por correo<\/span><\/a><\/li><\/ul><\/div><\/div>\n<div  style='height:50px' class='hr hr-invisible   avia-builder-el-8  el_after_av_social_share  el_before_av_comments_list '><span class='hr-inner ' ><span class='hr-inner-style'><\/span><\/span><\/div>\n<div  class='av-buildercomment  av-blog-meta-html-info-disabled av-blog-meta-tag-disabled  '><\/div>\n","protected":false},"excerpt":{"rendered":"","protected":false},"author":1,"featured_media":21966,"comment_status":"open","ping_status":"open","sticky":false,"template":"","format":"standard","meta":{"footnotes":""},"categories":[38],"tags":[],"class_list":["post-21965","post","type-post","status-publish","format-standard","has-post-thumbnail","hentry","category-regional"],"jetpack_featured_media_url":"https:\/\/radiorevelacionfm.cl\/wp-content\/uploads\/2022\/09\/FIRMA-DE-CONVENIO-MEJOR-NINEZ-SENAME-1-1-1.jpeg","_links":{"self":[{"href":"https:\/\/radiorevelacionfm.cl\/index.php?rest_route=\/wp\/v2\/posts\/21965","targetHints":{"allow":["GET"]}}],"collection":[{"href":"https:\/\/radiorevelacionfm.cl\/index.php?rest_route=\/wp\/v2\/posts"}],"about":[{"href":"https:\/\/radiorevelacionfm.cl\/index.php?rest_route=\/wp\/v2\/types\/post"}],"author":[{"embeddable":true,"href":"https:\/\/radiorevelacionfm.cl\/index.php?rest_route=\/wp\/v2\/users\/1"}],"replies":[{"embeddable":true,"href":"https:\/\/radiorevelacionfm.cl\/index.php?rest_route=%2Fwp%2Fv2%2Fcomments&post=21965"}],"version-history":[{"count":2,"href":"https:\/\/radiorevelacionfm.cl\/index.php?rest_route=\/wp\/v2\/posts\/21965\/revisions"}],"predecessor-version":[{"id":21976,"href":"https:\/\/radiorevelacionfm.cl\/index.php?rest_route=\/wp\/v2\/posts\/21965\/revisions\/21976"}],"wp:featuredmedia":[{"embeddable":true,"href":"https:\/\/radiorevelacionfm.cl\/index.php?rest_route=\/wp\/v2\/media\/21966"}],"wp:attachment":[{"href":"https:\/\/radiorevelacionfm.cl\/index.php?rest_route=%2Fwp%2Fv2%2Fmedia&parent=21965"}],"wp:term":[{"taxonomy":"category","embeddable":true,"href":"https:\/\/radiorevelacionfm.cl\/index.php?rest_route=%2Fwp%2Fv2%2Fcategories&post=21965"},{"taxonomy":"post_tag","embeddable":true,"href":"https:\/\/radiorevelacionfm.cl\/index.php?rest_route=%2Fwp%2Fv2%2Ftags&post=21965"}],"curies":[{"name":"wp","href":"https:\/\/api.w.org\/{rel}","templated":true}]}}