{"id":21956,"date":"2022-09-20T10:40:19","date_gmt":"2022-09-20T13:40:19","guid":{"rendered":"https:\/\/radiorevelacionfm.cl\/?p=21956"},"modified":"2022-09-20T10:40:19","modified_gmt":"2022-09-20T13:40:19","slug":"finaliza-programa-piloto-de-mejoramiento-municipal-del-registro-social-de-hogares","status":"publish","type":"post","link":"https:\/\/radiorevelacionfm.cl\/?p=21956","title":{"rendered":"Finaliza programa piloto de mejoramiento municipal del registro social de hogares"},"content":{"rendered":"<div class=\"flex_column av_one_full  flex_column_div av-zero-column-padding first  avia-builder-el-0  el_before_av_one_full  avia-builder-el-first  \" style='border-radius:0px; '><div  class='avia-image-container  av-styling-    avia-builder-el-1  avia-builder-el-no-sibling  avia-align-center '  itemprop=\"image\" itemscope=\"itemscope\" itemtype=\"https:\/\/schema.org\/ImageObject\"  ><div class='avia-image-container-inner'><div class='avia-image-overlay-wrap'><img decoding=\"async\" class='wp-image-21957 avia-img-lazy-loading-not-21957 avia_image' src=\"https:\/\/radiorevelacionfm.cl\/wp-content\/uploads\/2022\/09\/image-88-1.jpg\" alt='' title='image (88) (1)' height=\"600\" width=\"757\"  itemprop=\"thumbnailUrl\" srcset=\"https:\/\/radiorevelacionfm.cl\/wp-content\/uploads\/2022\/09\/image-88-1.jpg 757w, https:\/\/radiorevelacionfm.cl\/wp-content\/uploads\/2022\/09\/image-88-1-300x238.jpg 300w, https:\/\/radiorevelacionfm.cl\/wp-content\/uploads\/2022\/09\/image-88-1-705x559.jpg 705w, https:\/\/radiorevelacionfm.cl\/wp-content\/uploads\/2022\/09\/image-88-1-600x476.jpg 600w\" sizes=\"(max-width: 757px) 100vw, 757px\" \/><\/div><\/div><\/div><\/div><div class=\"flex_column av_one_full  flex_column_div av-zero-column-padding first  avia-builder-el-2  el_after_av_one_full  el_before_av_one_full  column-top-margin\" style='border-radius:0px; '><section class=\"av_textblock_section \"  itemscope=\"itemscope\" itemtype=\"https:\/\/schema.org\/BlogPosting\" itemprop=\"blogPost\" ><div class='avia_textblock  '   itemprop=\"text\" ><p style=\"text-align: center;\"><span style=\"font-size: 18pt;\"><strong>Finaliza programa piloto de mejoramiento municipal del registro social de hogares<\/strong><\/span><\/p>\n<div id=\"gtx-trans\" style=\"position: absolute; left: -50px; top: 4.31534px;\">\n<div class=\"gtx-trans-icon\"><\/div>\n<\/div>\n<\/div><\/section><\/div><div class=\"flex_column av_one_full  flex_column_div av-zero-column-padding first  avia-builder-el-4  el_after_av_one_full  el_before_av_hr  column-top-margin\" style='border-radius:0px; '><section class=\"av_textblock_section \"  itemscope=\"itemscope\" itemtype=\"https:\/\/schema.org\/BlogPosting\" itemprop=\"blogPost\" ><div class='avia_textblock  '   itemprop=\"text\" ><p style=\"text-align: justify;\">Con el prop\u00f3sito de mejorar las condiciones de infraestructura, calidad de la atenci\u00f3n a los usuarios y equipamiento, se realiz\u00f3 un programa piloto para los municipios de las comunas de Lago Verde y Ays\u00e9n, iniciativa financiada por el Ministerio de Desarrollo Social, a trav\u00e9s del Registro Social de Hogares.<\/p>\n<p style=\"text-align: justify;\">Durante la primera etapa del programa, cada municipio identific\u00f3 las brechas de su servicio, y se elabor\u00f3 un plan de trabajo, en el que se incluyeron mejoras en cuanto a Infraestructura, equipamiento, habilitaci\u00f3n de espacios infantiles, capacitaci\u00f3n al personal, y mecanismos de evaluaci\u00f3n y retroalimentaci\u00f3n, entre otras. Seg\u00fan explic\u00f3 la Seremi de Desarrollo Social, Karina Acevedo, esta iniciativa busca mejorar no s\u00f3lo la atenci\u00f3n, si no que va m\u00e1s all\u00e1 de que los equipos comunales del Registro Social de Hogares tengan los conocimientos t\u00e9cnicos de los distintos protocolos que tiene este instrumento, sino tambi\u00e9n que dispongan de los espacios adecuados para la atenci\u00f3n de p\u00fablico. As\u00ed como adem\u00e1s cuenten con las habilidades para una comunicaci\u00f3n eficaz, de buen trato e inclusivo.<\/p>\n<p style=\"text-align: justify;\">En el municipio de Ays\u00e9n, se habilit\u00f3 un espacio infantil, se instalaron pantallas para entregar informaci\u00f3n, as\u00ed como tambi\u00e9n se compr\u00f3 un ordenador de fila, se habilit\u00f3 un ba\u00f1o con mudador para ni\u00f1os y se realiz\u00f3 capacitaci\u00f3n para el equipo.<\/p>\n<p style=\"text-align: justify;\">En este Contexto la Seremi de Desarrollo Social, Karina Acevedo indic\u00f3 que \u201cel Registro Social de Hogares es un tremendo instrumento, es una gran base de datos, que nos permite contar con la informaci\u00f3n de todos los chilenos y chilenas, y a quienes viven y cuentan con un rut en el territorio nacional. En esta oportunidad especial, junto a la comuna de Ays\u00e9n, hemos hecho un proyecto piloto para mejorar las condiciones de atenci\u00f3n, con pantalla, con un lugar para que las mam\u00e1s puedan mudar al ni\u00f1o, con capacitaciones a quienes atienden en el Registro Social de Hogares, para que tambi\u00e9n puedan contener y apoyar a los usuarios, entregando la informaci\u00f3n adecuada y pertinente. Para nosotros es muy grato, es una oportunidad para la regi\u00f3n de contar con un programa as\u00ed, de capacitaci\u00f3n, de intervenci\u00f3n de la municipalidad, la buena acogida del Alcalde y del equipo, para poder ir avanzando en c\u00f3mo mejoramos la pol\u00edtica p\u00fablica en el territorio\u201d.<\/p>\n<p style=\"text-align: justify;\">Cabe se\u00f1alar que el Programa de Mejoramiento de la Atenci\u00f3n Municipal (PMA) a nivel nacional se ejecuta en 33 comunas, con el objetivo de entregar un servicio de calidad a la ciudadan\u00eda, en la atenci\u00f3n presencial del Registro Social de Hogares, adecu\u00e1ndose a las necesidades particulares de cada Comuna. \u00a0La Encargada Comunal del Registro Social de Hogares de la Municipalidad de Ays\u00e9n, Daniela Mera, se refiri\u00f3 a las mejoras implementadas y se\u00f1al\u00f3 que \u201clo importante aqu\u00ed, es elevar los est\u00e1ndares de la atenci\u00f3n al p\u00fablico, eso es lo que hace hincapi\u00e9 este programa de mejoramiento, y la verdad que, como municipio estamos muy contentos de poder desarrollarlo porque es un programa piloto y se est\u00e1 dando en la regi\u00f3n, solo en dos comunas, y una de ellas la comuna de Ays\u00e9n, lo que nos tiene muy contentos de poder participar en este programa\u201d.<\/p>\n<p style=\"text-align: justify;\">En tanto el Alcalde de la comuna de Ays\u00e9n, Julio Uribe, destac\u00f3 el trabajo en conjunto con el Ministerio de Desarrollo Social y Familia e indic\u00f3 que \u201cestamos muy contentos del trabajo que estamos desarrollando con el Ministerio de Desarrollo Social, son trabajos que van en directo apoyo de nuestros vecinos, el mejor trato, el poder contar con elementos; poder contar con capacitaciones para nuestro personal, el poder abordar las diferentes tem\u00e1ticas, o los problemas de nuestros vecinos. Eso nos llena de satisfacci\u00f3n, el poder cumplir con ellos, de una mejor manera. Los recursos que ha entregado el Ministerio para desarrollar este proyecto, este piloto. Somos los primeros en la regi\u00f3n de poder implementarlo, para m\u00ed como Alcalde, es un beneficio extra que le estamos brindando a nuestros usuarios, a trav\u00e9s de las mejoras continuas que hay que realizar\u201d.<\/p>\n<p style=\"text-align: justify;\">En la comuna de Lago Verde, se realizaron capacitaciones al equipo comunal de Registro, as\u00ed como tambi\u00e9n se mejor\u00f3 la calefacci\u00f3n en la oficina de atenci\u00f3n de p\u00fablico, adem\u00e1s se compraron sillas para la sala de espera de los usuarios. En la regi\u00f3n de Ays\u00e9n, \u00a0la Seremi de Desarrollo Social y Familia, v\u00eda convenio de transferencia de recursos, el primer semestre destin\u00f3 m\u00e1s de $69 millones, para que los municipios apliquen el Formulario de Ingreso al Registro Social de Hogares, as\u00ed como tambi\u00e9n, para la resoluci\u00f3n de todas las solicitudes que efect\u00faen los usuarios.<\/p>\n<p style=\"text-align: justify;\"><strong>\u00a0<\/strong><\/p>\n<p style=\"text-align: justify;\"><strong>\u00a0<\/strong><\/p>\n<\/div><\/section><\/div><div  style='height:50px' class='hr hr-invisible   avia-builder-el-6  el_after_av_one_full  el_before_av_social_share '><span class='hr-inner ' ><span class='hr-inner-style'><\/span><\/span><\/div><\/p>\n<div  class='av-social-sharing-box  avia-builder-el-7  el_after_av_hr  el_before_av_hr  '><div class='av-share-box'><h5 class='av-share-link-description av-no-toc '>Compartir esta noticia<\/h5><ul class='av-share-box-list noLightbox'><li class='av-share-link av-social-link-facebook' ><a target=\"_blank\" aria-label=\"Compartir en Facebook\" href='https:\/\/www.facebook.com\/sharer.php?u=https:\/\/radiorevelacionfm.cl\/?p=21956&#038;t=Finaliza%20programa%20piloto%20de%20mejoramiento%20municipal%20del%20registro%20social%20de%20hogares' aria-hidden='false' data-av_icon='\ue8f3' data-av_iconfont='entypo-fontello' title='' data-avia-related-tooltip='Compartir en Facebook' rel=\"noopener\"><span class='avia_hidden_link_text'>Compartir en Facebook<\/span><\/a><\/li><li class='av-share-link av-social-link-twitter' ><a target=\"_blank\" aria-label=\"Compartir en Twitter\" href='https:\/\/twitter.com\/share?text=Finaliza%20programa%20piloto%20de%20mejoramiento%20municipal%20del%20registro%20social%20de%20hogares&#038;url=https:\/\/radiorevelacionfm.cl\/?p=21956' aria-hidden='false' data-av_icon='\ue8f1' data-av_iconfont='entypo-fontello' title='' data-avia-related-tooltip='Compartir en Twitter' rel=\"noopener\"><span class='avia_hidden_link_text'>Compartir en Twitter<\/span><\/a><\/li><li class='av-share-link av-social-link-whatsapp' ><a target=\"_blank\" aria-label=\"Compartir en Whatsapp\" href='https:\/\/api.whatsapp.com\/send?text=https:\/\/radiorevelacionfm.cl\/?p=21956' aria-hidden='false' data-av_icon='\uf232' data-av_iconfont='entypo-fontello' title='' data-avia-related-tooltip='Compartir en Whatsapp' rel=\"noopener\"><span class='avia_hidden_link_text'>Compartir en Whatsapp<\/span><\/a><\/li><li class='av-share-link av-social-link-linkedin' ><a target=\"_blank\" aria-label=\"Compartir en LinkedIn\" href='https:\/\/linkedin.com\/shareArticle?mini=true&#038;title=Finaliza%20programa%20piloto%20de%20mejoramiento%20municipal%20del%20registro%20social%20de%20hogares&#038;url=https:\/\/radiorevelacionfm.cl\/?p=21956' aria-hidden='false' data-av_icon='\ue8fc' data-av_iconfont='entypo-fontello' title='' data-avia-related-tooltip='Compartir en LinkedIn' rel=\"noopener\"><span class='avia_hidden_link_text'>Compartir en LinkedIn<\/span><\/a><\/li><li class='av-share-link av-social-link-mail' ><a  aria-label=\"Compartir por correo\" href='mailto:?subject=Finaliza%20programa%20piloto%20de%20mejoramiento%20municipal%20del%20registro%20social%20de%20hogares&#038;body=https:\/\/radiorevelacionfm.cl\/?p=21956' aria-hidden='false' data-av_icon='\ue805' data-av_iconfont='entypo-fontello' title='' data-avia-related-tooltip='Compartir por correo'><span class='avia_hidden_link_text'>Compartir por correo<\/span><\/a><\/li><\/ul><\/div><\/div>\n<div  style='height:50px' class='hr hr-invisible   avia-builder-el-8  el_after_av_social_share  el_before_av_comments_list '><span class='hr-inner ' ><span class='hr-inner-style'><\/span><\/span><\/div>\n<div  class='av-buildercomment  av-blog-meta-html-info-disabled av-blog-meta-tag-disabled  '><\/div>\n","protected":false},"excerpt":{"rendered":"","protected":false},"author":1,"featured_media":21957,"comment_status":"open","ping_status":"open","sticky":false,"template":"","format":"standard","meta":{"footnotes":""},"categories":[38],"tags":[],"class_list":["post-21956","post","type-post","status-publish","format-standard","has-post-thumbnail","hentry","category-regional"],"jetpack_featured_media_url":"https:\/\/radiorevelacionfm.cl\/wp-content\/uploads\/2022\/09\/image-88-1.jpg","_links":{"self":[{"href":"https:\/\/radiorevelacionfm.cl\/index.php?rest_route=\/wp\/v2\/posts\/21956","targetHints":{"allow":["GET"]}}],"collection":[{"href":"https:\/\/radiorevelacionfm.cl\/index.php?rest_route=\/wp\/v2\/posts"}],"about":[{"href":"https:\/\/radiorevelacionfm.cl\/index.php?rest_route=\/wp\/v2\/types\/post"}],"author":[{"embeddable":true,"href":"https:\/\/radiorevelacionfm.cl\/index.php?rest_route=\/wp\/v2\/users\/1"}],"replies":[{"embeddable":true,"href":"https:\/\/radiorevelacionfm.cl\/index.php?rest_route=%2Fwp%2Fv2%2Fcomments&post=21956"}],"version-history":[{"count":2,"href":"https:\/\/radiorevelacionfm.cl\/index.php?rest_route=\/wp\/v2\/posts\/21956\/revisions"}],"predecessor-version":[{"id":21959,"href":"https:\/\/radiorevelacionfm.cl\/index.php?rest_route=\/wp\/v2\/posts\/21956\/revisions\/21959"}],"wp:featuredmedia":[{"embeddable":true,"href":"https:\/\/radiorevelacionfm.cl\/index.php?rest_route=\/wp\/v2\/media\/21957"}],"wp:attachment":[{"href":"https:\/\/radiorevelacionfm.cl\/index.php?rest_route=%2Fwp%2Fv2%2Fmedia&parent=21956"}],"wp:term":[{"taxonomy":"category","embeddable":true,"href":"https:\/\/radiorevelacionfm.cl\/index.php?rest_route=%2Fwp%2Fv2%2Fcategories&post=21956"},{"taxonomy":"post_tag","embeddable":true,"href":"https:\/\/radiorevelacionfm.cl\/index.php?rest_route=%2Fwp%2Fv2%2Ftags&post=21956"}],"curies":[{"name":"wp","href":"https:\/\/api.w.org\/{rel}","templated":true}]}}