{"id":21951,"date":"2022-09-19T17:25:49","date_gmt":"2022-09-19T20:25:49","guid":{"rendered":"https:\/\/radiorevelacionfm.cl\/?p=21951"},"modified":"2022-09-19T17:25:49","modified_gmt":"2022-09-19T20:25:49","slug":"dirigentes-de-villa-ortega-dialogan-sobre-prioridades-locales-con-delegado-regional","status":"publish","type":"post","link":"https:\/\/radiorevelacionfm.cl\/?p=21951","title":{"rendered":"Dirigentes de Villa Ortega dialogan sobre prioridades locales con Delegado Regional"},"content":{"rendered":"<div class=\"flex_column av_one_full  flex_column_div av-zero-column-padding first  avia-builder-el-0  el_before_av_one_full  avia-builder-el-first  \" style='border-radius:0px; '><div  class='avia-image-container  av-styling-    avia-builder-el-1  avia-builder-el-no-sibling  avia-align-center '  itemprop=\"image\" itemscope=\"itemscope\" itemtype=\"https:\/\/schema.org\/ImageObject\"  ><div class='avia-image-container-inner'><div class='avia-image-overlay-wrap'><img decoding=\"async\" class='wp-image-21952 avia-img-lazy-loading-not-21952 avia_image' src=\"https:\/\/radiorevelacionfm.cl\/wp-content\/uploads\/2022\/09\/IMG_1685-1-1.jpg\" alt='' title='IMG_1685 (1) (1)' height=\"600\" width=\"980\"  itemprop=\"thumbnailUrl\" srcset=\"https:\/\/radiorevelacionfm.cl\/wp-content\/uploads\/2022\/09\/IMG_1685-1-1.jpg 980w, https:\/\/radiorevelacionfm.cl\/wp-content\/uploads\/2022\/09\/IMG_1685-1-1-300x184.jpg 300w, https:\/\/radiorevelacionfm.cl\/wp-content\/uploads\/2022\/09\/IMG_1685-1-1-768x470.jpg 768w, https:\/\/radiorevelacionfm.cl\/wp-content\/uploads\/2022\/09\/IMG_1685-1-1-705x432.jpg 705w, https:\/\/radiorevelacionfm.cl\/wp-content\/uploads\/2022\/09\/IMG_1685-1-1-600x367.jpg 600w\" sizes=\"(max-width: 980px) 100vw, 980px\" \/><\/div><\/div><\/div><\/div><div class=\"flex_column av_one_full  flex_column_div av-zero-column-padding first  avia-builder-el-2  el_after_av_one_full  el_before_av_one_full  column-top-margin\" style='border-radius:0px; '><section class=\"av_textblock_section \"  itemscope=\"itemscope\" itemtype=\"https:\/\/schema.org\/BlogPosting\" itemprop=\"blogPost\" ><div class='avia_textblock  '   itemprop=\"text\" ><p style=\"text-align: center;\"><strong><span style=\"font-size: 18pt;\">Dirigentes de Villa Ortega dialogan sobre prioridades locales con Delegado Regional <\/span><\/strong><\/p>\n<div id=\"gtx-trans\" style=\"position: absolute; left: -50px; top: 4.31534px;\">\n<div class=\"gtx-trans-icon\"><\/div>\n<\/div>\n<\/div><\/section><\/div><div class=\"flex_column av_one_full  flex_column_div av-zero-column-padding first  avia-builder-el-4  el_after_av_one_full  el_before_av_hr  column-top-margin\" style='border-radius:0px; '><section class=\"av_textblock_section \"  itemscope=\"itemscope\" itemtype=\"https:\/\/schema.org\/BlogPosting\" itemprop=\"blogPost\" ><div class='avia_textblock  '   itemprop=\"text\" ><p style=\"font-weight: 400; text-align: justify;\">Sobre distintas prioridades para los habitantes de Villa Ortega, ubicada a 32 kil\u00f3metros de Coyhaique, dialog\u00f3 con dirigentes locales el Delegado Presidencial Regional, Rodrigo Araya Morales, en el marco de actividades de Fiestas Patrias en el sector.<\/p>\n<p style=\"font-weight: 400; text-align: justify;\">Se trata de la presidenta de la Junta Vecinal N\u00b021, Isabel Huichalao; el director de la escuela Pablo Neruda, Osvaldo Belmar; la dirigente de la Agrupaci\u00f3n Cultural Mi Taller Ch\u00e9, Marcela Ag\u00fcero; la capit\u00e1n de la S\u00e9ptima Compa\u00f1\u00eda de Bomberos en formaci\u00f3n, Ana Mar\u00eda Tromer; y el Jefe de Ret\u00e9n de Carabineros, Suboficial Mayor Juan Carlos Lagos, entre otros.<\/p>\n<p style=\"font-weight: 400; text-align: justify;\">Para Isabel Huichalao el trabajo conjunto ha sido fundamental para los proyectos y actividades. \u201cSomos una red de apoyo y trabajamos todos juntos. Tenemos bomberos de la localidad, Club de Huasos de Villa Ortega, el Agua Potable Rural, la Asociaci\u00f3n Gremial Mano Negra, la escuela, el director con todos sus funcionarios, la Junta de Vecinos, la Biblioteca y, en este caso, apoyaron harto los chicos de organizaciones comunitarias de la Municipalidad de Coyhaique\u201d, indic\u00f3.<\/p>\n<p style=\"font-weight: 400; text-align: justify;\">Por su parte, Marcela Ag\u00fcero adelant\u00f3 que las recolectoras\/es se preparan para la temporada de Morilla, que esperan deshidratar e, idealmente, procesar para el Festival que se realizar\u00e1 el tres de diciembre.<\/p>\n<p style=\"font-weight: 400; text-align: justify;\">\u201cEstamos trabajando en ordenar este segundo semestre de recolecci\u00f3n de morilla, que es un recurso muy importante para nosotras en lo personal y para la comunidad de Villa Ortega y planteamos a las autoridades estas ganas de procesar este producto, darle identidad local y con esto mejorar las condiciones de vida de nuestras vecinas y tambi\u00e9n trabajar en un proyecto asociativo que es el Festival de la Morilla en el mes de diciembre\u201d, expres\u00f3.<\/p>\n<p style=\"font-weight: 400; text-align: justify;\">Rodrigo Araya valor\u00f3 la articulaci\u00f3n como eje de la gesti\u00f3n conjunta de los servicios p\u00fablicos con la comunidad.<\/p>\n<p style=\"font-weight: 400; text-align: justify;\">\u201cNosotros vemos un tremendo potencial que tiene esta zona y que nos interesa que los servicios p\u00fablicos puedan aportar al desarrollo, sobre todo, de la organizaci\u00f3n, pero tambi\u00e9n en tecnolog\u00eda, que ayude a tener un trabajo m\u00e1s eficiente, que sea competitivo. En el mes de diciembre, que es la fecha cuando habitualmente se produce el Festival de la Morilla, tambi\u00e9n habr\u00e1 una tremenda jornada de la Red Latinoamericana de Mujeres Rurales, que se va a hacer en Ib\u00e1\u00f1ez el 04 de diciembre. Por lo tanto, creemos que va a ser una semana muy interesante para que toda la comunidad se vaya preparando y pueda compartir con las organizaciones sociales de Villa Ortega\u201d, indic\u00f3.<\/p>\n<p style=\"font-weight: 400; text-align: justify;\">Por \u00faltimo, Ana Mar\u00eda Tromer, capit\u00e1n de la S\u00e9ptima Compa\u00f1\u00eda de Bomberos en formaci\u00f3n, expuso el trabajo en este \u00e1mbito de la seguridad en el sector, en coordinaci\u00f3n con Carabineros.<\/p>\n<p style=\"font-weight: 400; text-align: justify;\">\u201cVer c\u00f3mo funcionamos, qu\u00e9 tenemos y qu\u00e9 no, qu\u00e9 funciona en nuestro sector y que a pesar de todo tenemos bomberos siempre presentes en la localidad\u201d, indic\u00f3.<\/p>\n<p style=\"font-weight: 400; text-align: justify;\">En las actividades, el Delegado Rodrigo Araya particip\u00f3 acompa\u00f1ado por los seremis de Medio Ambiente, Juli\u00e1n C\u00e1rdenas; de Obras P\u00fablicas, Patricio Sanhueza, y de Transportes y Telecomunicaciones, Claudia Cantero; el Jefe de Operaciones de INDAP, Sergio Sanhueza acompa\u00f1ado por la encargada del Programa Mujer Rural, Nelly P\u00e9rez, y el profesional del Servicio Agr\u00edcola y Ganadero (SAG), Fernan Silva, por parte de la secretar\u00eda regional ministerial de Agricultura; y el jefe del Departamento Provincial de Educaci\u00f3n Coyhaique, Yoal D\u00edaz.<\/p>\n<p style=\"font-weight: 400; text-align: justify;\">Cabe se\u00f1alar que la localidad de Villa Ortega fue fundada el 04 de marzo de 1967, debiendo su nombre al pionero Gumersindo Ortega, quien don\u00f3 el terreno donde se emplaza actualmente esta comunidad.<\/p>\n<\/div><\/section><\/div><div  style='height:50px' class='hr hr-invisible   avia-builder-el-6  el_after_av_one_full  el_before_av_social_share '><span class='hr-inner ' ><span class='hr-inner-style'><\/span><\/span><\/div><\/p>\n<div  class='av-social-sharing-box  avia-builder-el-7  el_after_av_hr  el_before_av_hr  '><div class='av-share-box'><h5 class='av-share-link-description av-no-toc '>Compartir esta noticia<\/h5><ul class='av-share-box-list noLightbox'><li class='av-share-link av-social-link-facebook' ><a target=\"_blank\" aria-label=\"Compartir en Facebook\" href='https:\/\/www.facebook.com\/sharer.php?u=https:\/\/radiorevelacionfm.cl\/?p=21951&#038;t=Dirigentes%20de%20Villa%20Ortega%20dialogan%20sobre%20prioridades%20locales%20con%20Delegado%20Regional' aria-hidden='false' data-av_icon='\ue8f3' data-av_iconfont='entypo-fontello' title='' data-avia-related-tooltip='Compartir en Facebook' rel=\"noopener\"><span class='avia_hidden_link_text'>Compartir en Facebook<\/span><\/a><\/li><li class='av-share-link av-social-link-twitter' ><a target=\"_blank\" aria-label=\"Compartir en Twitter\" href='https:\/\/twitter.com\/share?text=Dirigentes%20de%20Villa%20Ortega%20dialogan%20sobre%20prioridades%20locales%20con%20Delegado%20Regional&#038;url=https:\/\/radiorevelacionfm.cl\/?p=21951' aria-hidden='false' data-av_icon='\ue8f1' data-av_iconfont='entypo-fontello' title='' data-avia-related-tooltip='Compartir en Twitter' rel=\"noopener\"><span class='avia_hidden_link_text'>Compartir en Twitter<\/span><\/a><\/li><li class='av-share-link av-social-link-whatsapp' ><a target=\"_blank\" aria-label=\"Compartir en Whatsapp\" href='https:\/\/api.whatsapp.com\/send?text=https:\/\/radiorevelacionfm.cl\/?p=21951' aria-hidden='false' data-av_icon='\uf232' data-av_iconfont='entypo-fontello' title='' data-avia-related-tooltip='Compartir en Whatsapp' rel=\"noopener\"><span class='avia_hidden_link_text'>Compartir en Whatsapp<\/span><\/a><\/li><li class='av-share-link av-social-link-linkedin' ><a target=\"_blank\" aria-label=\"Compartir en LinkedIn\" href='https:\/\/linkedin.com\/shareArticle?mini=true&#038;title=Dirigentes%20de%20Villa%20Ortega%20dialogan%20sobre%20prioridades%20locales%20con%20Delegado%20Regional&#038;url=https:\/\/radiorevelacionfm.cl\/?p=21951' aria-hidden='false' data-av_icon='\ue8fc' data-av_iconfont='entypo-fontello' title='' data-avia-related-tooltip='Compartir en LinkedIn' rel=\"noopener\"><span class='avia_hidden_link_text'>Compartir en LinkedIn<\/span><\/a><\/li><li class='av-share-link av-social-link-mail' ><a  aria-label=\"Compartir por correo\" href='mailto:?subject=Dirigentes%20de%20Villa%20Ortega%20dialogan%20sobre%20prioridades%20locales%20con%20Delegado%20Regional&#038;body=https:\/\/radiorevelacionfm.cl\/?p=21951' aria-hidden='false' data-av_icon='\ue805' data-av_iconfont='entypo-fontello' title='' data-avia-related-tooltip='Compartir por correo'><span class='avia_hidden_link_text'>Compartir por correo<\/span><\/a><\/li><\/ul><\/div><\/div>\n<div  style='height:50px' class='hr hr-invisible   avia-builder-el-8  el_after_av_social_share  el_before_av_comments_list '><span class='hr-inner ' ><span class='hr-inner-style'><\/span><\/span><\/div>\n<div  class='av-buildercomment  av-blog-meta-html-info-disabled av-blog-meta-tag-disabled  '><\/div>\n","protected":false},"excerpt":{"rendered":"","protected":false},"author":1,"featured_media":21952,"comment_status":"open","ping_status":"open","sticky":false,"template":"","format":"standard","meta":{"footnotes":""},"categories":[38],"tags":[],"class_list":["post-21951","post","type-post","status-publish","format-standard","has-post-thumbnail","hentry","category-regional"],"jetpack_featured_media_url":"https:\/\/radiorevelacionfm.cl\/wp-content\/uploads\/2022\/09\/IMG_1685-1-1.jpg","_links":{"self":[{"href":"https:\/\/radiorevelacionfm.cl\/index.php?rest_route=\/wp\/v2\/posts\/21951","targetHints":{"allow":["GET"]}}],"collection":[{"href":"https:\/\/radiorevelacionfm.cl\/index.php?rest_route=\/wp\/v2\/posts"}],"about":[{"href":"https:\/\/radiorevelacionfm.cl\/index.php?rest_route=\/wp\/v2\/types\/post"}],"author":[{"embeddable":true,"href":"https:\/\/radiorevelacionfm.cl\/index.php?rest_route=\/wp\/v2\/users\/1"}],"replies":[{"embeddable":true,"href":"https:\/\/radiorevelacionfm.cl\/index.php?rest_route=%2Fwp%2Fv2%2Fcomments&post=21951"}],"version-history":[{"count":2,"href":"https:\/\/radiorevelacionfm.cl\/index.php?rest_route=\/wp\/v2\/posts\/21951\/revisions"}],"predecessor-version":[{"id":21954,"href":"https:\/\/radiorevelacionfm.cl\/index.php?rest_route=\/wp\/v2\/posts\/21951\/revisions\/21954"}],"wp:featuredmedia":[{"embeddable":true,"href":"https:\/\/radiorevelacionfm.cl\/index.php?rest_route=\/wp\/v2\/media\/21952"}],"wp:attachment":[{"href":"https:\/\/radiorevelacionfm.cl\/index.php?rest_route=%2Fwp%2Fv2%2Fmedia&parent=21951"}],"wp:term":[{"taxonomy":"category","embeddable":true,"href":"https:\/\/radiorevelacionfm.cl\/index.php?rest_route=%2Fwp%2Fv2%2Fcategories&post=21951"},{"taxonomy":"post_tag","embeddable":true,"href":"https:\/\/radiorevelacionfm.cl\/index.php?rest_route=%2Fwp%2Fv2%2Ftags&post=21951"}],"curies":[{"name":"wp","href":"https:\/\/api.w.org\/{rel}","templated":true}]}}