{"id":21940,"date":"2022-09-19T15:18:06","date_gmt":"2022-09-19T18:18:06","guid":{"rendered":"https:\/\/radiorevelacionfm.cl\/?p=21940"},"modified":"2022-09-19T16:09:17","modified_gmt":"2022-09-19T19:09:17","slug":"chile-chico-hombre-resulto-con-lesiones-de-mediana-gravedad-tras-ser-atacado-con-arma-blanca-por-grupo-de-sujetos","status":"publish","type":"post","link":"https:\/\/radiorevelacionfm.cl\/?p=21940","title":{"rendered":"Chile Chico: Hombre result\u00f3 con lesiones de mediana gravedad tras ser atacado con arma blanca por grupo de sujetos"},"content":{"rendered":"<div class=\"flex_column av_one_full  flex_column_div av-zero-column-padding first  avia-builder-el-0  el_before_av_one_full  avia-builder-el-first  \" style='border-radius:0px; '><div  class='avia-image-container  av-styling-    avia-builder-el-1  avia-builder-el-no-sibling  avia-align-center '  itemprop=\"image\" itemscope=\"itemscope\" itemtype=\"https:\/\/schema.org\/ImageObject\"  ><div class='avia-image-container-inner'><div class='avia-image-overlay-wrap'><img decoding=\"async\" class='wp-image-21941 avia-img-lazy-loading-not-21941 avia_image' src=\"https:\/\/radiorevelacionfm.cl\/wp-content\/uploads\/2022\/09\/comisaria-chile-chico-1_optimized.jpg\" alt='' title='comisaria-chile-chico-(1)_optimized' height=\"600\" width=\"900\"  itemprop=\"thumbnailUrl\" srcset=\"https:\/\/radiorevelacionfm.cl\/wp-content\/uploads\/2022\/09\/comisaria-chile-chico-1_optimized.jpg 900w, https:\/\/radiorevelacionfm.cl\/wp-content\/uploads\/2022\/09\/comisaria-chile-chico-1_optimized-300x200.jpg 300w, https:\/\/radiorevelacionfm.cl\/wp-content\/uploads\/2022\/09\/comisaria-chile-chico-1_optimized-768x512.jpg 768w, https:\/\/radiorevelacionfm.cl\/wp-content\/uploads\/2022\/09\/comisaria-chile-chico-1_optimized-705x470.jpg 705w, https:\/\/radiorevelacionfm.cl\/wp-content\/uploads\/2022\/09\/comisaria-chile-chico-1_optimized-600x400.jpg 600w\" sizes=\"(max-width: 900px) 100vw, 900px\" \/><\/div><\/div><\/div><\/div>\n<div class=\"flex_column av_one_full  flex_column_div av-zero-column-padding first  avia-builder-el-2  el_after_av_one_full  el_before_av_one_full  column-top-margin\" style='border-radius:0px; '><section class=\"av_textblock_section \"  itemscope=\"itemscope\" itemtype=\"https:\/\/schema.org\/BlogPosting\" itemprop=\"blogPost\" ><div class='avia_textblock  '   itemprop=\"text\" ><p style=\"text-align: center;\"><strong><span style=\"font-size: 18pt;\">Chile Chico: Hombre result\u00f3 con lesiones de mediana gravedad tras ser atacado con arma blanca por grupo de sujetos<\/span><\/strong><\/p>\n<div id=\"gtx-trans\" style=\"position: absolute; left: -50px; top: 4.31534px;\">\n<div class=\"gtx-trans-icon\"><\/div>\n<\/div>\n<\/div><\/section><\/div>\n<div class=\"flex_column av_one_full  flex_column_div av-zero-column-padding first  avia-builder-el-4  el_after_av_one_full  el_before_av_hr  column-top-margin\" style='border-radius:0px; '><section class=\"av_textblock_section \"  itemscope=\"itemscope\" itemtype=\"https:\/\/schema.org\/BlogPosting\" itemprop=\"blogPost\" ><div class='avia_textblock  '   itemprop=\"text\" ><p style=\"text-align: justify;\">Carabineros realiza diligencias para dar con el paradero de los autores de agresi\u00f3n con arma blanca en Chile Chico. La v\u00edctima result\u00f3 con lesiones de mediana gravedad.<\/p>\n<p style=\"text-align: justify;\">El hecho ocurri\u00f3 esta madrugada -19 de septiembre 2022- en calle Diego Portales, donde se registr\u00f3 una agresi\u00f3n con arma blanca, la v\u00edctima es un hombre mayor de edad, quien fue atacado por un grupo de cuatro a cinco sujetos, resultando con lesiones de mediana gravedad, siendo atendido por personal de SAMU, mientras que Carabineros realiza las indagatorias para dar con los autores del ataque.<\/p>\n<p style=\"text-align: justify;\">El Capit\u00e1n, Cristian Zurita, de la 3ra Comisaria de Chile Chico, se\u00f1al\u00f3 \u201cHubo una persona que result\u00f3 lesionada con arma blanca, hecho que ocurri\u00f3 hoy (lunes) en la madrugada, en la cual, una persona fue atacada por un grupo de unos cuatro a cinco sujetos, resultando (la v\u00edctima) con lesiones de mediana gravedad, en estos momentos el personal policial est\u00e1 realizando las diligencias necesarias para poder dar con los involucrados en el hecho\u201d, precis\u00f3.<\/p>\n<p style=\"text-align: justify;\">Otra informaci\u00f3n que dio a conocer es que, \u201cse est\u00e1 trabajando en conjunto con la Fiscal\u00eda para identificar a los agresores y poder lograr su pronta detenci\u00f3n. La v\u00edctima es de la ciudad, y se est\u00e1 tratando de obtener registro de c\u00e1maras, si exist\u00edan en el lugar, adem\u00e1s contamos con la declaraci\u00f3n de la propia v\u00edctima para ubicar a los autores de esta agresi\u00f3n\u201d, indic\u00f3 el funcionario policial.<\/p>\n<p style=\"text-align: justify;\">A esta hora personal policial y Fiscal\u00eda contin\u00faan con las diligencias para dar con los autores de este ataque.<\/p>\n<\/div><\/section><\/div><div  style='height:50px' class='hr hr-invisible   avia-builder-el-6  el_after_av_one_full  el_before_av_social_share '><span class='hr-inner ' ><span class='hr-inner-style'><\/span><\/span><\/div><\/p>\n<div  class='av-social-sharing-box  avia-builder-el-7  el_after_av_hr  el_before_av_hr  '><div class='av-share-box'><h5 class='av-share-link-description av-no-toc '>Compartir esta noticia<\/h5><ul class='av-share-box-list noLightbox'><li class='av-share-link av-social-link-facebook' ><a target=\"_blank\" aria-label=\"Compartir en Facebook\" href='https:\/\/www.facebook.com\/sharer.php?u=https:\/\/radiorevelacionfm.cl\/?p=21940&#038;t=Chile%20Chico%3A%20Hombre%20result%C3%B3%20con%20lesiones%20de%20mediana%20gravedad%20tras%20ser%20atacado%20con%20arma%20blanca%20por%20grupo%20de%20sujetos' aria-hidden='false' data-av_icon='\ue8f3' data-av_iconfont='entypo-fontello' title='' data-avia-related-tooltip='Compartir en Facebook' rel=\"noopener\"><span class='avia_hidden_link_text'>Compartir en Facebook<\/span><\/a><\/li><li class='av-share-link av-social-link-twitter' ><a target=\"_blank\" aria-label=\"Compartir en Twitter\" href='https:\/\/twitter.com\/share?text=Chile%20Chico%3A%20Hombre%20result%C3%B3%20con%20lesiones%20de%20mediana%20gravedad%20tras%20ser%20atacado%20con%20arma%20blanca%20por%20grupo%20de%20sujetos&#038;url=https:\/\/radiorevelacionfm.cl\/?p=21940' aria-hidden='false' data-av_icon='\ue8f1' data-av_iconfont='entypo-fontello' title='' data-avia-related-tooltip='Compartir en Twitter' rel=\"noopener\"><span class='avia_hidden_link_text'>Compartir en Twitter<\/span><\/a><\/li><li class='av-share-link av-social-link-whatsapp' ><a target=\"_blank\" aria-label=\"Compartir en Whatsapp\" href='https:\/\/api.whatsapp.com\/send?text=https:\/\/radiorevelacionfm.cl\/?p=21940' aria-hidden='false' data-av_icon='\uf232' data-av_iconfont='entypo-fontello' title='' data-avia-related-tooltip='Compartir en Whatsapp' rel=\"noopener\"><span class='avia_hidden_link_text'>Compartir en Whatsapp<\/span><\/a><\/li><li class='av-share-link av-social-link-linkedin' ><a target=\"_blank\" aria-label=\"Compartir en LinkedIn\" href='https:\/\/linkedin.com\/shareArticle?mini=true&#038;title=Chile%20Chico%3A%20Hombre%20result%C3%B3%20con%20lesiones%20de%20mediana%20gravedad%20tras%20ser%20atacado%20con%20arma%20blanca%20por%20grupo%20de%20sujetos&#038;url=https:\/\/radiorevelacionfm.cl\/?p=21940' aria-hidden='false' data-av_icon='\ue8fc' data-av_iconfont='entypo-fontello' title='' data-avia-related-tooltip='Compartir en LinkedIn' rel=\"noopener\"><span class='avia_hidden_link_text'>Compartir en LinkedIn<\/span><\/a><\/li><li class='av-share-link av-social-link-mail' ><a  aria-label=\"Compartir por correo\" href='mailto:?subject=Chile%20Chico%3A%20Hombre%20result%C3%B3%20con%20lesiones%20de%20mediana%20gravedad%20tras%20ser%20atacado%20con%20arma%20blanca%20por%20grupo%20de%20sujetos&#038;body=https:\/\/radiorevelacionfm.cl\/?p=21940' aria-hidden='false' data-av_icon='\ue805' data-av_iconfont='entypo-fontello' title='' data-avia-related-tooltip='Compartir por correo'><span class='avia_hidden_link_text'>Compartir por correo<\/span><\/a><\/li><\/ul><\/div><\/div>\n<div  style='height:50px' class='hr hr-invisible   avia-builder-el-8  el_after_av_social_share  el_before_av_comments_list '><span class='hr-inner ' ><span class='hr-inner-style'><\/span><\/span><\/div>\n<div  class='av-buildercomment  av-blog-meta-html-info-disabled av-blog-meta-tag-disabled  '><\/div>\n","protected":false},"excerpt":{"rendered":"","protected":false},"author":1,"featured_media":21941,"comment_status":"open","ping_status":"open","sticky":false,"template":"","format":"standard","meta":{"footnotes":""},"categories":[36],"tags":[],"class_list":["post-21940","post","type-post","status-publish","format-standard","has-post-thumbnail","hentry","category-policial"],"jetpack_featured_media_url":"https:\/\/radiorevelacionfm.cl\/wp-content\/uploads\/2022\/09\/comisaria-chile-chico-1_optimized.jpg","_links":{"self":[{"href":"https:\/\/radiorevelacionfm.cl\/index.php?rest_route=\/wp\/v2\/posts\/21940","targetHints":{"allow":["GET"]}}],"collection":[{"href":"https:\/\/radiorevelacionfm.cl\/index.php?rest_route=\/wp\/v2\/posts"}],"about":[{"href":"https:\/\/radiorevelacionfm.cl\/index.php?rest_route=\/wp\/v2\/types\/post"}],"author":[{"embeddable":true,"href":"https:\/\/radiorevelacionfm.cl\/index.php?rest_route=\/wp\/v2\/users\/1"}],"replies":[{"embeddable":true,"href":"https:\/\/radiorevelacionfm.cl\/index.php?rest_route=%2Fwp%2Fv2%2Fcomments&post=21940"}],"version-history":[{"count":3,"href":"https:\/\/radiorevelacionfm.cl\/index.php?rest_route=\/wp\/v2\/posts\/21940\/revisions"}],"predecessor-version":[{"id":21943,"href":"https:\/\/radiorevelacionfm.cl\/index.php?rest_route=\/wp\/v2\/posts\/21940\/revisions\/21943"}],"wp:featuredmedia":[{"embeddable":true,"href":"https:\/\/radiorevelacionfm.cl\/index.php?rest_route=\/wp\/v2\/media\/21941"}],"wp:attachment":[{"href":"https:\/\/radiorevelacionfm.cl\/index.php?rest_route=%2Fwp%2Fv2%2Fmedia&parent=21940"}],"wp:term":[{"taxonomy":"category","embeddable":true,"href":"https:\/\/radiorevelacionfm.cl\/index.php?rest_route=%2Fwp%2Fv2%2Fcategories&post=21940"},{"taxonomy":"post_tag","embeddable":true,"href":"https:\/\/radiorevelacionfm.cl\/index.php?rest_route=%2Fwp%2Fv2%2Ftags&post=21940"}],"curies":[{"name":"wp","href":"https:\/\/api.w.org\/{rel}","templated":true}]}}