{"id":2193,"date":"2021-01-28T17:19:31","date_gmt":"2021-01-28T20:19:31","guid":{"rendered":"https:\/\/radiorevelacionfm.cl\/?p=2193"},"modified":"2021-01-29T10:58:17","modified_gmt":"2021-01-29T13:58:17","slug":"en-puerto-bertrand-comunidad-celebra-inicio-de-proyecto-sala-multiproposito-padre-antonio-ronchi","status":"publish","type":"post","link":"https:\/\/radiorevelacionfm.cl\/?p=2193","title":{"rendered":"En Puerto Bertrand: Comunidad celebra inicio de proyecto \u201csala multiprop\u00f3sito padre Antonio Ronchi\u201d"},"content":{"rendered":"<div class=\"flex_column av_one_full  flex_column_div av-zero-column-padding first  avia-builder-el-0  el_before_av_one_full  avia-builder-el-first  \" style='border-radius:0px; '><div  class='avia-image-container  av-styling-    avia-builder-el-1  avia-builder-el-no-sibling  avia-align-center '  itemprop=\"image\" itemscope=\"itemscope\" itemtype=\"https:\/\/schema.org\/ImageObject\"  ><div class='avia-image-container-inner'><div class='avia-image-overlay-wrap'><img decoding=\"async\" class='wp-image-0 avia-img-lazy-loading-not-0 avia_image' src=\"https:\/\/radiorevelacionfm.cl\/wp-content\/uploads\/2021\/01\/TERRENO-BERTRAND-2-1-1.jpeg\" alt='' title=''   itemprop=\"thumbnailUrl\"  \/><\/div><\/div><\/div><\/div><div class=\"flex_column av_one_full  flex_column_div av-zero-column-padding first  avia-builder-el-2  el_after_av_one_full  el_before_av_one_full  column-top-margin\" style='border-radius:0px; '><section class=\"av_textblock_section \"  itemscope=\"itemscope\" itemtype=\"https:\/\/schema.org\/BlogPosting\" itemprop=\"blogPost\" ><div class='avia_textblock  '   itemprop=\"text\" ><p style=\"text-align: center;\"><span style=\"font-size: 18pt;\"><strong>En Puerto Bertrand: Comunidad celebra inicio de proyecto \u201csala multiprop\u00f3sito padre Antonio Ronchi\u201d<\/strong><\/span><\/p>\n<div id=\"gtx-trans\" style=\"position: absolute; left: -50px; top: 4.31534px;\">\n<div class=\"gtx-trans-icon\"><\/div>\n<\/div>\n<\/div><\/section><\/div><div class=\"flex_column av_one_full  flex_column_div av-zero-column-padding first  avia-builder-el-4  el_after_av_one_full  el_before_av_hr  column-top-margin\" style='border-radius:0px; '><section class=\"av_textblock_section \"  itemscope=\"itemscope\" itemtype=\"https:\/\/schema.org\/BlogPosting\" itemprop=\"blogPost\" ><div class='avia_textblock  '   itemprop=\"text\" ><p style=\"text-align: justify;\">En compa\u00f1\u00eda de vecinos y vecinas de Puerto Bertrand, el Alcalde Ricardo Ibarra, el jefe de obras (s) Gustavo Cruces y el inspector t\u00e9cnico de la obra H\u00e9ctor Vera, hicieron entregan del terreno a la empresa constructora de Jos\u00e9 Mar\u00edn e Hijos limitada, quienes construir\u00e1n la \u201csala multiprop\u00f3sito padre Antonio Ronchi\u201d.<\/p>\n<p style=\"text-align: justify;\">Este es un proyecto que fue consensuado con la comunidad, destac\u00f3 el Alcalde Ricardo Ibarra, debido a que el antiguo edificio fue declarado inhabitable y con su estructura en p\u00e9simas condiciones.<\/p>\n<p style=\"text-align: justify;\">\u201cEsta soluci\u00f3n fue consensuada con los vecinos en dos o tres o reuniones, debemos reconocer que tuvimos algunos inconvenientes en primera instancia, pero finalmente los vecinos y vecinas tomaron la decisi\u00f3n, no fue una determinaci\u00f3n \u00fanica del Municipio sino que fue consensuada con la comunidad, los que viven habitualmente ac\u00e1, los que est\u00e1n todo el a\u00f1o, los que llevan toda una vida en Bertrand y que hoy los vemos ac\u00e1. Esta es la ceremonia de entrega de terreno a la empresa que se va a hacer cargo de la construcci\u00f3n de este nuevo y moderno edificio que viene acorde a lo que es Puerto Bertrand, una localidad eminentemente tur\u00edstica, donde faltaba un lugar, por ejemplo, donde hubieran ba\u00f1os p\u00fablicos que es una necesidad sentida de la comunidad. Esto va a ser entregado para toda la comunidad, as\u00ed es que, hoy damos inicio a las obras con mucha fe y esperanza que pronto est\u00e9 terminada y que sea un punto de encuentro para todos los vecinos y m\u00e1s, por ello, estamos mucho m\u00e1s contentos al verlos a ellos ratificando esta firma\u201d.<\/p>\n<p style=\"text-align: justify;\">El jefe de obras (s) en la Municipalidad de Chile Chico, Gustavo Cruces, detall\u00f3 lo que contempla el proyecto de la \u201csala multiprop\u00f3sito padre Antonio Ronchi de Puerto Bertrand\u201d.<\/p>\n<p style=\"text-align: justify;\">\u201cEsta obra fue contratada por la empresa Jos\u00e9 Mar\u00edn e Hijos limitada,\u00a0 trav\u00e9s de licitaci\u00f3n p\u00fablica por un monto de $88.030.000 IVA incluido. Ellos tienen por su oferta 120 d\u00edas de plazo para ejecutar la obra, es decir, hasta el 28 de mayo. Este proyecto se compone b\u00e1sicamente de 180 metros cuadrados totales de intervenci\u00f3n, donde existir\u00e1 un stand de artesan\u00edas, un estar \u2013 comedor, una cafeter\u00eda, servicios higi\u00e9nicos, una oficina de administraci\u00f3n y tambi\u00e9n una peque\u00f1a \u00e1rea museogr\u00e1fica. Adem\u00e1s, se convertir\u00e1 en un paradero para aquellas personas que ten\u00edan que salir a 700 metros de distancia para conseguir el bus que pasa por la ruta 7, una vez concluida esta obra lo van a poder hacer ac\u00e1 y en condiciones \u00f3ptimas\u201d.<\/p>\n<p style=\"text-align: justify;\">Un vecino y dirigente social de muchas organizaciones de la localidad es don Oscar Astudillo, quien puso en valor el importante trabajo descentralizador de la actual gesti\u00f3n municipal, resaltando que se est\u00e9 iniciando un nuevo proyecto que reemplaza una casa que hab\u00eda cumplido un ciclo.<\/p>\n<p style=\"text-align: justify;\">\u201cFelizmente cumpli\u00f3 un ciclo la construcci\u00f3n que hab\u00eda, porque eso fue construido por all\u00e1 por el a\u00f1o 70, entonces, ya no pod\u00eda sobrevivir m\u00e1s. As\u00ed es que, muy buena la determinaci\u00f3n de desarmarla y hacer algo nuevo. Destacar tambi\u00e9n que, este alcalde que tenemos ahora, es uno de los pocos que realmente se ha preocupado de la localidad, porque como somos la \u00faltima parte territorialmente de la comuna, habitualmente los lugares m\u00e1s lejanos son los que menos se apoyan, pero con este alcalde si hemos tenido apoyo\u201d.<\/p>\n<p style=\"text-align: justify;\">Pedro Zanzana es uno de los pobladores m\u00e1s antiguos de Bertrand, quien junto con reconocer los avances que ha tenido la localidad los \u00faltimos cuatro a\u00f1os, tambi\u00e9n asegura que era necesario construir algo nuevo donde hoy se inicia el proyecto impulsado por la Municipalidad.<\/p>\n<p style=\"text-align: justify;\">\u201cPrincipalmente nosotros est\u00e1bamos de acuerdo que aqu\u00ed se construya algo nuevo, porque esto ya estaba hasta peligroso porque la madera y las bases de la casa antigua ya estaban todas podridas. Este proyecto es bueno y cualquier utilidad que preste es importante. Tambi\u00e9n destacar el compromiso del alcalde, porque cuando estuvo reemplazando hubo trabajo y movimiento ac\u00e1, despu\u00e9s cuando entr\u00f3 de alcalde no han fallado las peguitas, adem\u00e1s, hay adelantos y ahora la gente no se ha ido\u201d.<\/p>\n<p style=\"text-align: justify;\">El inicio de las obras de la \u201csala multiprop\u00f3sito padre Antonio Ronchi de Puerto Bertrand\u201d, es un nuevo acto de descentralizaci\u00f3n que ha impuesto la gesti\u00f3n del Alcalde Ricardo Ibarra.<\/p>\n<\/div><\/section><\/div><div  style='height:50px' class='hr hr-invisible   avia-builder-el-6  el_after_av_one_full  el_before_av_social_share '><span class='hr-inner ' ><span class='hr-inner-style'><\/span><\/span><\/div><\/p>\n<div  class='av-social-sharing-box  avia-builder-el-7  el_after_av_hr  el_before_av_hr  '><div class='av-share-box'><h5 class='av-share-link-description av-no-toc '>Compartir esta noticia<\/h5><ul class='av-share-box-list noLightbox'><li class='av-share-link av-social-link-facebook' ><a target=\"_blank\" aria-label=\"Compartir en Facebook\" href='https:\/\/www.facebook.com\/sharer.php?u=https:\/\/radiorevelacionfm.cl\/?p=2193&#038;t=En%20Puerto%20Bertrand%3A%20Comunidad%20celebra%20inicio%20de%20proyecto%20%E2%80%9Csala%20multiprop%C3%B3sito%20padre%20Antonio%20Ronchi%E2%80%9D' aria-hidden='false' data-av_icon='\ue8f3' data-av_iconfont='entypo-fontello' title='' data-avia-related-tooltip='Compartir en Facebook' rel=\"noopener\"><span class='avia_hidden_link_text'>Compartir en Facebook<\/span><\/a><\/li><li class='av-share-link av-social-link-twitter' ><a target=\"_blank\" aria-label=\"Compartir en Twitter\" href='https:\/\/twitter.com\/share?text=En%20Puerto%20Bertrand%3A%20Comunidad%20celebra%20inicio%20de%20proyecto%20%E2%80%9Csala%20multiprop%C3%B3sito%20padre%20Antonio%20Ronchi%E2%80%9D&#038;url=https:\/\/radiorevelacionfm.cl\/?p=2193' aria-hidden='false' data-av_icon='\ue8f1' data-av_iconfont='entypo-fontello' title='' data-avia-related-tooltip='Compartir en Twitter' rel=\"noopener\"><span class='avia_hidden_link_text'>Compartir en Twitter<\/span><\/a><\/li><li class='av-share-link av-social-link-whatsapp' ><a target=\"_blank\" aria-label=\"Compartir en Whatsapp\" href='https:\/\/api.whatsapp.com\/send?text=https:\/\/radiorevelacionfm.cl\/?p=2193' aria-hidden='false' data-av_icon='\uf232' data-av_iconfont='entypo-fontello' title='' data-avia-related-tooltip='Compartir en Whatsapp' rel=\"noopener\"><span class='avia_hidden_link_text'>Compartir en Whatsapp<\/span><\/a><\/li><li class='av-share-link av-social-link-linkedin' ><a target=\"_blank\" aria-label=\"Compartir en LinkedIn\" href='https:\/\/linkedin.com\/shareArticle?mini=true&#038;title=En%20Puerto%20Bertrand%3A%20Comunidad%20celebra%20inicio%20de%20proyecto%20%E2%80%9Csala%20multiprop%C3%B3sito%20padre%20Antonio%20Ronchi%E2%80%9D&#038;url=https:\/\/radiorevelacionfm.cl\/?p=2193' aria-hidden='false' data-av_icon='\ue8fc' data-av_iconfont='entypo-fontello' title='' data-avia-related-tooltip='Compartir en LinkedIn' rel=\"noopener\"><span class='avia_hidden_link_text'>Compartir en LinkedIn<\/span><\/a><\/li><li class='av-share-link av-social-link-mail' ><a  aria-label=\"Compartir por correo\" href='mailto:?subject=En%20Puerto%20Bertrand%3A%20Comunidad%20celebra%20inicio%20de%20proyecto%20%E2%80%9Csala%20multiprop%C3%B3sito%20padre%20Antonio%20Ronchi%E2%80%9D&#038;body=https:\/\/radiorevelacionfm.cl\/?p=2193' aria-hidden='false' data-av_icon='\ue805' data-av_iconfont='entypo-fontello' title='' data-avia-related-tooltip='Compartir por correo'><span class='avia_hidden_link_text'>Compartir por correo<\/span><\/a><\/li><\/ul><\/div><\/div>\n<div  style='height:50px' class='hr hr-invisible   avia-builder-el-8  el_after_av_social_share  el_before_av_comments_list '><span class='hr-inner ' ><span class='hr-inner-style'><\/span><\/span><\/div>\n<div  class='av-buildercomment  av-blog-meta-html-info-disabled av-blog-meta-tag-disabled  '><\/div>\n","protected":false},"excerpt":{"rendered":"","protected":false},"author":1,"featured_media":0,"comment_status":"open","ping_status":"open","sticky":false,"template":"","format":"standard","meta":{"footnotes":""},"categories":[38],"tags":[],"class_list":["post-2193","post","type-post","status-publish","format-standard","hentry","category-regional"],"jetpack_featured_media_url":"","_links":{"self":[{"href":"https:\/\/radiorevelacionfm.cl\/index.php?rest_route=\/wp\/v2\/posts\/2193","targetHints":{"allow":["GET"]}}],"collection":[{"href":"https:\/\/radiorevelacionfm.cl\/index.php?rest_route=\/wp\/v2\/posts"}],"about":[{"href":"https:\/\/radiorevelacionfm.cl\/index.php?rest_route=\/wp\/v2\/types\/post"}],"author":[{"embeddable":true,"href":"https:\/\/radiorevelacionfm.cl\/index.php?rest_route=\/wp\/v2\/users\/1"}],"replies":[{"embeddable":true,"href":"https:\/\/radiorevelacionfm.cl\/index.php?rest_route=%2Fwp%2Fv2%2Fcomments&post=2193"}],"version-history":[{"count":1,"href":"https:\/\/radiorevelacionfm.cl\/index.php?rest_route=\/wp\/v2\/posts\/2193\/revisions"}],"predecessor-version":[{"id":2195,"href":"https:\/\/radiorevelacionfm.cl\/index.php?rest_route=\/wp\/v2\/posts\/2193\/revisions\/2195"}],"wp:attachment":[{"href":"https:\/\/radiorevelacionfm.cl\/index.php?rest_route=%2Fwp%2Fv2%2Fmedia&parent=2193"}],"wp:term":[{"taxonomy":"category","embeddable":true,"href":"https:\/\/radiorevelacionfm.cl\/index.php?rest_route=%2Fwp%2Fv2%2Fcategories&post=2193"},{"taxonomy":"post_tag","embeddable":true,"href":"https:\/\/radiorevelacionfm.cl\/index.php?rest_route=%2Fwp%2Fv2%2Ftags&post=2193"}],"curies":[{"name":"wp","href":"https:\/\/api.w.org\/{rel}","templated":true}]}}