{"id":2189,"date":"2021-01-28T16:30:57","date_gmt":"2021-01-28T19:30:57","guid":{"rendered":"https:\/\/radiorevelacionfm.cl\/?p=2189"},"modified":"2021-01-29T10:44:51","modified_gmt":"2021-01-29T13:44:51","slug":"con-actividad-fisica-y-deporte-ninas-y-ninos-de-cerro-castillo-participan-en-centro-de-cuidados-de-verano","status":"publish","type":"post","link":"https:\/\/radiorevelacionfm.cl\/?p=2189","title":{"rendered":"Con actividad f\u00edsica y deporte ni\u00f1as y ni\u00f1os de Cerro Castillo participan en Centro de Cuidados de Verano"},"content":{"rendered":"<div class=\"flex_column av_one_full  flex_column_div av-zero-column-padding first  avia-builder-el-0  el_before_av_one_full  avia-builder-el-first  \" style='border-radius:0px; '><div  class='avia-image-container  av-styling-    avia-builder-el-1  avia-builder-el-no-sibling  avia-align-center '  itemprop=\"image\" itemscope=\"itemscope\" itemtype=\"https:\/\/schema.org\/ImageObject\"  ><div class='avia-image-container-inner'><div class='avia-image-overlay-wrap'><img decoding=\"async\" class='wp-image-0 avia-img-lazy-loading-not-0 avia_image' src=\"https:\/\/radiorevelacionfm.cl\/wp-content\/uploads\/2021\/01\/Ind-2.jpg\" alt='' title=''   itemprop=\"thumbnailUrl\"  \/><\/div><\/div><\/div><\/div><div class=\"flex_column av_one_full  flex_column_div av-zero-column-padding first  avia-builder-el-2  el_after_av_one_full  el_before_av_one_full  column-top-margin\" style='border-radius:0px; '><section class=\"av_textblock_section \"  itemscope=\"itemscope\" itemtype=\"https:\/\/schema.org\/BlogPosting\" itemprop=\"blogPost\" ><div class='avia_textblock  '   itemprop=\"text\" ><p style=\"text-align: center;\"><span style=\"font-size: 18pt;\"><strong>Con actividad f\u00edsica y deporte ni\u00f1as y ni\u00f1os de Cerro Castillo participan en Centro de Cuidados de Verano<\/strong><\/span><\/p>\n<div id=\"gtx-trans\" style=\"position: absolute; left: -50px; top: 4.31534px;\">\n<div class=\"gtx-trans-icon\"><\/div>\n<\/div>\n<\/div><\/section><\/div><div class=\"flex_column av_one_full  flex_column_div av-zero-column-padding first  avia-builder-el-4  el_after_av_one_full  el_before_av_hr  column-top-margin\" style='border-radius:0px; '><section class=\"av_textblock_section \"  itemscope=\"itemscope\" itemtype=\"https:\/\/schema.org\/BlogPosting\" itemprop=\"blogPost\" ><div class='avia_textblock  '   itemprop=\"text\" ><p style=\"text-align: justify;\">La iniciativa intersectorial liderada por el Ministerio de Desarrollo Social y Familia,\u00a0 Junta Nacional de Auxilio Escolar y Becas (JUNAEB), Ministerio del Deporte e IND y el municipio de R\u00edo Ib\u00e1\u00f1ez, permite que los peque\u00f1os aprendan, realicen actividad f\u00edsica y se diviertan, adem\u00e1s de recibir alimentaci\u00f3n en un recinto seguro.<\/p>\n<p style=\"text-align: justify;\">A nivel pa\u00eds, los \u00abCentros para Hijos de Cuidadores Principales Temporeros\u00bb, tienen por objetivo ayudar a las madres, padres o cuidadores principales que realizan trabajos en temporada estival, y que no cuentan con una alternativa para el cuidado de los ni\u00f1os(as) que tienen a su cargo.<\/p>\n<p style=\"text-align: justify;\">Al respecto el Seremi del Deporte, Rodrigo Cubilla Retamal se\u00f1al\u00f3 \u00a0\u00abestamos muy contentos como Ministerio del Deporte e IND de colaborar con esta iniciativa donde se pone a los ni\u00f1os primero, como ha sido el compromiso permanente de este Gobierno y del propio Presidente Sebasti\u00e1n Pi\u00f1era, aportando un con un granito de arena al cuidado y protecci\u00f3n de los menores mientras su padres o cuidadores se encuentran trabajando.\u00bb<\/p>\n<p style=\"text-align: justify;\">En el mismo sentido, el Director Regional del IND Jos\u00e9 Manuel Sep\u00falveda agreg\u00f3 \u00abeste programa es fundamental para muchas familias que no cuentan con otra opci\u00f3n para el cuidado de sus hijos y es\u00a0 por esta raz\u00f3n que agradecemos la invitaci\u00f3n que nos extienden a\u00f1o a a\u00f1o y para lo cual nos hemos estado preparando, cumpliendo con protocolos establecidos de manera que la actividades deportivas y recreativas sean seguras para todos\u00bb.<\/p>\n<p style=\"text-align: justify;\">Por su parte Marcelo J\u00e9lvez,\u00a0 Seremi Ministerio de Desarrollo Social y Familia precis\u00f3 \u00abhoy nuestra \u00a0red de protecci\u00f3n social se encuentra en Villa Cerro Castillo en este convenio que hemos formado junto al municipio de R\u00edo Ib\u00e1\u00f1ez, Junaeb y el IND, para diez ni\u00f1os durante \u00a022 d\u00edas con actividad f\u00edsica en este hermoso gimnasio y con todas las medidas establecidas por la autoridad sanitaria\u00bb.<\/p>\n<p style=\"text-align: justify;\">Finalmente, Catherine Aros, monitora del programa coment\u00f3 \u00abes muy grato volver a esta localidad a trabajar con las ni\u00f1as y ni\u00f1os, \u00a0respetando los protocolos y con el objetivo que los menores lo pasen bien y dejen de lado el sedentarismo, adem\u00e1s est\u00e1n muy motivados y con ganas de \u00a0realizar actividad f\u00edsica\u00bb.<\/p>\n<p style=\"text-align: justify;\">Durante los 22 d\u00edas que dura el programa, los menores, \u00a0deben ingresar a las 9 de la ma\u00f1ana, tras lo cual se organizan en actividades l\u00fadicas y recreativas, entre las que destaca el taller de higiene bucal y otras actividades, sin descuidar la alimentaci\u00f3n ya que en el lugar reciben desayuno, almuerzo y colaci\u00f3n.<\/p>\n<\/div><\/section><\/div><div  style='height:50px' class='hr hr-invisible   avia-builder-el-6  el_after_av_one_full  el_before_av_social_share '><span class='hr-inner ' ><span class='hr-inner-style'><\/span><\/span><\/div><\/p>\n<div  class='av-social-sharing-box  avia-builder-el-7  el_after_av_hr  el_before_av_hr  '><div class='av-share-box'><h5 class='av-share-link-description av-no-toc '>Compartir esta noticia<\/h5><ul class='av-share-box-list noLightbox'><li class='av-share-link av-social-link-facebook' ><a target=\"_blank\" aria-label=\"Compartir en Facebook\" href='https:\/\/www.facebook.com\/sharer.php?u=https:\/\/radiorevelacionfm.cl\/?p=2189&#038;t=Con%20actividad%20f%C3%ADsica%20y%20deporte%20ni%C3%B1as%20y%20ni%C3%B1os%20de%20Cerro%20Castillo%20participan%20en%20Centro%20de%20Cuidados%20de%20Verano' aria-hidden='false' data-av_icon='\ue8f3' data-av_iconfont='entypo-fontello' title='' data-avia-related-tooltip='Compartir en Facebook' rel=\"noopener\"><span class='avia_hidden_link_text'>Compartir en Facebook<\/span><\/a><\/li><li class='av-share-link av-social-link-twitter' ><a target=\"_blank\" aria-label=\"Compartir en Twitter\" href='https:\/\/twitter.com\/share?text=Con%20actividad%20f%C3%ADsica%20y%20deporte%20ni%C3%B1as%20y%20ni%C3%B1os%20de%20Cerro%20Castillo%20participan%20en%20Centro%20de%20Cuidados%20de%20Verano&#038;url=https:\/\/radiorevelacionfm.cl\/?p=2189' aria-hidden='false' data-av_icon='\ue8f1' data-av_iconfont='entypo-fontello' title='' data-avia-related-tooltip='Compartir en Twitter' rel=\"noopener\"><span class='avia_hidden_link_text'>Compartir en Twitter<\/span><\/a><\/li><li class='av-share-link av-social-link-whatsapp' ><a target=\"_blank\" aria-label=\"Compartir en Whatsapp\" href='https:\/\/api.whatsapp.com\/send?text=https:\/\/radiorevelacionfm.cl\/?p=2189' aria-hidden='false' data-av_icon='\uf232' data-av_iconfont='entypo-fontello' title='' data-avia-related-tooltip='Compartir en Whatsapp' rel=\"noopener\"><span class='avia_hidden_link_text'>Compartir en Whatsapp<\/span><\/a><\/li><li class='av-share-link av-social-link-linkedin' ><a target=\"_blank\" aria-label=\"Compartir en LinkedIn\" href='https:\/\/linkedin.com\/shareArticle?mini=true&#038;title=Con%20actividad%20f%C3%ADsica%20y%20deporte%20ni%C3%B1as%20y%20ni%C3%B1os%20de%20Cerro%20Castillo%20participan%20en%20Centro%20de%20Cuidados%20de%20Verano&#038;url=https:\/\/radiorevelacionfm.cl\/?p=2189' aria-hidden='false' data-av_icon='\ue8fc' data-av_iconfont='entypo-fontello' title='' data-avia-related-tooltip='Compartir en LinkedIn' rel=\"noopener\"><span class='avia_hidden_link_text'>Compartir en LinkedIn<\/span><\/a><\/li><li class='av-share-link av-social-link-mail' ><a  aria-label=\"Compartir por correo\" href='mailto:?subject=Con%20actividad%20f%C3%ADsica%20y%20deporte%20ni%C3%B1as%20y%20ni%C3%B1os%20de%20Cerro%20Castillo%20participan%20en%20Centro%20de%20Cuidados%20de%20Verano&#038;body=https:\/\/radiorevelacionfm.cl\/?p=2189' aria-hidden='false' data-av_icon='\ue805' data-av_iconfont='entypo-fontello' title='' data-avia-related-tooltip='Compartir por correo'><span class='avia_hidden_link_text'>Compartir por correo<\/span><\/a><\/li><\/ul><\/div><\/div>\n<div  style='height:50px' class='hr hr-invisible   avia-builder-el-8  el_after_av_social_share  el_before_av_comments_list '><span class='hr-inner ' ><span class='hr-inner-style'><\/span><\/span><\/div>\n<div  class='av-buildercomment  av-blog-meta-html-info-disabled av-blog-meta-tag-disabled  '><\/div>\n","protected":false},"excerpt":{"rendered":"","protected":false},"author":1,"featured_media":0,"comment_status":"open","ping_status":"open","sticky":false,"template":"","format":"standard","meta":{"footnotes":""},"categories":[40],"tags":[],"class_list":["post-2189","post","type-post","status-publish","format-standard","hentry","category-deportes"],"jetpack_featured_media_url":"","_links":{"self":[{"href":"https:\/\/radiorevelacionfm.cl\/index.php?rest_route=\/wp\/v2\/posts\/2189","targetHints":{"allow":["GET"]}}],"collection":[{"href":"https:\/\/radiorevelacionfm.cl\/index.php?rest_route=\/wp\/v2\/posts"}],"about":[{"href":"https:\/\/radiorevelacionfm.cl\/index.php?rest_route=\/wp\/v2\/types\/post"}],"author":[{"embeddable":true,"href":"https:\/\/radiorevelacionfm.cl\/index.php?rest_route=\/wp\/v2\/users\/1"}],"replies":[{"embeddable":true,"href":"https:\/\/radiorevelacionfm.cl\/index.php?rest_route=%2Fwp%2Fv2%2Fcomments&post=2189"}],"version-history":[{"count":1,"href":"https:\/\/radiorevelacionfm.cl\/index.php?rest_route=\/wp\/v2\/posts\/2189\/revisions"}],"predecessor-version":[{"id":2191,"href":"https:\/\/radiorevelacionfm.cl\/index.php?rest_route=\/wp\/v2\/posts\/2189\/revisions\/2191"}],"wp:attachment":[{"href":"https:\/\/radiorevelacionfm.cl\/index.php?rest_route=%2Fwp%2Fv2%2Fmedia&parent=2189"}],"wp:term":[{"taxonomy":"category","embeddable":true,"href":"https:\/\/radiorevelacionfm.cl\/index.php?rest_route=%2Fwp%2Fv2%2Fcategories&post=2189"},{"taxonomy":"post_tag","embeddable":true,"href":"https:\/\/radiorevelacionfm.cl\/index.php?rest_route=%2Fwp%2Fv2%2Ftags&post=2189"}],"curies":[{"name":"wp","href":"https:\/\/api.w.org\/{rel}","templated":true}]}}