{"id":21885,"date":"2022-09-15T19:06:44","date_gmt":"2022-09-15T22:06:44","guid":{"rendered":"https:\/\/radiorevelacionfm.cl\/?p=21885"},"modified":"2022-09-15T19:06:44","modified_gmt":"2022-09-15T22:06:44","slug":"cerca-de-6-mil-familias-ayseninas-ya-recibieron-el-aguinaldo-de-fiestas-patrias-del-ips","status":"publish","type":"post","link":"https:\/\/radiorevelacionfm.cl\/?p=21885","title":{"rendered":"Cerca de 6 mil familias ayseninas ya recibieron el aguinaldo de Fiestas Patrias del IPS"},"content":{"rendered":"<div class=\"flex_column av_one_full  flex_column_div av-zero-column-padding first  avia-builder-el-0  el_before_av_one_full  avia-builder-el-first  \" style='border-radius:0px; '><div  class='avia-image-container  av-styling-    avia-builder-el-1  avia-builder-el-no-sibling  avia-align-center '  itemprop=\"image\" itemscope=\"itemscope\" itemtype=\"https:\/\/schema.org\/ImageObject\"  ><div class='avia-image-container-inner'><div class='avia-image-overlay-wrap'><img decoding=\"async\" class='wp-image-21886 avia-img-lazy-loading-not-21886 avia_image' src=\"https:\/\/radiorevelacionfm.cl\/wp-content\/uploads\/2022\/09\/IPS_ChileAtiende_sept2022-1-1.jpg\" alt='' title='IPS_ChileAtiende_sept2022 (1) (1)' height=\"600\" width=\"749\"  itemprop=\"thumbnailUrl\" srcset=\"https:\/\/radiorevelacionfm.cl\/wp-content\/uploads\/2022\/09\/IPS_ChileAtiende_sept2022-1-1.jpg 749w, https:\/\/radiorevelacionfm.cl\/wp-content\/uploads\/2022\/09\/IPS_ChileAtiende_sept2022-1-1-300x240.jpg 300w, https:\/\/radiorevelacionfm.cl\/wp-content\/uploads\/2022\/09\/IPS_ChileAtiende_sept2022-1-1-705x565.jpg 705w, https:\/\/radiorevelacionfm.cl\/wp-content\/uploads\/2022\/09\/IPS_ChileAtiende_sept2022-1-1-600x481.jpg 600w\" sizes=\"(max-width: 749px) 100vw, 749px\" \/><\/div><\/div><\/div><\/div>\n<div class=\"flex_column av_one_full  flex_column_div av-zero-column-padding first  avia-builder-el-2  el_after_av_one_full  el_before_av_one_full  column-top-margin\" style='border-radius:0px; '><section class=\"av_textblock_section \"  itemscope=\"itemscope\" itemtype=\"https:\/\/schema.org\/BlogPosting\" itemprop=\"blogPost\" ><div class='avia_textblock  '   itemprop=\"text\" ><p style=\"text-align: center;\"><strong><span style=\"font-size: 18pt;\">Cerca de 6 mil familias ayseninas ya recibieron el aguinaldo de Fiestas Patrias del IPS<\/span><\/strong><\/p>\n<div id=\"gtx-trans\" style=\"position: absolute; left: -50px; top: 4.31534px;\">\n<div class=\"gtx-trans-icon\"><\/div>\n<\/div>\n<\/div><\/section><\/div><div class=\"flex_column av_one_full  flex_column_div av-zero-column-padding first  avia-builder-el-4  el_after_av_one_full  el_before_av_hr  column-top-margin\" style='border-radius:0px; '><section class=\"av_textblock_section \"  itemscope=\"itemscope\" itemtype=\"https:\/\/schema.org\/BlogPosting\" itemprop=\"blogPost\" ><div class='avia_textblock  '   itemprop=\"text\" ><p class=\"v1MsoNormal\" style=\"text-align: justify;\"><span lang=\"ES\">El Instituto de Previsi\u00f3n Social (IPS) ya realiz\u00f3 el\u00a0<\/span><span lang=\"ES\">pago del Aguinaldo de Fiestas Patrias 2022, que en esta oportunidad llegar\u00e1 a 5 mil 723 pensionados y pensionadas de nuestra Regi\u00f3n de Ays\u00e9n que cumplen con los requisitos establecidos en la ley.<\/span><\/p>\n<p class=\"v1MsoNormal\" style=\"text-align: justify;\"><span lang=\"ES\">Quienes acceden a este aporte recibir\u00e1n\u00a0<\/span><b><span lang=\"ES-TRAD\">$<\/span><\/b><b><span lang=\"ES\">21.882 por persona<\/span><\/b><span lang=\"ES\">. Este monto se incrementar\u00e1 en\u00a0<\/span><b><span lang=\"ES-TRAD\">$11.226\u00a0<\/span><\/b><span lang=\"ES\">por cada carga familiar acreditada al 31 de agosto de 2022. Con una inversi\u00f3n regional total, de cerca de 127 millones 700 mil pesos.<\/span><\/p>\n<p class=\"v1MsoNormal\" style=\"text-align: justify;\"><span lang=\"ES\">\u00abEste a\u00f1o m\u00e1s de 2 millones 551 mil pensionados recibir\u00e1n el tradicional Aguinaldo de Fiestas Patrias, a lo largo del pa\u00eds; de ellos, estimamos que cerca de 6 mil pensionadas y pensionados corresponden a nuestra Regi\u00f3n de Ays\u00e9n, lo que significa un esfuerzo fiscal por m\u00e1s de 58 mil millones de pesos a nivel nacional y un monto superior a los 127 millones de pesos para llegar con esta ayuda econ\u00f3mica a los pensionados y sus cargas familiares de la regi\u00f3n. El aguinaldo es un peque\u00f1o aporte, que viene a apoyar a los pensionados en esta fecha tan importante de celebraci\u00f3n de las Fiestas Patrias\u00bb,<\/span><span lang=\"ES\">\u00a0afirm\u00f3 Rodrigo D\u00edaz Cordaro, Seremi del Trabajo y Previsi\u00f3n Social.<\/span><\/p>\n<p class=\"v1MsoNormal\" style=\"text-align: justify;\"><span lang=\"ES\">La autoridad precis\u00f3 que estas cifras s\u00f3lo dicen relaci\u00f3n con los beneficiarios\/as del IPS. A ellos se suman adem\u00e1s los beneficiarios del aguinaldo de las AFP y compa\u00f1\u00edas de seguros (DL 3.500) que reciben el beneficio de Pensi\u00f3n Garantizada Universal (PGU), Aporte Previsional Solidario (APS) o pensiones m\u00ednimas con Garant\u00eda Estatal; m\u00e1s las personas beneficiarias de Dipreca, Capredena y Mutualidades.<\/span><\/p>\n<p class=\"v1MsoNormal\" style=\"text-align: justify;\"><b><u><span lang=\"ES\">Cobertura<\/span><\/u><\/b><\/p>\n<p class=\"v1MsoNormal\" style=\"text-align: justify;\"><span lang=\"ES\">Cabe destacar que el Aguinaldo de Fiestas Patrias tiene una importante cobertura, ya que tienen acceso al beneficio todos los pensionados del Instituto de Previsi\u00f3n Social, de Dipreca y Capredena, del Instituto de Seguridad Laboral, de las mutualidades de empleadores de la Ley N\u00b0 16.744 de Accidentes del Trabajo,\u00a0que tengan alguna de estas calidades al 31 de agosto del a\u00f1o 2022. A ellos, se suman los pensionados del Sistema de AFP, siempre que a esa fecha est\u00e9n recibiendo el beneficio de Pensi\u00f3n Garantizada Universal (PGU), Aporte Previsional Solidario (APS) o pensiones m\u00ednimas con Garant\u00eda Estatal. \u00a0<\/span><\/p>\n<p class=\"v1MsoNormal\" style=\"text-align: justify;\"><span lang=\"ES-TRAD\">Es preciso se\u00f1alar que\u00a0<b>cada persona tiene derecho a un solo aguinaldo<\/b>, aunque sea beneficiario de dos o m\u00e1s pensiones.<\/span><\/p>\n<p class=\"v1MsoNormal\" style=\"text-align: justify;\"><b><u><span lang=\"ES\">Fecha y forma de pago<\/span><\/u><\/b><\/p>\n<p class=\"v1MsoNormal\" style=\"text-align: justify;\"><span lang=\"ES\">La entrega del Aguinaldo se realiza en la misma fecha y forma de pago de pensi\u00f3n que la persona tenga asignada para el mes de septiembre, sin nuevos tr\u00e1mites, ya sea a trav\u00e9s de dep\u00f3sito o pago presencial a trav\u00e9s de los proveedores de pago habituales del IPS, o de la instituci\u00f3n que pague el beneficio. Por ejemplo, si a una persona le corresponde pago del IPS el 2 de septiembre, ese d\u00eda se le paga su pensi\u00f3n habitual junto con su aguinaldo.<\/span><\/p>\n<p class=\"v1MsoNormal\" style=\"text-align: justify;\"><span lang=\"ES\">El proceso de pagos de pensiones que realiza el IPS durante el mes de septiembre contempla adelantar el calendario de pagos y distribuirlo hasta\u00a0<b>antes del 18 de ese mes<\/b>, para que las y los pensionados puedan cobrar previamente sus beneficios, sea en forma presencial o mediante dep\u00f3sito. Cada persona conoce su fecha de pago con anticipaci\u00f3n porque est\u00e1 indicada en su comprobante del mes anterior. Si alguna persona tiene dudas o extravi\u00f3 su liquidaci\u00f3n y no sabe la fecha en que le corresponder\u00e1 cobrar, puede ingresar a\u00a0<b><a href=\"http:\/\/www.chileatiende.cl\/\" target=\"_blank\" rel=\"noopener noreferrer\">www.chileatiende.cl<\/a><\/b>\u00a0y consultar. En el buscador debe ingresar \u00abFecha y forma de pago\u00bb para acceder a la informaci\u00f3n.<\/span><\/p>\n<p class=\"v1MsoNormal\" style=\"text-align: justify;\"><b><u><span lang=\"ES\">Medidas de Autocuidado<\/span><\/u><\/b><\/p>\n<p class=\"v1MsoNormal\" style=\"text-align: justify;\"><span lang=\"ES\">En el marco de su campa\u00f1a permanente \u00abM\u00e1s vale prevenir\u00bb, el IPS reitera el llamado al autocuidado y a la prevenci\u00f3n a las personas pensionadas que, en esta oportunidad, reciben el Aguinaldo de Fiestas Patrias, sea a trav\u00e9s de dep\u00f3sito o de manera presencial. Esto, con el objetivo de evitar posibles fraudes o robos.<\/span><\/p>\n<p class=\"v1MsoNormal\" style=\"text-align: justify;\"><b><span lang=\"ES\">Recomendaciones para un pago seguro:<\/span><\/b><\/p>\n<p class=\"v1MsoNormal\" style=\"text-align: justify;\"><span lang=\"ES\">a) <\/span><span lang=\"ES\">Cuando acuda a cobrar de\u00a0<\/span><b><span lang=\"ES\">manera presencial<\/span><\/b><span lang=\"ES\">, tenga presente lo siguiente:<\/span><\/p>\n<p style=\"text-align: justify;\"><span lang=\"ES\">\u00b7 <\/span><span lang=\"ES\">Procure acudir al local de pago acompa\u00f1ado por alguien de su confianza.<\/span><\/p>\n<p style=\"text-align: justify;\"><span lang=\"ES\">\u00b7 <\/span><span lang=\"ES\">Evite el di\u00e1logo con personas desconocidas a la salida de local.<\/span><\/p>\n<p style=\"text-align: justify;\"><span lang=\"ES\">\u00b7 <\/span><span lang=\"ES\">Cuente el dinero al interior de las oficinas de pago y gu\u00e1rdelo en un lugar seguro, antes de abandonar el lugar.<\/span><\/p>\n<p style=\"text-align: justify;\"><span lang=\"ES\">\u00b7 <\/span><span lang=\"ES\">Sus dudas o consultas h\u00e1gaselas saber a los funcionarios acreditados de cada local de pago.<\/span><\/p>\n<p style=\"text-align: justify;\"><span lang=\"ES\">\u00b7 <\/span><span lang=\"ES\">Si se siente inseguro u observa a alguien en alguna actitud sospechosa, avise al personal autorizado del local de pago y siga sus indicaciones.<\/span><\/p>\n<p style=\"text-align: justify;\"><span lang=\"ES\">b) A quienes reciben el beneficio a trav\u00e9s de\u00a0<\/span><b><span lang=\"ES\">dep\u00f3sitos<\/span><\/b><span lang=\"ES\">, se les sugiere que no abran links que les env\u00eden por mensajes de texto o correos electr\u00f3nicos invit\u00e1ndoles a visitar p\u00e1ginas en Internet para conocer el monto de su aguinaldo, y menos para pedir sus claves de cuentas bancarias. El IPS tiene canales de comunicaci\u00f3n formales con sus usuarios.<\/span><\/p>\n<p class=\"v1MsoNormal\" style=\"text-align: justify;\"><span lang=\"ES\">Ante dudas, las personas pueden consultar en los canales de atenci\u00f3n de la red ChileAtiende del Instituto de Previsi\u00f3n Social: redes sociales en Facebook, Twitter e Instagram,\u00a0<\/span><b><span lang=\"ES\"><a href=\"http:\/\/www.chileatiende.cl\/\" target=\"_blank\" rel=\"noopener noreferrer\">www.chileatiende.cl<\/a><\/span><\/b><span lang=\"ES\">\u00a0y el\u00a0<\/span><b><span lang=\"ES\">Call Center 600 440 0040<\/span><\/b><span lang=\"ES\">.<\/span><\/p>\n<p class=\"v1MsoNormal\" style=\"text-align: justify;\"><span lang=\"ES-MX\">\u00a0<\/span><\/p>\n<\/div><\/section><\/div><\/p>\n<div  style='height:50px' class='hr hr-invisible   avia-builder-el-6  el_after_av_one_full  el_before_av_social_share '><span class='hr-inner ' ><span class='hr-inner-style'><\/span><\/span><\/div>\n<div  class='av-social-sharing-box  avia-builder-el-7  el_after_av_hr  el_before_av_hr  '><div class='av-share-box'><h5 class='av-share-link-description av-no-toc '>Compartir esta noticia<\/h5><ul class='av-share-box-list noLightbox'><li class='av-share-link av-social-link-facebook' ><a target=\"_blank\" aria-label=\"Compartir en Facebook\" href='https:\/\/www.facebook.com\/sharer.php?u=https:\/\/radiorevelacionfm.cl\/?p=21885&#038;t=Cerca%20de%206%20mil%20familias%20ayseninas%20ya%20recibieron%20el%20aguinaldo%20de%20Fiestas%20Patrias%20del%20IPS' aria-hidden='false' data-av_icon='\ue8f3' data-av_iconfont='entypo-fontello' title='' data-avia-related-tooltip='Compartir en Facebook' rel=\"noopener\"><span class='avia_hidden_link_text'>Compartir en Facebook<\/span><\/a><\/li><li class='av-share-link av-social-link-twitter' ><a target=\"_blank\" aria-label=\"Compartir en Twitter\" href='https:\/\/twitter.com\/share?text=Cerca%20de%206%20mil%20familias%20ayseninas%20ya%20recibieron%20el%20aguinaldo%20de%20Fiestas%20Patrias%20del%20IPS&#038;url=https:\/\/radiorevelacionfm.cl\/?p=21885' aria-hidden='false' data-av_icon='\ue8f1' data-av_iconfont='entypo-fontello' title='' data-avia-related-tooltip='Compartir en Twitter' rel=\"noopener\"><span class='avia_hidden_link_text'>Compartir en Twitter<\/span><\/a><\/li><li class='av-share-link av-social-link-whatsapp' ><a target=\"_blank\" aria-label=\"Compartir en Whatsapp\" href='https:\/\/api.whatsapp.com\/send?text=https:\/\/radiorevelacionfm.cl\/?p=21885' aria-hidden='false' data-av_icon='\uf232' data-av_iconfont='entypo-fontello' title='' data-avia-related-tooltip='Compartir en Whatsapp' rel=\"noopener\"><span class='avia_hidden_link_text'>Compartir en Whatsapp<\/span><\/a><\/li><li class='av-share-link av-social-link-linkedin' ><a target=\"_blank\" aria-label=\"Compartir en LinkedIn\" href='https:\/\/linkedin.com\/shareArticle?mini=true&#038;title=Cerca%20de%206%20mil%20familias%20ayseninas%20ya%20recibieron%20el%20aguinaldo%20de%20Fiestas%20Patrias%20del%20IPS&#038;url=https:\/\/radiorevelacionfm.cl\/?p=21885' aria-hidden='false' data-av_icon='\ue8fc' data-av_iconfont='entypo-fontello' title='' data-avia-related-tooltip='Compartir en LinkedIn' rel=\"noopener\"><span class='avia_hidden_link_text'>Compartir en LinkedIn<\/span><\/a><\/li><li class='av-share-link av-social-link-mail' ><a  aria-label=\"Compartir por correo\" href='mailto:?subject=Cerca%20de%206%20mil%20familias%20ayseninas%20ya%20recibieron%20el%20aguinaldo%20de%20Fiestas%20Patrias%20del%20IPS&#038;body=https:\/\/radiorevelacionfm.cl\/?p=21885' aria-hidden='false' data-av_icon='\ue805' data-av_iconfont='entypo-fontello' title='' data-avia-related-tooltip='Compartir por correo'><span class='avia_hidden_link_text'>Compartir por correo<\/span><\/a><\/li><\/ul><\/div><\/div>\n<div  style='height:50px' class='hr hr-invisible   avia-builder-el-8  el_after_av_social_share  el_before_av_comments_list '><span class='hr-inner ' ><span class='hr-inner-style'><\/span><\/span><\/div>\n<div  class='av-buildercomment  av-blog-meta-html-info-disabled av-blog-meta-tag-disabled  '><\/div>\n","protected":false},"excerpt":{"rendered":"","protected":false},"author":1,"featured_media":21886,"comment_status":"open","ping_status":"open","sticky":false,"template":"","format":"standard","meta":{"footnotes":""},"categories":[38],"tags":[],"class_list":["post-21885","post","type-post","status-publish","format-standard","has-post-thumbnail","hentry","category-regional"],"jetpack_featured_media_url":"https:\/\/radiorevelacionfm.cl\/wp-content\/uploads\/2022\/09\/IPS_ChileAtiende_sept2022-1-1.jpg","_links":{"self":[{"href":"https:\/\/radiorevelacionfm.cl\/index.php?rest_route=\/wp\/v2\/posts\/21885","targetHints":{"allow":["GET"]}}],"collection":[{"href":"https:\/\/radiorevelacionfm.cl\/index.php?rest_route=\/wp\/v2\/posts"}],"about":[{"href":"https:\/\/radiorevelacionfm.cl\/index.php?rest_route=\/wp\/v2\/types\/post"}],"author":[{"embeddable":true,"href":"https:\/\/radiorevelacionfm.cl\/index.php?rest_route=\/wp\/v2\/users\/1"}],"replies":[{"embeddable":true,"href":"https:\/\/radiorevelacionfm.cl\/index.php?rest_route=%2Fwp%2Fv2%2Fcomments&post=21885"}],"version-history":[{"count":3,"href":"https:\/\/radiorevelacionfm.cl\/index.php?rest_route=\/wp\/v2\/posts\/21885\/revisions"}],"predecessor-version":[{"id":21906,"href":"https:\/\/radiorevelacionfm.cl\/index.php?rest_route=\/wp\/v2\/posts\/21885\/revisions\/21906"}],"wp:featuredmedia":[{"embeddable":true,"href":"https:\/\/radiorevelacionfm.cl\/index.php?rest_route=\/wp\/v2\/media\/21886"}],"wp:attachment":[{"href":"https:\/\/radiorevelacionfm.cl\/index.php?rest_route=%2Fwp%2Fv2%2Fmedia&parent=21885"}],"wp:term":[{"taxonomy":"category","embeddable":true,"href":"https:\/\/radiorevelacionfm.cl\/index.php?rest_route=%2Fwp%2Fv2%2Fcategories&post=21885"},{"taxonomy":"post_tag","embeddable":true,"href":"https:\/\/radiorevelacionfm.cl\/index.php?rest_route=%2Fwp%2Fv2%2Ftags&post=21885"}],"curies":[{"name":"wp","href":"https:\/\/api.w.org\/{rel}","templated":true}]}}