{"id":21881,"date":"2022-09-16T10:41:17","date_gmt":"2022-09-16T13:41:17","guid":{"rendered":"https:\/\/radiorevelacionfm.cl\/?p=21881"},"modified":"2022-09-16T10:41:17","modified_gmt":"2022-09-16T13:41:17","slug":"dia-de-la-alfabetizacion-y-educacion-de-jovenes-y-adultos-fue-resaltado-con-un-acto-artistico-cultural-en-coyhaique","status":"publish","type":"post","link":"https:\/\/radiorevelacionfm.cl\/?p=21881","title":{"rendered":"D\u00eda de la Alfabetizaci\u00f3n y Educaci\u00f3n de J\u00f3venes y Adultos fue resaltado con un acto art\u00edstico cultural en Coyhaique"},"content":{"rendered":"<div class=\"flex_column av_one_full  flex_column_div av-zero-column-padding first  avia-builder-el-0  el_before_av_one_full  avia-builder-el-first  \" style='border-radius:0px; '><div  class='avia-image-container  av-styling-    avia-builder-el-1  avia-builder-el-no-sibling  avia-align-center '  itemprop=\"image\" itemscope=\"itemscope\" itemtype=\"https:\/\/schema.org\/ImageObject\"  ><div class='avia-image-container-inner'><div class='avia-image-overlay-wrap'><img decoding=\"async\" class='wp-image-21882 avia-img-lazy-loading-not-21882 avia_image' src=\"https:\/\/radiorevelacionfm.cl\/wp-content\/uploads\/2022\/09\/ceremonia-alfabetizacion_05-1_optimized.jpg\" alt='' title='ceremonia-alfabetizacion_05-(1)_optimized' height=\"600\" width=\"800\"  itemprop=\"thumbnailUrl\" srcset=\"https:\/\/radiorevelacionfm.cl\/wp-content\/uploads\/2022\/09\/ceremonia-alfabetizacion_05-1_optimized.jpg 800w, https:\/\/radiorevelacionfm.cl\/wp-content\/uploads\/2022\/09\/ceremonia-alfabetizacion_05-1_optimized-300x225.jpg 300w, https:\/\/radiorevelacionfm.cl\/wp-content\/uploads\/2022\/09\/ceremonia-alfabetizacion_05-1_optimized-768x576.jpg 768w, https:\/\/radiorevelacionfm.cl\/wp-content\/uploads\/2022\/09\/ceremonia-alfabetizacion_05-1_optimized-705x529.jpg 705w, https:\/\/radiorevelacionfm.cl\/wp-content\/uploads\/2022\/09\/ceremonia-alfabetizacion_05-1_optimized-600x450.jpg 600w\" sizes=\"(max-width: 800px) 100vw, 800px\" \/><\/div><\/div><\/div><\/div><div class=\"flex_column av_one_full  flex_column_div av-zero-column-padding first  avia-builder-el-2  el_after_av_one_full  el_before_av_one_full  column-top-margin\" style='border-radius:0px; '><section class=\"av_textblock_section \"  itemscope=\"itemscope\" itemtype=\"https:\/\/schema.org\/BlogPosting\" itemprop=\"blogPost\" ><div class='avia_textblock  '   itemprop=\"text\" ><p style=\"text-align: center;\"><span style=\"font-size: 18pt;\"><b>D\u00eda de la Alfabetizaci\u00f3n y Educaci\u00f3n de J\u00f3venes y Adultos fue resaltado con un acto art\u00edstico cultural en Coyhaique<\/b><\/span><\/p>\n<div id=\"gtx-trans\" style=\"position: absolute; left: -50px; top: 4.31534px;\">\n<div class=\"gtx-trans-icon\"><\/div>\n<\/div>\n<\/div><\/section><\/div><div class=\"flex_column av_one_full  flex_column_div av-zero-column-padding first  avia-builder-el-4  el_after_av_one_full  el_before_av_hr  column-top-margin\" style='border-radius:0px; '><section class=\"av_textblock_section \"  itemscope=\"itemscope\" itemtype=\"https:\/\/schema.org\/BlogPosting\" itemprop=\"blogPost\" ><div class='avia_textblock  '   itemprop=\"text\" ><p class=\"v1MsoNormal\" style=\"text-align: justify;\">Con una emotiva y colorida\u00a0 ceremonia desarrollada en el Centro Cultural de Coyhaique, la Secretar\u00eda Regional Ministerial de Educaci\u00f3n de Ays\u00e9n celebr\u00f3 el D\u00eda Internacional de la Alfabetizaci\u00f3n y el D\u00eda Nacional de la Educaci\u00f3n de Personas J\u00f3venes y Adultas<\/p>\n<p class=\"v1MsoNormal\" style=\"text-align: justify;\">El encuentro art\u00edstico cultural cont\u00f3 con la presencia del Delegado Presidencial Regional de Ays\u00e9n Rodrigo Araya Morales, la Seremi de Educaci\u00f3n Isabel Garrido Casassa y tambi\u00e9n participaron estudiantes, directores\u00a0 y profesores de los establecimientos que imparten Educaci\u00f3n de Adultos: CEIA Josefina M\u00e9ndez, Instituto Popular de Ays\u00e9n IPA, CEIA Municipal de Coyhaique, Colegio Trapananda y tambi\u00e9n monitores e integrantes de grupos\u00a0 de Alfabetizaci\u00f3n de la comuna de Coyhaique.<\/p>\n<p class=\"v1MsoNormal\" style=\"text-align: justify;\">La m\u00fasica, teatro y danza dieron el marco art\u00edstico a esta ceremonia, en la que se reafirm\u00f3 con fuerza el derecho a estudiar en cualquier etapa de la vida. Se present\u00f3 l<span lang=\"ES\">a Orquesta de C\u00e1mara integrada por estudiantes del Centro de Educaci\u00f3n Integrada de Adultos, Municipal de Coyhaique, la Compa\u00f1\u00eda de Teatro\u00a0 Austral, el titiritero Dami\u00e1n Ant\u00edguez con su marioneta Don Vivenciolo, y la presentaci\u00f3n en danza de A<\/span><span lang=\"es-419\">strid Aguilar, Carolina, C\u00e1ceres y Mar\u00eda Jos\u00e9 Vivero.\u00a0<\/span><span lang=\"ES\">Tambi\u00e9n durante estes espacio de celebraci\u00f3n\u00a0 resonaron las palabras del educador popular Paulo Freire quien expres\u00f3: \u201cLa Educaci\u00f3n no cambia al mundo, cambia a las personas que van a cambiar el mundo\u201d, \u201cTodos nosotros sabemos algo.\u00a0Todos nosotros ignoramos algo. Por eso, aprendemos siempre\u201d, \u201cAlfabetizarse no es aprender a repetir palabras, sino a decir su palabra\u201d.<\/span><\/p>\n<p class=\"v1MsoNormal\" style=\"text-align: justify;\"><span lang=\"ES\">La ceremonia concluy\u00f3 con un pie de cueca a cargo de una pareja de estudiantes de Tercera Jornada del Liceo Juan Pablo II de la capital regional. Las autoridades presentes conversaron con los estudiantes de grupos de alfabetizaci\u00f3n y CEIAs\u00a0 y reafirmaron el compromiso del gobierno con la educaci\u00f3n de adultos.<\/span><\/p>\n<p class=\"v1MsoNormal\" style=\"text-align: justify;\"><span lang=\"ES\">\u201cComo integrantes del gobierno del Presidente Gabriel Boric nos sumamos a esta celebraci\u00f3n que pone de relieve la importancia de\u00a0 seguir aportando desde la institucionalidad p\u00fablica, desde el Estado las oportunidades para que los j\u00f3venes y adultos terminen su proceso educativo, que por distintos motivos se han visto interrumpidos; maternidad, trabajo,\u00a0 aislamiento, o por necesidades educativas que no fueron atendidas oportunamente por los establecimientos educacionales. A nosotros nos corresponde crear comunidad y atender las necesidades y requerimientos en educaci\u00f3n. Nuestro compromiso es seguir trabajando para que est\u00e9n las oportunidades y que toda la poblaci\u00f3n tenga la educaci\u00f3n que necesita y merece\u201d, se\u00f1al\u00f3 el Delegado Presidencial Regional Rodrigo Araya.<\/span><\/p>\n<p class=\"v1MsoNormal\" style=\"text-align: justify;\"><span lang=\"ES\">Por su parte, la Seremi de Educaci\u00f3n Isabel Garrido expres\u00f3 \u201cHoy estamos conmemorando y celebrando junto a los establecimientos educativos y grupos de alfabetizaci\u00f3n. Esta es una fecha muy significativa y como gobierno reafirmamos nuestro compromiso con el derecho a la educaci\u00f3n, especialmente el de aquellas personas que se han visto postergadas y a quienes nuestro sistema educativo no ha acogido como corresponde. En la educaci\u00f3n de adultos las personas encuentran un espacio para desarrollarse al ritmo que les acomoda y corresponde, pudiendo conciliar los estudios con la vida laboral y familiar. Felicitamos a los establecimientos educacionales que se han puesto como meta acoger a estos estudiantes para entregarles educaci\u00f3n digna y de calidad\u201d.<\/span><\/p>\n<p class=\"v1MsoNormal\" style=\"text-align: justify;\"><span lang=\"ES\">Paola C\u00e1rdenas, estudiante del Colegio Trapananda de Coyhaique valor\u00f3 la oportunidad de completar sus estudios. \u201cEsta ha sido una nueva experiencia para mi que me ha permitido terminar un ciclo, porque son muchos a\u00f1os sin estudiar. Me decid\u00ed y aqu\u00ed estoy y gracias a Dios me ha ido bien, estoy en un buen colegio, mi profesor ha tenido paciencia para ense\u00f1arme y ha sido un proceso muy bonito\u201d.<\/span><\/p>\n<p class=\"v1MsoNormal\" style=\"text-align: justify;\"><span lang=\"ES\">Camila Barr\u00eda, estudiante de pedagog\u00eda y monitora de un grupo de alfabetizaci\u00f3n de Coyhaique comparti\u00f3 su experiencia ense\u00f1ando a adultos. \u201cComenc\u00e9 este a\u00f1o como monitora, actualmente estoy con tres estudiantes y ha sido un gran aprendizaje para m\u00ed. Me ha dado otra perspectiva del rol de educador y he podido\u00a0 mirar realidades que a simple vista uno no ve. Es un trabajo muy bonito el que se da dentro del grupo de Alfabetizaci\u00f3n\u201d.<\/span><\/p>\n<\/div><\/section><\/div><div  style='height:50px' class='hr hr-invisible   avia-builder-el-6  el_after_av_one_full  el_before_av_social_share '><span class='hr-inner ' ><span class='hr-inner-style'><\/span><\/span><\/div><\/p>\n<div  class='av-social-sharing-box  avia-builder-el-7  el_after_av_hr  el_before_av_hr  '><div class='av-share-box'><h5 class='av-share-link-description av-no-toc '>Compartir esta noticia<\/h5><ul class='av-share-box-list noLightbox'><li class='av-share-link av-social-link-facebook' ><a target=\"_blank\" aria-label=\"Compartir en Facebook\" href='https:\/\/www.facebook.com\/sharer.php?u=https:\/\/radiorevelacionfm.cl\/?p=21881&#038;t=D%C3%ADa%20de%20la%20Alfabetizaci%C3%B3n%20y%20Educaci%C3%B3n%20de%20J%C3%B3venes%20y%20Adultos%20fue%20resaltado%20con%20un%20acto%20art%C3%ADstico%20cultural%20en%20Coyhaique' aria-hidden='false' data-av_icon='\ue8f3' data-av_iconfont='entypo-fontello' title='' data-avia-related-tooltip='Compartir en Facebook' rel=\"noopener\"><span class='avia_hidden_link_text'>Compartir en Facebook<\/span><\/a><\/li><li class='av-share-link av-social-link-twitter' ><a target=\"_blank\" aria-label=\"Compartir en Twitter\" href='https:\/\/twitter.com\/share?text=D%C3%ADa%20de%20la%20Alfabetizaci%C3%B3n%20y%20Educaci%C3%B3n%20de%20J%C3%B3venes%20y%20Adultos%20fue%20resaltado%20con%20un%20acto%20art%C3%ADstico%20cultural%20en%20Coyhaique&#038;url=https:\/\/radiorevelacionfm.cl\/?p=21881' aria-hidden='false' data-av_icon='\ue8f1' data-av_iconfont='entypo-fontello' title='' data-avia-related-tooltip='Compartir en Twitter' rel=\"noopener\"><span class='avia_hidden_link_text'>Compartir en Twitter<\/span><\/a><\/li><li class='av-share-link av-social-link-whatsapp' ><a target=\"_blank\" aria-label=\"Compartir en Whatsapp\" href='https:\/\/api.whatsapp.com\/send?text=https:\/\/radiorevelacionfm.cl\/?p=21881' aria-hidden='false' data-av_icon='\uf232' data-av_iconfont='entypo-fontello' title='' data-avia-related-tooltip='Compartir en Whatsapp' rel=\"noopener\"><span class='avia_hidden_link_text'>Compartir en Whatsapp<\/span><\/a><\/li><li class='av-share-link av-social-link-linkedin' ><a target=\"_blank\" aria-label=\"Compartir en LinkedIn\" href='https:\/\/linkedin.com\/shareArticle?mini=true&#038;title=D%C3%ADa%20de%20la%20Alfabetizaci%C3%B3n%20y%20Educaci%C3%B3n%20de%20J%C3%B3venes%20y%20Adultos%20fue%20resaltado%20con%20un%20acto%20art%C3%ADstico%20cultural%20en%20Coyhaique&#038;url=https:\/\/radiorevelacionfm.cl\/?p=21881' aria-hidden='false' data-av_icon='\ue8fc' data-av_iconfont='entypo-fontello' title='' data-avia-related-tooltip='Compartir en LinkedIn' rel=\"noopener\"><span class='avia_hidden_link_text'>Compartir en LinkedIn<\/span><\/a><\/li><li class='av-share-link av-social-link-mail' ><a  aria-label=\"Compartir por correo\" href='mailto:?subject=D%C3%ADa%20de%20la%20Alfabetizaci%C3%B3n%20y%20Educaci%C3%B3n%20de%20J%C3%B3venes%20y%20Adultos%20fue%20resaltado%20con%20un%20acto%20art%C3%ADstico%20cultural%20en%20Coyhaique&#038;body=https:\/\/radiorevelacionfm.cl\/?p=21881' aria-hidden='false' data-av_icon='\ue805' data-av_iconfont='entypo-fontello' title='' data-avia-related-tooltip='Compartir por correo'><span class='avia_hidden_link_text'>Compartir por correo<\/span><\/a><\/li><\/ul><\/div><\/div>\n<div  style='height:50px' class='hr hr-invisible   avia-builder-el-8  el_after_av_social_share  el_before_av_comments_list '><span class='hr-inner ' ><span class='hr-inner-style'><\/span><\/span><\/div>\n<div  class='av-buildercomment  av-blog-meta-html-info-disabled av-blog-meta-tag-disabled  '><\/div>\n","protected":false},"excerpt":{"rendered":"","protected":false},"author":1,"featured_media":21882,"comment_status":"open","ping_status":"open","sticky":false,"template":"","format":"standard","meta":{"footnotes":""},"categories":[49],"tags":[],"class_list":["post-21881","post","type-post","status-publish","format-standard","has-post-thumbnail","hentry","category-educacion"],"jetpack_featured_media_url":"https:\/\/radiorevelacionfm.cl\/wp-content\/uploads\/2022\/09\/ceremonia-alfabetizacion_05-1_optimized.jpg","_links":{"self":[{"href":"https:\/\/radiorevelacionfm.cl\/index.php?rest_route=\/wp\/v2\/posts\/21881","targetHints":{"allow":["GET"]}}],"collection":[{"href":"https:\/\/radiorevelacionfm.cl\/index.php?rest_route=\/wp\/v2\/posts"}],"about":[{"href":"https:\/\/radiorevelacionfm.cl\/index.php?rest_route=\/wp\/v2\/types\/post"}],"author":[{"embeddable":true,"href":"https:\/\/radiorevelacionfm.cl\/index.php?rest_route=\/wp\/v2\/users\/1"}],"replies":[{"embeddable":true,"href":"https:\/\/radiorevelacionfm.cl\/index.php?rest_route=%2Fwp%2Fv2%2Fcomments&post=21881"}],"version-history":[{"count":2,"href":"https:\/\/radiorevelacionfm.cl\/index.php?rest_route=\/wp\/v2\/posts\/21881\/revisions"}],"predecessor-version":[{"id":21912,"href":"https:\/\/radiorevelacionfm.cl\/index.php?rest_route=\/wp\/v2\/posts\/21881\/revisions\/21912"}],"wp:featuredmedia":[{"embeddable":true,"href":"https:\/\/radiorevelacionfm.cl\/index.php?rest_route=\/wp\/v2\/media\/21882"}],"wp:attachment":[{"href":"https:\/\/radiorevelacionfm.cl\/index.php?rest_route=%2Fwp%2Fv2%2Fmedia&parent=21881"}],"wp:term":[{"taxonomy":"category","embeddable":true,"href":"https:\/\/radiorevelacionfm.cl\/index.php?rest_route=%2Fwp%2Fv2%2Fcategories&post=21881"},{"taxonomy":"post_tag","embeddable":true,"href":"https:\/\/radiorevelacionfm.cl\/index.php?rest_route=%2Fwp%2Fv2%2Ftags&post=21881"}],"curies":[{"name":"wp","href":"https:\/\/api.w.org\/{rel}","templated":true}]}}