{"id":21878,"date":"2022-09-16T11:51:21","date_gmt":"2022-09-16T14:51:21","guid":{"rendered":"https:\/\/radiorevelacionfm.cl\/?p=21878"},"modified":"2022-09-16T11:51:21","modified_gmt":"2022-09-16T14:51:21","slug":"empresas-digitalizadas-comienzan-a-prepararse-para-actividades-de-fiestas-patrias-en-coyhaique","status":"publish","type":"post","link":"https:\/\/radiorevelacionfm.cl\/?p=21878","title":{"rendered":"Empresas digitalizadas comienzan a prepararse para actividades de Fiestas Patrias en Coyhaique"},"content":{"rendered":"<div class=\"flex_column av_one_full  flex_column_div av-zero-column-padding first  avia-builder-el-0  el_before_av_one_full  avia-builder-el-first  \" style='border-radius:0px; '><div  class='avia-image-container  av-styling-    avia-builder-el-1  avia-builder-el-no-sibling  avia-align-center '  itemprop=\"image\" itemscope=\"itemscope\" itemtype=\"https:\/\/schema.org\/ImageObject\"  ><div class='avia-image-container-inner'><div class='avia-image-overlay-wrap'><img decoding=\"async\" class='wp-image-21879 avia-img-lazy-loading-not-21879 avia_image' src=\"https:\/\/radiorevelacionfm.cl\/wp-content\/uploads\/2022\/09\/image-87-1.jpg\" alt='' title='image (87) (1)' height=\"600\" width=\"780\"  itemprop=\"thumbnailUrl\" srcset=\"https:\/\/radiorevelacionfm.cl\/wp-content\/uploads\/2022\/09\/image-87-1.jpg 780w, https:\/\/radiorevelacionfm.cl\/wp-content\/uploads\/2022\/09\/image-87-1-300x231.jpg 300w, https:\/\/radiorevelacionfm.cl\/wp-content\/uploads\/2022\/09\/image-87-1-768x591.jpg 768w, https:\/\/radiorevelacionfm.cl\/wp-content\/uploads\/2022\/09\/image-87-1-705x542.jpg 705w, https:\/\/radiorevelacionfm.cl\/wp-content\/uploads\/2022\/09\/image-87-1-600x462.jpg 600w\" sizes=\"(max-width: 780px) 100vw, 780px\" \/><\/div><\/div><\/div><\/div><div class=\"flex_column av_one_full  flex_column_div av-zero-column-padding first  avia-builder-el-2  el_after_av_one_full  el_before_av_one_full  column-top-margin\" style='border-radius:0px; '><section class=\"av_textblock_section \"  itemscope=\"itemscope\" itemtype=\"https:\/\/schema.org\/BlogPosting\" itemprop=\"blogPost\" ><div class='avia_textblock  '   itemprop=\"text\" ><p style=\"text-align: center;\"><strong><span style=\"font-size: 18pt;\">Empresas digitalizadas comienzan a prepararse para actividades de Fiestas Patrias en Coyhaique<\/span><\/strong><\/p>\n<div id=\"gtx-trans\" style=\"position: absolute; left: -50px; top: 4.31534px;\">\n<div class=\"gtx-trans-icon\"><\/div>\n<\/div>\n<\/div><\/section><\/div><div class=\"flex_column av_one_full  flex_column_div av-zero-column-padding first  avia-builder-el-4  el_after_av_one_full  el_before_av_hr  column-top-margin\" style='border-radius:0px; '><section class=\"av_textblock_section \"  itemscope=\"itemscope\" itemtype=\"https:\/\/schema.org\/BlogPosting\" itemprop=\"blogPost\" ><div class='avia_textblock  '   itemprop=\"text\" ><p class=\"v1MsoNormal\" style=\"text-align: justify;\">Novedades en gastronom\u00eda gourmet, paquetes tur\u00edsticos y deporte se activan para la semana de festividad este 18 de septiembre, donde gracias a las distintas herramientas de digitalizaci\u00f3n, tales como redes sociales, prensa digital, entre otras, las pymes de la regi\u00f3n, difunden las actividades que tendr\u00e1n en el marco de las festividades y se preparan para recibir clientes y as\u00ed abrir paso a una nueva temporada primavera-verano dentro de la regi\u00f3n de Ays\u00e9n.<\/p>\n<p class=\"v1MsoNormal\" style=\"text-align: justify;\">As\u00ed es el caso de Coyhaique Deportes, que con el nombre \u00abCoyhaique MTB Race\u00bb se encuentra organizando una jornada de competencia en bicicleta para las familias de la capital regional durante el fin de semana, la cual cuenta con inscripci\u00f3n y tendr\u00e1 distintas modalidades para que todos puedan participar de este deporte, y es principalmente a la estrategia digital que adoptaron, que hoy d\u00eda cuentan con m\u00e1s de 80 inscritos para la carrera del d\u00eda domingo. Frente a ello, Rafael D\u00edaz director de la carrera destac\u00f3 \u00abes una carrera de ciclismo de monta\u00f1a que se va a realizar el s\u00e1bado 17 para ni\u00f1os, donde la inscripci\u00f3n es totalmente gratuita y el d\u00eda domingo 18 para los adultos, donde se recorrer\u00e1 lugares t\u00edpicos de Coyhaique y que incluir\u00e1 diferentes categor\u00edas en distancia. A\u00fan hay cupos disponibles para el d\u00eda domingo donde incentivamos a que participen j\u00f3venes desde los 14 hasta 60 a\u00f1os y m\u00e1s\u00bb.<\/p>\n<p class=\"v1MsoNormal\" style=\"text-align: justify;\">Para el caso del rubro gastron\u00f3mico Ra\u00edces Beer&amp;food, Casa Cipr\u00e9s, Ancestral Cocina, entre otros, se preparan con diversas novedades para recibir a sus visitantes donde tendr\u00e1n variados men\u00fas con platos t\u00edpicos chilenos, y es justamente la presencia digital lo que hoy les permite llegar a clientes tanto de la ciudad como de la regi\u00f3n, pudiendo dar a conocer los servicios y experiencias que ofrecen, de manera anticipada, atrayendo al cliente a que los visiten en estas festividades.<\/p>\n<p class=\"v1MsoNormal\" style=\"text-align: justify;\">Por otra parte, actividades tur\u00edsticas tambi\u00e9n se encuentran disponibles para la comunidad, donde pymes como Alto Murta y Eco Rutas Patag\u00f3nicas, ofrecen variadas opciones para disfrutar de los paisajes y cultura t\u00edpica.<\/p>\n<p class=\"v1MsoNormal\" style=\"text-align: justify;\">De acuerdo con ello, Mat\u00edas Broussaingaray gerente de Fpyme destac\u00f3 \u00abHoy en d\u00eda, cuando las opciones son muy variadas a la hora de elegir qu\u00e9 hacer para estas fiestas, es fundamental poder transmitir la experiencia y sensaciones que generan todas estas pymes con sus servicios y\/o productos, y ah\u00ed es cuando los canales digitales como las redes sociales, pasan a cumplir un rol fundamental a la hora de poder transmitir estas, y as\u00ed poder cautivar e invitar desde antes, a los clientes.<b><\/b><\/p>\n<p class=\"v1MsoNormal\" style=\"text-align: justify;\">En Fpyme Ays\u00e9n, contamos con la posibilidad de asesorar y apoyar a todas las empresas y emprendedores que necesiten de estos servicios\u00bb.<\/p>\n<div style=\"text-align: justify;\">Para conocer m\u00e1s sobre el programa de Fortalecimiento Digital para Pymes, te invitamos a participar de la etapa inicial de Diagn\u00f3stico en\u00a0<a href=\"http:\/\/www.fpymeaysen.cl\/\" target=\"_blank\" rel=\"noopener noreferrer\">www.fpymeaysen.cl<\/a>. B\u00fascanos tambi\u00e9n en Redes Sociales de Instagram y Facebook como Fpyme_aysen, donde encontrar\u00e1s informaci\u00f3n \u00fatil para tu negocio.<\/div>\n<\/div><\/section><\/div><div  style='height:50px' class='hr hr-invisible   avia-builder-el-6  el_after_av_one_full  el_before_av_social_share '><span class='hr-inner ' ><span class='hr-inner-style'><\/span><\/span><\/div><\/p>\n<div  class='av-social-sharing-box  avia-builder-el-7  el_after_av_hr  el_before_av_hr  '><div class='av-share-box'><h5 class='av-share-link-description av-no-toc '>Compartir esta noticia<\/h5><ul class='av-share-box-list noLightbox'><li class='av-share-link av-social-link-facebook' ><a target=\"_blank\" aria-label=\"Compartir en Facebook\" href='https:\/\/www.facebook.com\/sharer.php?u=https:\/\/radiorevelacionfm.cl\/?p=21878&#038;t=Empresas%20digitalizadas%20comienzan%20a%20prepararse%20para%20actividades%20de%20Fiestas%20Patrias%20en%20Coyhaique' aria-hidden='false' data-av_icon='\ue8f3' data-av_iconfont='entypo-fontello' title='' data-avia-related-tooltip='Compartir en Facebook' rel=\"noopener\"><span class='avia_hidden_link_text'>Compartir en Facebook<\/span><\/a><\/li><li class='av-share-link av-social-link-twitter' ><a target=\"_blank\" aria-label=\"Compartir en Twitter\" href='https:\/\/twitter.com\/share?text=Empresas%20digitalizadas%20comienzan%20a%20prepararse%20para%20actividades%20de%20Fiestas%20Patrias%20en%20Coyhaique&#038;url=https:\/\/radiorevelacionfm.cl\/?p=21878' aria-hidden='false' data-av_icon='\ue8f1' data-av_iconfont='entypo-fontello' title='' data-avia-related-tooltip='Compartir en Twitter' rel=\"noopener\"><span class='avia_hidden_link_text'>Compartir en Twitter<\/span><\/a><\/li><li class='av-share-link av-social-link-whatsapp' ><a target=\"_blank\" aria-label=\"Compartir en Whatsapp\" href='https:\/\/api.whatsapp.com\/send?text=https:\/\/radiorevelacionfm.cl\/?p=21878' aria-hidden='false' data-av_icon='\uf232' data-av_iconfont='entypo-fontello' title='' data-avia-related-tooltip='Compartir en Whatsapp' rel=\"noopener\"><span class='avia_hidden_link_text'>Compartir en Whatsapp<\/span><\/a><\/li><li class='av-share-link av-social-link-linkedin' ><a target=\"_blank\" aria-label=\"Compartir en LinkedIn\" href='https:\/\/linkedin.com\/shareArticle?mini=true&#038;title=Empresas%20digitalizadas%20comienzan%20a%20prepararse%20para%20actividades%20de%20Fiestas%20Patrias%20en%20Coyhaique&#038;url=https:\/\/radiorevelacionfm.cl\/?p=21878' aria-hidden='false' data-av_icon='\ue8fc' data-av_iconfont='entypo-fontello' title='' data-avia-related-tooltip='Compartir en LinkedIn' rel=\"noopener\"><span class='avia_hidden_link_text'>Compartir en LinkedIn<\/span><\/a><\/li><li class='av-share-link av-social-link-mail' ><a  aria-label=\"Compartir por correo\" href='mailto:?subject=Empresas%20digitalizadas%20comienzan%20a%20prepararse%20para%20actividades%20de%20Fiestas%20Patrias%20en%20Coyhaique&#038;body=https:\/\/radiorevelacionfm.cl\/?p=21878' aria-hidden='false' data-av_icon='\ue805' data-av_iconfont='entypo-fontello' title='' data-avia-related-tooltip='Compartir por correo'><span class='avia_hidden_link_text'>Compartir por correo<\/span><\/a><\/li><\/ul><\/div><\/div>\n<div  style='height:50px' class='hr hr-invisible   avia-builder-el-8  el_after_av_social_share  el_before_av_comments_list '><span class='hr-inner ' ><span class='hr-inner-style'><\/span><\/span><\/div>\n<div  class='av-buildercomment  av-blog-meta-html-info-disabled av-blog-meta-tag-disabled  '><\/div>\n","protected":false},"excerpt":{"rendered":"","protected":false},"author":1,"featured_media":21879,"comment_status":"open","ping_status":"open","sticky":false,"template":"","format":"standard","meta":{"footnotes":""},"categories":[45],"tags":[],"class_list":["post-21878","post","type-post","status-publish","format-standard","has-post-thumbnail","hentry","category-comercio"],"jetpack_featured_media_url":"https:\/\/radiorevelacionfm.cl\/wp-content\/uploads\/2022\/09\/image-87-1.jpg","_links":{"self":[{"href":"https:\/\/radiorevelacionfm.cl\/index.php?rest_route=\/wp\/v2\/posts\/21878","targetHints":{"allow":["GET"]}}],"collection":[{"href":"https:\/\/radiorevelacionfm.cl\/index.php?rest_route=\/wp\/v2\/posts"}],"about":[{"href":"https:\/\/radiorevelacionfm.cl\/index.php?rest_route=\/wp\/v2\/types\/post"}],"author":[{"embeddable":true,"href":"https:\/\/radiorevelacionfm.cl\/index.php?rest_route=\/wp\/v2\/users\/1"}],"replies":[{"embeddable":true,"href":"https:\/\/radiorevelacionfm.cl\/index.php?rest_route=%2Fwp%2Fv2%2Fcomments&post=21878"}],"version-history":[{"count":2,"href":"https:\/\/radiorevelacionfm.cl\/index.php?rest_route=\/wp\/v2\/posts\/21878\/revisions"}],"predecessor-version":[{"id":21914,"href":"https:\/\/radiorevelacionfm.cl\/index.php?rest_route=\/wp\/v2\/posts\/21878\/revisions\/21914"}],"wp:featuredmedia":[{"embeddable":true,"href":"https:\/\/radiorevelacionfm.cl\/index.php?rest_route=\/wp\/v2\/media\/21879"}],"wp:attachment":[{"href":"https:\/\/radiorevelacionfm.cl\/index.php?rest_route=%2Fwp%2Fv2%2Fmedia&parent=21878"}],"wp:term":[{"taxonomy":"category","embeddable":true,"href":"https:\/\/radiorevelacionfm.cl\/index.php?rest_route=%2Fwp%2Fv2%2Fcategories&post=21878"},{"taxonomy":"post_tag","embeddable":true,"href":"https:\/\/radiorevelacionfm.cl\/index.php?rest_route=%2Fwp%2Fv2%2Ftags&post=21878"}],"curies":[{"name":"wp","href":"https:\/\/api.w.org\/{rel}","templated":true}]}}