{"id":21870,"date":"2022-09-15T15:21:25","date_gmt":"2022-09-15T18:21:25","guid":{"rendered":"https:\/\/radiorevelacionfm.cl\/?p=21870"},"modified":"2022-09-15T15:21:25","modified_gmt":"2022-09-15T18:21:25","slug":"dos-profesoras-de-la-region-de-aysen-son-semifinalistas-en-el-global-teacher-prize-chile-2022","status":"publish","type":"post","link":"https:\/\/radiorevelacionfm.cl\/?p=21870","title":{"rendered":"Dos profesoras de la regi\u00f3n de Ays\u00e9n son semifinalistas en el Global Teacher Prize Chile 2022"},"content":{"rendered":"<div class=\"flex_column av_one_full  flex_column_div av-zero-column-padding first  avia-builder-el-0  el_before_av_one_full  avia-builder-el-first  \" style='border-radius:0px; '><div  class='avia-image-container  av-styling-    avia-builder-el-1  avia-builder-el-no-sibling  avia-align-center '  itemprop=\"image\" itemscope=\"itemscope\" itemtype=\"https:\/\/schema.org\/ImageObject\"  ><div class='avia-image-container-inner'><div class='avia-image-overlay-wrap'><img decoding=\"async\" class='wp-image-21871 avia-img-lazy-loading-not-21871 avia_image' src=\"https:\/\/radiorevelacionfm.cl\/wp-content\/uploads\/2022\/09\/Nominadas-Teacher-2-1-1.jpg\" alt='' title='Nominadas Teacher (2) (1) (1)' height=\"600\" width=\"1177\"  itemprop=\"thumbnailUrl\" srcset=\"https:\/\/radiorevelacionfm.cl\/wp-content\/uploads\/2022\/09\/Nominadas-Teacher-2-1-1.jpg 1177w, https:\/\/radiorevelacionfm.cl\/wp-content\/uploads\/2022\/09\/Nominadas-Teacher-2-1-1-300x153.jpg 300w, https:\/\/radiorevelacionfm.cl\/wp-content\/uploads\/2022\/09\/Nominadas-Teacher-2-1-1-1030x525.jpg 1030w, https:\/\/radiorevelacionfm.cl\/wp-content\/uploads\/2022\/09\/Nominadas-Teacher-2-1-1-768x392.jpg 768w, https:\/\/radiorevelacionfm.cl\/wp-content\/uploads\/2022\/09\/Nominadas-Teacher-2-1-1-705x359.jpg 705w, https:\/\/radiorevelacionfm.cl\/wp-content\/uploads\/2022\/09\/Nominadas-Teacher-2-1-1-600x306.jpg 600w\" sizes=\"(max-width: 1177px) 100vw, 1177px\" \/><\/div><\/div><\/div><\/div><div class=\"flex_column av_one_full  flex_column_div av-zero-column-padding first  avia-builder-el-2  el_after_av_one_full  el_before_av_one_full  column-top-margin\" style='border-radius:0px; '><section class=\"av_textblock_section \"  itemscope=\"itemscope\" itemtype=\"https:\/\/schema.org\/BlogPosting\" itemprop=\"blogPost\" ><div class='avia_textblock  '   itemprop=\"text\" ><p style=\"text-align: center;\"><strong><span style=\"font-size: 18pt;\">Dos profesoras de la regi\u00f3n de Ays\u00e9n son semifinalistas en el Global Teacher Prize Chile 2022<\/span><\/strong><\/p>\n<div id=\"gtx-trans\" style=\"position: absolute; left: -50px; top: 4.31534px;\">\n<div class=\"gtx-trans-icon\"><\/div>\n<\/div>\n<\/div><\/section><\/div><div class=\"flex_column av_one_full  flex_column_div av-zero-column-padding first  avia-builder-el-4  el_after_av_one_full  el_before_av_hr  column-top-margin\" style='border-radius:0px; '><section class=\"av_textblock_section \"  itemscope=\"itemscope\" itemtype=\"https:\/\/schema.org\/BlogPosting\" itemprop=\"blogPost\" ><div class='avia_textblock  '   itemprop=\"text\" ><p style=\"text-align: justify;\">M\u00e1s de 2500 docentes de todo Chile fueron nominados o postularon este a\u00f1o al Global Teacher Prize Chile. En julio de 2022 se inici\u00f3 el proceso de nominaciones que permiti\u00f3 a la ciudadan\u00eda reconocer la labor y vocaci\u00f3n de profesores y profesoras del pa\u00eds, trabajo que en estos \u00faltimos 3 a\u00f1os se vio inmerso en una pandemia mundial que a\u00fan muestra sus efectos en la comunidad educativa, donde la contenci\u00f3n emocional juega un rol preponderante a la hora de enfrentar nuestra nueva normalidad.<\/p>\n<p>Tras un proceso de minuciosa revisi\u00f3n y evaluaci\u00f3n, 26 docentes de 10 regiones del pa\u00eds\u00a0fueron seleccionados, los que destacaron por su profesionalismo, impacto en el aprendizaje de sus estudiantes, compromiso y su ense\u00f1anza innovadora. Representando las realidades de distintas regiones de Chile, los semifinalistas de este a\u00f1o han implementado formas de ense\u00f1ar diversas, transformando la vida de sus estudiantes y sus comunidades.<\/p>\n<p>Estos docentes se someter\u00e1n a un nuevo proceso de evaluaci\u00f3n que concluir\u00e1 con la elecci\u00f3n de los ocho finalistas de este a\u00f1o \u2013cinco de la categor\u00eda general y tres de la categor\u00eda de m\u00fasica\u2013. El ganador o la ganadora, ser\u00e1 anunciado en la ceremonia de premiaci\u00f3n a finales de noviembre.<\/p>\n<p style=\"text-align: justify;\"><strong>Paula Selene Miranda Lincon &#8211; Escuela R\u00edo Blanco.<\/strong><\/p>\n<p>Semifinalista en la Categor\u00eda General. La profesora Paula Selene trabaja en una escuela multigrado en la austral R\u00edo Blanco, comuna de Coyhaique.<\/p>\n<p>Con la dificultad de un entorno as\u00ed para desarrollar las estrategias educativas, en su trabajo docente destaca el uso de pr\u00e1cticas innovadoras para su contexto educativo.<\/p>\n<p style=\"text-align: justify;\"><strong>Patricia Araya &#8211; Ays\u00e9n, Escuela Ays\u00e9n.<\/strong><\/p>\n<p style=\"text-align: justify;\">Semifinalista en Categor\u00eda M\u00fasica. Tiene 31 a\u00f1os, es concertacionista en clarinete y lleg\u00f3 a la docencia por serendipia. Creci\u00f3 en Coyhaique, en la Patagonia, donde estudiar m\u00fasica o aprender un instrumento era impensado, mucho menos tener la oportunidad de ir a un concierto. Pero era su pasi\u00f3n, por lo que decidi\u00f3 dejar su ciudad natal para perseguir sus sue\u00f1os. Hace 5 a\u00f1os el destino la llev\u00f3 a la Escuela Ays\u00e9n, donde luego de cubrir a un profesor que no pudo asistir a una actividad educativa musical con p\u00e1rvulos, encontr\u00f3 su prop\u00f3sito. \u201cAh\u00ed cambi\u00f3 todo\u201d, asegura.<\/p>\n<p>Ese d\u00eda se dio cuenta de que los peque\u00f1os nunca hab\u00edan visto instrumentos, y no s\u00f3lo los p\u00e1rvulos, alumnos de otros niveles e incluso adultos, tampoco. Decidi\u00f3 quedarse en el establecimiento e inici\u00f3 un trabajo de gesti\u00f3n que le ha permitido crear una verdadera red de orquestas infantiles en la regi\u00f3n. Decidida a romper el paradigma con el que creci\u00f3 \u00a0actualmente 11 establecimientos educacionales tienen su orquesta, con un inter\u00e9s tan alto, que hay listas de espera para poder formar parte del proyecto. \u201cPasamos de tener nada a que los ni\u00f1os puedan hacer m\u00fasica y tocar el instrumento que quieran\u201d, afirma.<\/p>\n<\/div><\/section><\/div><div  style='height:50px' class='hr hr-invisible   avia-builder-el-6  el_after_av_one_full  el_before_av_social_share '><span class='hr-inner ' ><span class='hr-inner-style'><\/span><\/span><\/div><\/p>\n<div  class='av-social-sharing-box  avia-builder-el-7  el_after_av_hr  el_before_av_hr  '><div class='av-share-box'><h5 class='av-share-link-description av-no-toc '>Compartir esta noticia<\/h5><ul class='av-share-box-list noLightbox'><li class='av-share-link av-social-link-facebook' ><a target=\"_blank\" aria-label=\"Compartir en Facebook\" href='https:\/\/www.facebook.com\/sharer.php?u=https:\/\/radiorevelacionfm.cl\/?p=21870&#038;t=Dos%20profesoras%20de%20la%20regi%C3%B3n%20de%20Ays%C3%A9n%20son%20semifinalistas%20en%20el%20Global%20Teacher%20Prize%20Chile%202022' aria-hidden='false' data-av_icon='\ue8f3' data-av_iconfont='entypo-fontello' title='' data-avia-related-tooltip='Compartir en Facebook' rel=\"noopener\"><span class='avia_hidden_link_text'>Compartir en Facebook<\/span><\/a><\/li><li class='av-share-link av-social-link-twitter' ><a target=\"_blank\" aria-label=\"Compartir en Twitter\" href='https:\/\/twitter.com\/share?text=Dos%20profesoras%20de%20la%20regi%C3%B3n%20de%20Ays%C3%A9n%20son%20semifinalistas%20en%20el%20Global%20Teacher%20Prize%20Chile%202022&#038;url=https:\/\/radiorevelacionfm.cl\/?p=21870' aria-hidden='false' data-av_icon='\ue8f1' data-av_iconfont='entypo-fontello' title='' data-avia-related-tooltip='Compartir en Twitter' rel=\"noopener\"><span class='avia_hidden_link_text'>Compartir en Twitter<\/span><\/a><\/li><li class='av-share-link av-social-link-whatsapp' ><a target=\"_blank\" aria-label=\"Compartir en Whatsapp\" href='https:\/\/api.whatsapp.com\/send?text=https:\/\/radiorevelacionfm.cl\/?p=21870' aria-hidden='false' data-av_icon='\uf232' data-av_iconfont='entypo-fontello' title='' data-avia-related-tooltip='Compartir en Whatsapp' rel=\"noopener\"><span class='avia_hidden_link_text'>Compartir en Whatsapp<\/span><\/a><\/li><li class='av-share-link av-social-link-linkedin' ><a target=\"_blank\" aria-label=\"Compartir en LinkedIn\" href='https:\/\/linkedin.com\/shareArticle?mini=true&#038;title=Dos%20profesoras%20de%20la%20regi%C3%B3n%20de%20Ays%C3%A9n%20son%20semifinalistas%20en%20el%20Global%20Teacher%20Prize%20Chile%202022&#038;url=https:\/\/radiorevelacionfm.cl\/?p=21870' aria-hidden='false' data-av_icon='\ue8fc' data-av_iconfont='entypo-fontello' title='' data-avia-related-tooltip='Compartir en LinkedIn' rel=\"noopener\"><span class='avia_hidden_link_text'>Compartir en LinkedIn<\/span><\/a><\/li><li class='av-share-link av-social-link-mail' ><a  aria-label=\"Compartir por correo\" href='mailto:?subject=Dos%20profesoras%20de%20la%20regi%C3%B3n%20de%20Ays%C3%A9n%20son%20semifinalistas%20en%20el%20Global%20Teacher%20Prize%20Chile%202022&#038;body=https:\/\/radiorevelacionfm.cl\/?p=21870' aria-hidden='false' data-av_icon='\ue805' data-av_iconfont='entypo-fontello' title='' data-avia-related-tooltip='Compartir por correo'><span class='avia_hidden_link_text'>Compartir por correo<\/span><\/a><\/li><\/ul><\/div><\/div>\n<div  style='height:50px' class='hr hr-invisible   avia-builder-el-8  el_after_av_social_share  el_before_av_comments_list '><span class='hr-inner ' ><span class='hr-inner-style'><\/span><\/span><\/div>\n<div  class='av-buildercomment  av-blog-meta-html-info-disabled av-blog-meta-tag-disabled  '><\/div>\n","protected":false},"excerpt":{"rendered":"","protected":false},"author":1,"featured_media":21871,"comment_status":"open","ping_status":"open","sticky":false,"template":"","format":"standard","meta":{"footnotes":""},"categories":[49],"tags":[],"class_list":["post-21870","post","type-post","status-publish","format-standard","has-post-thumbnail","hentry","category-educacion"],"jetpack_featured_media_url":"https:\/\/radiorevelacionfm.cl\/wp-content\/uploads\/2022\/09\/Nominadas-Teacher-2-1-1.jpg","_links":{"self":[{"href":"https:\/\/radiorevelacionfm.cl\/index.php?rest_route=\/wp\/v2\/posts\/21870","targetHints":{"allow":["GET"]}}],"collection":[{"href":"https:\/\/radiorevelacionfm.cl\/index.php?rest_route=\/wp\/v2\/posts"}],"about":[{"href":"https:\/\/radiorevelacionfm.cl\/index.php?rest_route=\/wp\/v2\/types\/post"}],"author":[{"embeddable":true,"href":"https:\/\/radiorevelacionfm.cl\/index.php?rest_route=\/wp\/v2\/users\/1"}],"replies":[{"embeddable":true,"href":"https:\/\/radiorevelacionfm.cl\/index.php?rest_route=%2Fwp%2Fv2%2Fcomments&post=21870"}],"version-history":[{"count":2,"href":"https:\/\/radiorevelacionfm.cl\/index.php?rest_route=\/wp\/v2\/posts\/21870\/revisions"}],"predecessor-version":[{"id":21884,"href":"https:\/\/radiorevelacionfm.cl\/index.php?rest_route=\/wp\/v2\/posts\/21870\/revisions\/21884"}],"wp:featuredmedia":[{"embeddable":true,"href":"https:\/\/radiorevelacionfm.cl\/index.php?rest_route=\/wp\/v2\/media\/21871"}],"wp:attachment":[{"href":"https:\/\/radiorevelacionfm.cl\/index.php?rest_route=%2Fwp%2Fv2%2Fmedia&parent=21870"}],"wp:term":[{"taxonomy":"category","embeddable":true,"href":"https:\/\/radiorevelacionfm.cl\/index.php?rest_route=%2Fwp%2Fv2%2Fcategories&post=21870"},{"taxonomy":"post_tag","embeddable":true,"href":"https:\/\/radiorevelacionfm.cl\/index.php?rest_route=%2Fwp%2Fv2%2Ftags&post=21870"}],"curies":[{"name":"wp","href":"https:\/\/api.w.org\/{rel}","templated":true}]}}