{"id":21852,"date":"2022-09-15T09:57:09","date_gmt":"2022-09-15T12:57:09","guid":{"rendered":"https:\/\/radiorevelacionfm.cl\/?p=21852"},"modified":"2022-09-15T09:57:09","modified_gmt":"2022-09-15T12:57:09","slug":"sector-comercio-18-y-19-de-septiembre-son-feriados-obligatorios-e-irrenunciables-de-fiestas-patrias","status":"publish","type":"post","link":"https:\/\/radiorevelacionfm.cl\/?p=21852","title":{"rendered":"Sector comercio: 18 y 19 de septiembre son feriados obligatorios e irrenunciables de Fiestas Patrias"},"content":{"rendered":"<div class=\"flex_column av_one_full  flex_column_div av-zero-column-padding first  avia-builder-el-0  el_before_av_one_full  avia-builder-el-first  \" style='border-radius:0px; '><div  class='avia-image-container  av-styling-    avia-builder-el-1  avia-builder-el-no-sibling  avia-align-center '  itemprop=\"image\" itemscope=\"itemscope\" itemtype=\"https:\/\/schema.org\/ImageObject\"  ><div class='avia-image-container-inner'><div class='avia-image-overlay-wrap'><img decoding=\"async\" class='wp-image-21853 avia-img-lazy-loading-not-21853 avia_image' src=\"https:\/\/radiorevelacionfm.cl\/wp-content\/uploads\/2022\/09\/feriadoirrenunciablecomercio_2-b-1_optimized.jpg\" alt='' title='feriadoirrenunciablecomercio_2-b-(1)_optimized' height=\"600\" width=\"800\"  itemprop=\"thumbnailUrl\" srcset=\"https:\/\/radiorevelacionfm.cl\/wp-content\/uploads\/2022\/09\/feriadoirrenunciablecomercio_2-b-1_optimized.jpg 800w, https:\/\/radiorevelacionfm.cl\/wp-content\/uploads\/2022\/09\/feriadoirrenunciablecomercio_2-b-1_optimized-300x225.jpg 300w, https:\/\/radiorevelacionfm.cl\/wp-content\/uploads\/2022\/09\/feriadoirrenunciablecomercio_2-b-1_optimized-768x576.jpg 768w, https:\/\/radiorevelacionfm.cl\/wp-content\/uploads\/2022\/09\/feriadoirrenunciablecomercio_2-b-1_optimized-705x529.jpg 705w, https:\/\/radiorevelacionfm.cl\/wp-content\/uploads\/2022\/09\/feriadoirrenunciablecomercio_2-b-1_optimized-600x450.jpg 600w\" sizes=\"(max-width: 800px) 100vw, 800px\" \/><\/div><\/div><\/div><\/div><div class=\"flex_column av_one_full  flex_column_div av-zero-column-padding first  avia-builder-el-2  el_after_av_one_full  el_before_av_one_full  column-top-margin\" style='border-radius:0px; '><section class=\"av_textblock_section \"  itemscope=\"itemscope\" itemtype=\"https:\/\/schema.org\/BlogPosting\" itemprop=\"blogPost\" ><div class='avia_textblock  '   itemprop=\"text\" ><p style=\"text-align: center;\"><span style=\"font-size: 18pt;\"><b><span lang=\"ES-TRAD\">Sector comercio: 18 y 19 de septiembre son feriados obligatorios e irrenunciables de Fiestas Patrias<\/span><\/b><\/span><\/p>\n<div id=\"gtx-trans\" style=\"position: absolute; left: -50px; top: 4.31534px;\">\n<div class=\"gtx-trans-icon\"><\/div>\n<\/div>\n<\/div><\/section><\/div><div class=\"flex_column av_one_full  flex_column_div av-zero-column-padding first  avia-builder-el-4  el_after_av_one_full  el_before_av_hr  column-top-margin\" style='border-radius:0px; '><section class=\"av_textblock_section \"  itemscope=\"itemscope\" itemtype=\"https:\/\/schema.org\/BlogPosting\" itemprop=\"blogPost\" ><div class='avia_textblock  '   itemprop=\"text\" ><p class=\"v1MsoNormal\" style=\"text-align: justify;\"><span lang=\"ES\">En un punto de prensa realizado en el supermercado regional Marvin de Coyhaique, el Seremi del Trabajo y Previsi\u00f3n Social, Rodrigo D\u00edaz junto a la Directora regional Victoria Sierra, de la Direcci\u00f3n del Trabajo, y a la due\u00f1a del local, Sonia Quiroga, se aclararon las dudas con respecto a los d\u00edas feriados del viernes 16, domingo 18 y lunes 19 de septiembre.<\/span><\/p>\n<p class=\"v1MsoNormal\" style=\"text-align: justify;\"><b><span lang=\"ES\">Los d\u00edas 18 y 19 de septiembre son feriados obligatorios e irrenunciables<\/span><\/b><span lang=\"ES\">\u00a0<b>para el sector comercio,<\/b>\u00a0dispuesto por la ley 19.973, incluidos para quienes se desempe\u00f1an en las denominadas \u00abtiendas de conveniencia\u00bb que funcionan adosadas a los servicentros, en la medida que la actividad que estas realicen se limite a la venta de productos y mercader\u00edas y no alimentos preparados all\u00ed mismo.<\/span><\/p>\n<p class=\"v1MsoNormal\" style=\"text-align: justify;\"><span lang=\"ES\">\u00abRecordar a todos los trabajadores del comercio que este 18 y 19 de septiembre son feriados obligatorios e irrenunciables para el comercio, es decir, deben descansar obligatoriamente este domingo y este lunes. Su descanso debe partir a las 21 horas del d\u00eda s\u00e1bado 17 de septiembre y puede comenzar a trabajar reci\u00e9n a las 6 de la ma\u00f1ana del d\u00eda 20 de septiembre. Hacemos un llamado a los empleadores a respetar este feriado legal, irrenunciable y obligatorio para los trabajadores de nuestra regi\u00f3n de Ays\u00e9n. Estaremos con turno desde las 9:00 a las 14:00 horas, pueden llamarnos al 6004504000, recibiremos sus denuncias los d\u00edas 18 y 19 de septiembre, para que se respeten sus derechos\u00bb, detall\u00f3 la Directora regional del Trabajo, Victoria Sierra.<\/span><\/p>\n<p class=\"v1MsoNormal\" style=\"text-align: justify;\"><span lang=\"ES\">Siguiendo la misma l\u00ednea, el Seremi Rodrigo D\u00edaz, destac\u00f3 la importancia de respetar los derechos laborales haciendo hincapi\u00e9 en los canales para realizar las denuncias, \u00abComo Ministerio del Trabajo y Previsi\u00f3n Social, queremos hacer un llamado en estas fiestas y feriados que vienen. El d\u00eda viernes 16 es un feriado normal, en cambio, el 18 y 19 son feriados irrenunciables. Por lo tanto, hacemos un llamado a todos los empleadores para que cumplan con la normativa, para que los trabajadores puedan tener el descanso que la ley les permite y que ojal\u00e1, como ha sido en a\u00f1os anteriores, no tengamos denuncias, somos unas de las pocas regiones que no hemos tenido denuncias a diferencia de lo que ocurre a nivel nacional. En caso de denuncia, los trabajadores pueden recurrir al tel\u00e9fono 6004504000 o la p\u00e1gina web\u00a0<a href=\"http:\/\/www.direcciondeltrabajo.cl\/\" target=\"_blank\" rel=\"noopener noreferrer\">www.direcciondeltrabajo.cl<\/a>. Reitero, lo importante es que la gente lo pase bien, disfrute y se cuide, pero tambi\u00e9n que se respeten los derechos laborales de nuestros trabajadores y trabajadoras\u00bb, afirm\u00f3 la autoridad laboral.\u00a0<\/span><\/p>\n<p class=\"v1MsoNormal\" style=\"text-align: justify;\"><span lang=\"ES\">Las autoridades recalcaron que el viernes 16 es feriado legal pero el comercio puede abrir, siempre y cuando no se trate de trabajadores cuya jornada laboral se encuentre en la figura del art\u00edculo 35 del C\u00f3digo del Trabajo que establece que dichos trabajadores descansan los d\u00edas domingos y los que la ley declare festivos, como es este feriado del viernes 16 de septiembre, \u00abIgualmente aclarar que el d\u00eda 16 de septiembre es feriado legal pero no obligatorio ni irrenunciable para el sector comercio, es decir, podr\u00edan estar abiertos los minimarket, los supermercados, las tiendas del comercio, tanto el viernes 16 porque es solo feriado legal y el s\u00e1bado 17 que no es d\u00eda feriado\u00bb, confirm\u00f3 Sierra.<\/span><\/p>\n<p class=\"v1MsoNormal\" style=\"text-align: justify;\"><span lang=\"ES\">La due\u00f1a del supermercado Marvin, Sonia Quiroga, coment\u00f3 \u00abEste 18 y 19 llamamos a todos los comerciantes a que a todos sus trabajadores les respeten sus feriados, y que el que quiere trabajar, debe hacerlo el due\u00f1o. En nuestro caso, nuestro local va a estar atendido por nosotros los d\u00edas 18 y 19 y esperamos que todos respeten de la misma forma\u00bb. En este sentido, es necesario aclarar que las tiendas atendidas por sus propios due\u00f1os y\/o familiares directos s\u00ed pueden abrir los feriados obligatorios e irrenunciables de Fiestas Patrias. \u00a0<\/span><\/p>\n<p class=\"v1MsoNormal\" style=\"text-align: justify;\"><b><u><span lang=\"ES\">Horarios y multas en el comercio<\/span><\/u><\/b><\/p>\n<p class=\"v1MsoNormal\" style=\"text-align: justify;\"><span lang=\"ES\">Son considerados como trabajadores\/as del comercio quienes laboran en un establecimiento de tal naturaleza y cuyas funciones se relacionen con el expendio o venta directa al p\u00fablico de las mercader\u00edas o productos que en ellos se ofrecen.<\/span><\/p>\n<p class=\"v1MsoNormal\" style=\"text-align: justify;\"><span lang=\"ES\">Sobre las multas, la Directora regional Victoria Sierra explic\u00f3, \u00abEn el caso que no se cumplan estos derechos, los empleadores se exponen a multas que van desde las 5 UTM hasta las 20 UTM por cada trabajador que constatemos trabajando, prestando servicio\u00bb.<\/span><\/p>\n<p class=\"v1MsoNormal\" style=\"text-align: justify;\"><span lang=\"ES\">La infracci\u00f3n al feriado obligatorio e irrenunciable y al descanso alternado impone multas de (valor de la UTM en septiembre de 2022: 59.595 pesos):<\/span><\/p>\n<p style=\"text-align: justify;\"><span lang=\"ES\">\u00fc\u00a0\u00a0<\/span><span lang=\"ES\">Microempresa: 5 UTM ($297.975)<\/span><\/p>\n<p style=\"text-align: justify;\"><span lang=\"ES\">\u00fc\u00a0\u00a0<\/span><span lang=\"ES\">Peque\u00f1a empresa:5 UTM ($297.975)<\/span><\/p>\n<p style=\"text-align: justify;\"><span lang=\"ES\">\u00fc\u00a0\u00a0<\/span><span lang=\"ES\">Mediana empresa:10 UTM ($595.950)<\/span><\/p>\n<p style=\"text-align: justify;\"><span lang=\"ES\">\u00fc\u00a0\u00a0<\/span><span lang=\"ES\">Gran empresa: 20 UTM ($1.191.900)<\/span><\/p>\n<p class=\"v1MsoNormal\" style=\"text-align: justify;\"><span lang=\"ES\">Entre las excepciones de este feriado obligatorio e irrenunciable, est\u00e1n los trabajadores\/as que se desempe\u00f1an en clubes, restaurantes, establecimientos de entretenimiento, tales como cines, espect\u00e1culos en vivo, discotecas, pub, cabarets, locales comerciales en los aer\u00f3dromos civiles p\u00fablicos y aeropuertos, casinos de juego y otros lugares de juego legalmente autorizados, farmacias de urgencias y de turno definidas por la autoridad, expendios combustibles y las llamadas \u00abtiendas de conveniencia\u00bb adosadas a los servicentros si venden alimentos preparados all\u00ed mismo.<\/span><\/p>\n<p class=\"v1MsoNormal\" style=\"text-align: justify;\"><span lang=\"ES\">Como compensaci\u00f3n para los trabajadores\/as del comercio excluidos del feriado obligatorio e irrenunciable, est\u00e1 vigente una norma que se\u00f1ala que tendr\u00e1n derecho a tomar descanso en los d\u00edas feriados (en este caso, 18 y 19 de septiembre) a lo menos una vez cada dos a\u00f1os si contin\u00faan contratados por el mismo empleador; pudiendo pactar con \u00e9l la rotaci\u00f3n del personal necesaria para este fin (Inc. 2\u00b0, Art. 2, Ley 19.973). Esto significa, por ejemplo, que si un trabajador labor\u00f3 el 18 y 19 de septiembre del 2021 y contin\u00faa trabajando para el mismo empleador, durante este a\u00f1o 2022 tendr\u00e1 derecho a descansar en estas festividades.<\/span><\/p>\n<p class=\"v1MsoNormal\" style=\"text-align: justify;\"><span lang=\"ES\">Cabe recordar que en el C\u00f3digo del Trabajo existen 5 feriados irrenunciables y obligatorios para todos los trabajadores\/as del comercio. Adem\u00e1s del 18 y 19 de septiembre, los otros son el 1 de enero, el 1 de mayo y el 25 de diciembre.\u00a0<\/span><\/p>\n<\/div><\/section><\/div><div  style='height:50px' class='hr hr-invisible   avia-builder-el-6  el_after_av_one_full  el_before_av_social_share '><span class='hr-inner ' ><span class='hr-inner-style'><\/span><\/span><\/div><\/p>\n<div  class='av-social-sharing-box  avia-builder-el-7  el_after_av_hr  el_before_av_hr  '><div class='av-share-box'><h5 class='av-share-link-description av-no-toc '>Compartir esta noticia<\/h5><ul class='av-share-box-list noLightbox'><li class='av-share-link av-social-link-facebook' ><a target=\"_blank\" aria-label=\"Compartir en Facebook\" href='https:\/\/www.facebook.com\/sharer.php?u=https:\/\/radiorevelacionfm.cl\/?p=21852&#038;t=Sector%20comercio%3A%2018%20y%2019%20de%20septiembre%20son%20feriados%20obligatorios%20e%20irrenunciables%20de%20Fiestas%20Patrias' aria-hidden='false' data-av_icon='\ue8f3' data-av_iconfont='entypo-fontello' title='' data-avia-related-tooltip='Compartir en Facebook' rel=\"noopener\"><span class='avia_hidden_link_text'>Compartir en Facebook<\/span><\/a><\/li><li class='av-share-link av-social-link-twitter' ><a target=\"_blank\" aria-label=\"Compartir en Twitter\" href='https:\/\/twitter.com\/share?text=Sector%20comercio%3A%2018%20y%2019%20de%20septiembre%20son%20feriados%20obligatorios%20e%20irrenunciables%20de%20Fiestas%20Patrias&#038;url=https:\/\/radiorevelacionfm.cl\/?p=21852' aria-hidden='false' data-av_icon='\ue8f1' data-av_iconfont='entypo-fontello' title='' data-avia-related-tooltip='Compartir en Twitter' rel=\"noopener\"><span class='avia_hidden_link_text'>Compartir en Twitter<\/span><\/a><\/li><li class='av-share-link av-social-link-whatsapp' ><a target=\"_blank\" aria-label=\"Compartir en Whatsapp\" href='https:\/\/api.whatsapp.com\/send?text=https:\/\/radiorevelacionfm.cl\/?p=21852' aria-hidden='false' data-av_icon='\uf232' data-av_iconfont='entypo-fontello' title='' data-avia-related-tooltip='Compartir en Whatsapp' rel=\"noopener\"><span class='avia_hidden_link_text'>Compartir en Whatsapp<\/span><\/a><\/li><li class='av-share-link av-social-link-linkedin' ><a target=\"_blank\" aria-label=\"Compartir en LinkedIn\" href='https:\/\/linkedin.com\/shareArticle?mini=true&#038;title=Sector%20comercio%3A%2018%20y%2019%20de%20septiembre%20son%20feriados%20obligatorios%20e%20irrenunciables%20de%20Fiestas%20Patrias&#038;url=https:\/\/radiorevelacionfm.cl\/?p=21852' aria-hidden='false' data-av_icon='\ue8fc' data-av_iconfont='entypo-fontello' title='' data-avia-related-tooltip='Compartir en LinkedIn' rel=\"noopener\"><span class='avia_hidden_link_text'>Compartir en LinkedIn<\/span><\/a><\/li><li class='av-share-link av-social-link-mail' ><a  aria-label=\"Compartir por correo\" href='mailto:?subject=Sector%20comercio%3A%2018%20y%2019%20de%20septiembre%20son%20feriados%20obligatorios%20e%20irrenunciables%20de%20Fiestas%20Patrias&#038;body=https:\/\/radiorevelacionfm.cl\/?p=21852' aria-hidden='false' data-av_icon='\ue805' data-av_iconfont='entypo-fontello' title='' data-avia-related-tooltip='Compartir por correo'><span class='avia_hidden_link_text'>Compartir por correo<\/span><\/a><\/li><\/ul><\/div><\/div>\n<div  style='height:50px' class='hr hr-invisible   avia-builder-el-8  el_after_av_social_share  el_before_av_comments_list '><span class='hr-inner ' ><span class='hr-inner-style'><\/span><\/span><\/div>\n<div  class='av-buildercomment  av-blog-meta-html-info-disabled av-blog-meta-tag-disabled  '><\/div>\n","protected":false},"excerpt":{"rendered":"","protected":false},"author":1,"featured_media":21853,"comment_status":"open","ping_status":"open","sticky":false,"template":"","format":"standard","meta":{"footnotes":""},"categories":[56],"tags":[],"class_list":["post-21852","post","type-post","status-publish","format-standard","has-post-thumbnail","hentry","category-trabajo"],"jetpack_featured_media_url":"https:\/\/radiorevelacionfm.cl\/wp-content\/uploads\/2022\/09\/feriadoirrenunciablecomercio_2-b-1_optimized.jpg","_links":{"self":[{"href":"https:\/\/radiorevelacionfm.cl\/index.php?rest_route=\/wp\/v2\/posts\/21852","targetHints":{"allow":["GET"]}}],"collection":[{"href":"https:\/\/radiorevelacionfm.cl\/index.php?rest_route=\/wp\/v2\/posts"}],"about":[{"href":"https:\/\/radiorevelacionfm.cl\/index.php?rest_route=\/wp\/v2\/types\/post"}],"author":[{"embeddable":true,"href":"https:\/\/radiorevelacionfm.cl\/index.php?rest_route=\/wp\/v2\/users\/1"}],"replies":[{"embeddable":true,"href":"https:\/\/radiorevelacionfm.cl\/index.php?rest_route=%2Fwp%2Fv2%2Fcomments&post=21852"}],"version-history":[{"count":2,"href":"https:\/\/radiorevelacionfm.cl\/index.php?rest_route=\/wp\/v2\/posts\/21852\/revisions"}],"predecessor-version":[{"id":21862,"href":"https:\/\/radiorevelacionfm.cl\/index.php?rest_route=\/wp\/v2\/posts\/21852\/revisions\/21862"}],"wp:featuredmedia":[{"embeddable":true,"href":"https:\/\/radiorevelacionfm.cl\/index.php?rest_route=\/wp\/v2\/media\/21853"}],"wp:attachment":[{"href":"https:\/\/radiorevelacionfm.cl\/index.php?rest_route=%2Fwp%2Fv2%2Fmedia&parent=21852"}],"wp:term":[{"taxonomy":"category","embeddable":true,"href":"https:\/\/radiorevelacionfm.cl\/index.php?rest_route=%2Fwp%2Fv2%2Fcategories&post=21852"},{"taxonomy":"post_tag","embeddable":true,"href":"https:\/\/radiorevelacionfm.cl\/index.php?rest_route=%2Fwp%2Fv2%2Ftags&post=21852"}],"curies":[{"name":"wp","href":"https:\/\/api.w.org\/{rel}","templated":true}]}}