{"id":21848,"date":"2022-09-15T09:41:36","date_gmt":"2022-09-15T12:41:36","guid":{"rendered":"https:\/\/radiorevelacionfm.cl\/?p=21848"},"modified":"2022-09-15T09:41:36","modified_gmt":"2022-09-15T12:41:36","slug":"realizan-primera-jornada-de-reciclaje-y-limpieza-en-villa-manihuales-tras-instalacion-de-punto-limpio","status":"publish","type":"post","link":"https:\/\/radiorevelacionfm.cl\/?p=21848","title":{"rendered":"Realizan primera Jornada de Reciclaje y limpieza en Villa Ma\u00f1ihuales tras instalaci\u00f3n de Punto Limpio"},"content":{"rendered":"<div class=\"flex_column av_one_full  flex_column_div av-zero-column-padding first  avia-builder-el-0  el_before_av_one_full  avia-builder-el-first  \" style='border-radius:0px; '><div  class='avia-image-container  av-styling-    avia-builder-el-1  avia-builder-el-no-sibling  avia-align-center '  itemprop=\"image\" itemscope=\"itemscope\" itemtype=\"https:\/\/schema.org\/ImageObject\"  ><div class='avia-image-container-inner'><div class='avia-image-overlay-wrap'><img decoding=\"async\" class='wp-image-21849 avia-img-lazy-loading-not-21849 avia_image' src=\"https:\/\/radiorevelacionfm.cl\/wp-content\/uploads\/2022\/09\/img-puntolimp-muniaysen2-1-1.jpeg\" alt='' title='img-puntolimp-muniaysen2 (1) (1)' height=\"600\" width=\"800\"  itemprop=\"thumbnailUrl\" srcset=\"https:\/\/radiorevelacionfm.cl\/wp-content\/uploads\/2022\/09\/img-puntolimp-muniaysen2-1-1.jpeg 800w, https:\/\/radiorevelacionfm.cl\/wp-content\/uploads\/2022\/09\/img-puntolimp-muniaysen2-1-1-300x225.jpeg 300w, https:\/\/radiorevelacionfm.cl\/wp-content\/uploads\/2022\/09\/img-puntolimp-muniaysen2-1-1-768x576.jpeg 768w, https:\/\/radiorevelacionfm.cl\/wp-content\/uploads\/2022\/09\/img-puntolimp-muniaysen2-1-1-705x529.jpeg 705w, https:\/\/radiorevelacionfm.cl\/wp-content\/uploads\/2022\/09\/img-puntolimp-muniaysen2-1-1-600x450.jpeg 600w\" sizes=\"(max-width: 800px) 100vw, 800px\" \/><\/div><\/div><\/div><\/div><div class=\"flex_column av_one_full  flex_column_div av-zero-column-padding first  avia-builder-el-2  el_after_av_one_full  el_before_av_one_full  column-top-margin\" style='border-radius:0px; '><section class=\"av_textblock_section \"  itemscope=\"itemscope\" itemtype=\"https:\/\/schema.org\/BlogPosting\" itemprop=\"blogPost\" ><div class='avia_textblock  '   itemprop=\"text\" ><p style=\"text-align: center;\"><strong><span style=\"font-size: 18pt;\">Realizan primera Jornada de Reciclaje y limpieza en Villa Ma\u00f1ihuales tras instalaci\u00f3n de Punto Limpio <\/span><\/strong><\/p>\n<div id=\"gtx-trans\" style=\"position: absolute; left: -50px; top: 4.31534px;\">\n<div class=\"gtx-trans-icon\"><\/div>\n<\/div>\n<\/div><\/section><\/div><div class=\"flex_column av_one_full  flex_column_div av-zero-column-padding first  avia-builder-el-4  el_after_av_one_full  el_before_av_hr  column-top-margin\" style='border-radius:0px; '><section class=\"av_textblock_section \"  itemscope=\"itemscope\" itemtype=\"https:\/\/schema.org\/BlogPosting\" itemprop=\"blogPost\" ><div class='avia_textblock  '   itemprop=\"text\" ><p style=\"text-align: justify;\">La iniciativa responde a la uni\u00f3n p\u00fablico \u2013 privada generada en la casa edilicia para fomentar el cuidado ambiental en el territorio.<\/p>\n<p style=\"text-align: justify;\">Tras un mes de uso y provisto del famoso trencito ecol\u00f3gico, la empresa Reciclajes Martino efectu\u00f3 recientemente la primera jornada de limpieza y reciclaje desde el Punto Limpio instalado en dependencias de la Delegaci\u00f3n Municipal de Villa Ma\u00f1ihuales. Latas, botellas y vidrio fueron los elementos que los habitantes del acceso norte a comuna porte\u00f1a depositaron en los contenedores y que se espera, puedan seguir aportando para resguardar el patrimonio natural territorial. Cabe destacar que la recepci\u00f3n de los residuos puede ser desarrollada en horario de 09:00 a 17:00 horas de lunes a jueves y los viernes de 09:00 a 16:00 horas.<\/p>\n<p style=\"text-align: justify;\">Al respecto, la Coordinadora del Sistema de Certificaci\u00f3n Ambiental Comunal (Scam), B\u00e1rbara Weisser, destac\u00f3 que, \u201cvamos a unir al jard\u00edn y al liceo Ma\u00f1ihuales para que los apoderados\u00a0 puedan llevar sus residuos desde las casas a los establecimientos educacionales o al punto limpio de la delegaci\u00f3n y nosotros como municipio nos vamos a encargar de recolectar estos residuos, sobre todo el vidrio exist\u00eda una cantidad importante, el pl\u00e1stico y tambi\u00e9n todo lo que es lata, de conservas, de cerveza, entre otros\u201d.<\/p>\n<p style=\"text-align: justify;\">Con ello, la personera municipal agreg\u00f3 que \u201chay que continuar incentivando a la comunidad a que sigan participando de este reciclaje, hoy d\u00eda es importante el desarrollo de estas actividades y la colaboraci\u00f3n que tiene actualmente posee el municipio de Ays\u00e9n permite generar con reciclajes Martino una jornada muy especial en Villa Ma\u00f1ihuales y que fue tambi\u00e9n parte de la solicitud de vecinos y vecinas\u201d, sentenci\u00f3 la profesional ambiental.<\/p>\n<p style=\"text-align: justify;\">Finalmente, desde la casa edilicia agradecieron la adhesi\u00f3n que posee en la comunidad esta iniciativa y que permite otorgar un destino responsable a los residuos domiciliarios para un nuevo uso tras el respectivo proceso de reciclaje.<\/p>\n<\/div><\/section><\/div><div  style='height:50px' class='hr hr-invisible   avia-builder-el-6  el_after_av_one_full  el_before_av_social_share '><span class='hr-inner ' ><span class='hr-inner-style'><\/span><\/span><\/div><\/p>\n<div  class='av-social-sharing-box  avia-builder-el-7  el_after_av_hr  el_before_av_hr  '><div class='av-share-box'><h5 class='av-share-link-description av-no-toc '>Compartir esta noticia<\/h5><ul class='av-share-box-list noLightbox'><li class='av-share-link av-social-link-facebook' ><a target=\"_blank\" aria-label=\"Compartir en Facebook\" href='https:\/\/www.facebook.com\/sharer.php?u=https:\/\/radiorevelacionfm.cl\/?p=21848&#038;t=Realizan%20primera%20Jornada%20de%20Reciclaje%20y%20limpieza%20en%20Villa%20Ma%C3%B1ihuales%20tras%20instalaci%C3%B3n%20de%20Punto%20Limpio' aria-hidden='false' data-av_icon='\ue8f3' data-av_iconfont='entypo-fontello' title='' data-avia-related-tooltip='Compartir en Facebook' rel=\"noopener\"><span class='avia_hidden_link_text'>Compartir en Facebook<\/span><\/a><\/li><li class='av-share-link av-social-link-twitter' ><a target=\"_blank\" aria-label=\"Compartir en Twitter\" href='https:\/\/twitter.com\/share?text=Realizan%20primera%20Jornada%20de%20Reciclaje%20y%20limpieza%20en%20Villa%20Ma%C3%B1ihuales%20tras%20instalaci%C3%B3n%20de%20Punto%20Limpio&#038;url=https:\/\/radiorevelacionfm.cl\/?p=21848' aria-hidden='false' data-av_icon='\ue8f1' data-av_iconfont='entypo-fontello' title='' data-avia-related-tooltip='Compartir en Twitter' rel=\"noopener\"><span class='avia_hidden_link_text'>Compartir en Twitter<\/span><\/a><\/li><li class='av-share-link av-social-link-whatsapp' ><a target=\"_blank\" aria-label=\"Compartir en Whatsapp\" href='https:\/\/api.whatsapp.com\/send?text=https:\/\/radiorevelacionfm.cl\/?p=21848' aria-hidden='false' data-av_icon='\uf232' data-av_iconfont='entypo-fontello' title='' data-avia-related-tooltip='Compartir en Whatsapp' rel=\"noopener\"><span class='avia_hidden_link_text'>Compartir en Whatsapp<\/span><\/a><\/li><li class='av-share-link av-social-link-linkedin' ><a target=\"_blank\" aria-label=\"Compartir en LinkedIn\" href='https:\/\/linkedin.com\/shareArticle?mini=true&#038;title=Realizan%20primera%20Jornada%20de%20Reciclaje%20y%20limpieza%20en%20Villa%20Ma%C3%B1ihuales%20tras%20instalaci%C3%B3n%20de%20Punto%20Limpio&#038;url=https:\/\/radiorevelacionfm.cl\/?p=21848' aria-hidden='false' data-av_icon='\ue8fc' data-av_iconfont='entypo-fontello' title='' data-avia-related-tooltip='Compartir en LinkedIn' rel=\"noopener\"><span class='avia_hidden_link_text'>Compartir en LinkedIn<\/span><\/a><\/li><li class='av-share-link av-social-link-mail' ><a  aria-label=\"Compartir por correo\" href='mailto:?subject=Realizan%20primera%20Jornada%20de%20Reciclaje%20y%20limpieza%20en%20Villa%20Ma%C3%B1ihuales%20tras%20instalaci%C3%B3n%20de%20Punto%20Limpio&#038;body=https:\/\/radiorevelacionfm.cl\/?p=21848' aria-hidden='false' data-av_icon='\ue805' data-av_iconfont='entypo-fontello' title='' data-avia-related-tooltip='Compartir por correo'><span class='avia_hidden_link_text'>Compartir por correo<\/span><\/a><\/li><\/ul><\/div><\/div>\n<div  style='height:50px' class='hr hr-invisible   avia-builder-el-8  el_after_av_social_share  el_before_av_comments_list '><span class='hr-inner ' ><span class='hr-inner-style'><\/span><\/span><\/div>\n<div  class='av-buildercomment  av-blog-meta-html-info-disabled av-blog-meta-tag-disabled  '><\/div>\n","protected":false},"excerpt":{"rendered":"","protected":false},"author":1,"featured_media":21849,"comment_status":"open","ping_status":"open","sticky":false,"template":"","format":"standard","meta":{"footnotes":""},"categories":[39],"tags":[],"class_list":["post-21848","post","type-post","status-publish","format-standard","has-post-thumbnail","hentry","category-medio-ambiente"],"jetpack_featured_media_url":"https:\/\/radiorevelacionfm.cl\/wp-content\/uploads\/2022\/09\/img-puntolimp-muniaysen2-1-1.jpeg","_links":{"self":[{"href":"https:\/\/radiorevelacionfm.cl\/index.php?rest_route=\/wp\/v2\/posts\/21848","targetHints":{"allow":["GET"]}}],"collection":[{"href":"https:\/\/radiorevelacionfm.cl\/index.php?rest_route=\/wp\/v2\/posts"}],"about":[{"href":"https:\/\/radiorevelacionfm.cl\/index.php?rest_route=\/wp\/v2\/types\/post"}],"author":[{"embeddable":true,"href":"https:\/\/radiorevelacionfm.cl\/index.php?rest_route=\/wp\/v2\/users\/1"}],"replies":[{"embeddable":true,"href":"https:\/\/radiorevelacionfm.cl\/index.php?rest_route=%2Fwp%2Fv2%2Fcomments&post=21848"}],"version-history":[{"count":2,"href":"https:\/\/radiorevelacionfm.cl\/index.php?rest_route=\/wp\/v2\/posts\/21848\/revisions"}],"predecessor-version":[{"id":21861,"href":"https:\/\/radiorevelacionfm.cl\/index.php?rest_route=\/wp\/v2\/posts\/21848\/revisions\/21861"}],"wp:featuredmedia":[{"embeddable":true,"href":"https:\/\/radiorevelacionfm.cl\/index.php?rest_route=\/wp\/v2\/media\/21849"}],"wp:attachment":[{"href":"https:\/\/radiorevelacionfm.cl\/index.php?rest_route=%2Fwp%2Fv2%2Fmedia&parent=21848"}],"wp:term":[{"taxonomy":"category","embeddable":true,"href":"https:\/\/radiorevelacionfm.cl\/index.php?rest_route=%2Fwp%2Fv2%2Fcategories&post=21848"},{"taxonomy":"post_tag","embeddable":true,"href":"https:\/\/radiorevelacionfm.cl\/index.php?rest_route=%2Fwp%2Fv2%2Ftags&post=21848"}],"curies":[{"name":"wp","href":"https:\/\/api.w.org\/{rel}","templated":true}]}}