{"id":21844,"date":"2022-09-15T09:17:32","date_gmt":"2022-09-15T12:17:32","guid":{"rendered":"https:\/\/radiorevelacionfm.cl\/?p=21844"},"modified":"2022-09-15T09:17:32","modified_gmt":"2022-09-15T12:17:32","slug":"municipio-defiende-el-contingente-desplegado-en-ayuda-a-ramaderos-de-aysen","status":"publish","type":"post","link":"https:\/\/radiorevelacionfm.cl\/?p=21844","title":{"rendered":"Municipio defiende el contingente desplegado en ayuda a Ramaderos de Ays\u00e9n"},"content":{"rendered":"<div class=\"flex_column av_one_full  flex_column_div av-zero-column-padding first  avia-builder-el-0  el_before_av_one_full  avia-builder-el-first  \" style='border-radius:0px; '><div  class='avia-image-container  av-styling-    avia-builder-el-1  avia-builder-el-no-sibling  avia-align-center '  itemprop=\"image\" itemscope=\"itemscope\" itemtype=\"https:\/\/schema.org\/ImageObject\"  ><div class='avia-image-container-inner'><div class='avia-image-overlay-wrap'><img decoding=\"async\" class='wp-image-21845 avia-img-lazy-loading-not-21845 avia_image' src=\"https:\/\/radiorevelacionfm.cl\/wp-content\/uploads\/2022\/09\/img-ramadas-muniaysen2-1-1.jpeg\" alt='' title='img-ramadas-muniaysen2 (1) (1)' height=\"600\" width=\"800\"  itemprop=\"thumbnailUrl\" srcset=\"https:\/\/radiorevelacionfm.cl\/wp-content\/uploads\/2022\/09\/img-ramadas-muniaysen2-1-1.jpeg 800w, https:\/\/radiorevelacionfm.cl\/wp-content\/uploads\/2022\/09\/img-ramadas-muniaysen2-1-1-300x225.jpeg 300w, https:\/\/radiorevelacionfm.cl\/wp-content\/uploads\/2022\/09\/img-ramadas-muniaysen2-1-1-768x576.jpeg 768w, https:\/\/radiorevelacionfm.cl\/wp-content\/uploads\/2022\/09\/img-ramadas-muniaysen2-1-1-705x529.jpeg 705w, https:\/\/radiorevelacionfm.cl\/wp-content\/uploads\/2022\/09\/img-ramadas-muniaysen2-1-1-600x450.jpeg 600w\" sizes=\"(max-width: 800px) 100vw, 800px\" \/><\/div><\/div><\/div><\/div><div class=\"flex_column av_one_full  flex_column_div av-zero-column-padding first  avia-builder-el-2  el_after_av_one_full  el_before_av_one_full  column-top-margin\" style='border-radius:0px; '><section class=\"av_textblock_section \"  itemscope=\"itemscope\" itemtype=\"https:\/\/schema.org\/BlogPosting\" itemprop=\"blogPost\" ><div class='avia_textblock  '   itemprop=\"text\" ><p style=\"text-align: center;\"><strong><span style=\"font-size: 18pt;\">Municipio defiende el contingente desplegado en ayuda a Ramaderos de Ays\u00e9n<\/span><\/strong><\/p>\n<div id=\"gtx-trans\" style=\"position: absolute; left: -50px; top: 4.31534px;\">\n<div class=\"gtx-trans-icon\"><\/div>\n<\/div>\n<\/div><\/section><\/div><div class=\"flex_column av_one_full  flex_column_div av-zero-column-padding first  avia-builder-el-4  el_after_av_one_full  el_before_av_hr  column-top-margin\" style='border-radius:0px; '><section class=\"av_textblock_section \"  itemscope=\"itemscope\" itemtype=\"https:\/\/schema.org\/BlogPosting\" itemprop=\"blogPost\" ><div class='avia_textblock  '   itemprop=\"text\" ><p style=\"text-align: justify;\">Tras las diversas rondas de reuniones y coordinaciones generadas con anterioridad al Mes Patrio. La Ilustre Municipalidad de Ays\u00e9n defendi\u00f3 el trabajo realizado por llevar adelante las Fiestas en la comuna porte\u00f1a, espec\u00edficamente desde el Parque Municipal (ex Isla D\u00edaz). Desde la Administraci\u00f3n Municipal y la Direcci\u00f3n de Aseo, Ornato y Medio Ambiente (DAOMA) se han desplegado m\u00faltiples esfuerzos por materializar los requerimientos de los Ramaderos que se han dispuesto en el m\u00edtico lugar de congregaci\u00f3n utilizado en Puerto Ays\u00e9n y que hoy, debido a factores clim\u00e1ticos presentan anegamientos ante las altas precipitaciones que ir\u00e1n disip\u00e1ndose durante la tarde del jueves 15.<\/p>\n<p style=\"text-align: justify;\">En este sentido, el Administrador Municipal, \u00d3scar Az\u00f3car Adriazola enfatiz\u00f3 que \u201cNosotros como municipio hemos trabajado de manera fren\u00e9tica para poder sacar adelante lo que es est\u00e1 celebraci\u00f3n de Fiestas Patrias, hemos invertido aproximadamente 15 millones de pesos en lo que corresponde a la instalaci\u00f3n el\u00e9ctrica en el interior y exterior del Parque Municipal y de los puestos de los Ramaderos, adem\u00e1s, del proyecto de Agua Potable y Alcantarillado. Ahora bien, como todos sabemos vivimos en una Zona Extrema del pa\u00eds y la lluvia es una constante en este lugar y lamentablemente hemos visto estas lluvias que se generaron en el transcurso de la jornada\u201d.<\/p>\n<p style=\"text-align: justify;\">Adem\u00e1s, el personero municipal, agradeci\u00f3 el despliegue efectuado por la Direcci\u00f3n de Aseo, Ornato y Medio Ambiente liderada por Jorge Hurtado Pinela. Esto considerando que son trabajadores municipales de esta \u00e1rea quienes ejecutaron las solicitudes efectuadas por el gremio ramadero local para sacar adelante las primeras celebraciones patrias desde el inicio de pandemia por Covid-19. Con ello, Az\u00f3car enfatiz\u00f3 que desde la casa edilicia esperan un optimo desarrollo de la actividad.<\/p>\n<p style=\"text-align: justify;\">Luego de una visita hasta la ex Isla D\u00edaz, el titular de DAOMA, Jorge Hurtado Pinela coment\u00f3 lo obrado por el municipio aysenino en favor del Club Ramadero local. Sin embargo, explic\u00f3 tambi\u00e9n, lo acontecido con la adversidad clim\u00e1tica presente en Puerto Ays\u00e9n y las medidas dispuestas para identificar las zonas a intervenir. Es as\u00ed como la primera de estas acciones se vincula con el acceso a las ramadas, por lo que personal del Departamento de Operaciones utilizar\u00e1 material de estabilizado para mejorar las condiciones.<\/p>\n<p style=\"text-align: justify;\">Asimismo, el directivo municipal detall\u00f3 que \u201cse van a realizar cuentas perimetrales para poder evacuar de mejor manera las aguas lluvias\u201d. Junto a esto, el ingeniero realiz\u00f3 un llamado a los emprendedores y al p\u00fablico en general \u201cnuestro objetivo es proteger el sector del \u00e1rea verde disponible en el recinto, salvaguardando el terreno en s\u00ed. Por lo que, el mensaje es a cuidar entre todos este espacio y que todo salga de la mejor manera\u201d, sentenci\u00f3 Hurtado Pinela.<\/p>\n<\/div><\/section><\/div><div  style='height:50px' class='hr hr-invisible   avia-builder-el-6  el_after_av_one_full  el_before_av_social_share '><span class='hr-inner ' ><span class='hr-inner-style'><\/span><\/span><\/div><\/p>\n<div  class='av-social-sharing-box  avia-builder-el-7  el_after_av_hr  el_before_av_hr  '><div class='av-share-box'><h5 class='av-share-link-description av-no-toc '>Compartir esta noticia<\/h5><ul class='av-share-box-list noLightbox'><li class='av-share-link av-social-link-facebook' ><a target=\"_blank\" aria-label=\"Compartir en Facebook\" href='https:\/\/www.facebook.com\/sharer.php?u=https:\/\/radiorevelacionfm.cl\/?p=21844&#038;t=Municipio%20defiende%20el%20contingente%20desplegado%20en%20ayuda%20a%20Ramaderos%20de%20Ays%C3%A9n' aria-hidden='false' data-av_icon='\ue8f3' data-av_iconfont='entypo-fontello' title='' data-avia-related-tooltip='Compartir en Facebook' rel=\"noopener\"><span class='avia_hidden_link_text'>Compartir en Facebook<\/span><\/a><\/li><li class='av-share-link av-social-link-twitter' ><a target=\"_blank\" aria-label=\"Compartir en Twitter\" href='https:\/\/twitter.com\/share?text=Municipio%20defiende%20el%20contingente%20desplegado%20en%20ayuda%20a%20Ramaderos%20de%20Ays%C3%A9n&#038;url=https:\/\/radiorevelacionfm.cl\/?p=21844' aria-hidden='false' data-av_icon='\ue8f1' data-av_iconfont='entypo-fontello' title='' data-avia-related-tooltip='Compartir en Twitter' rel=\"noopener\"><span class='avia_hidden_link_text'>Compartir en Twitter<\/span><\/a><\/li><li class='av-share-link av-social-link-whatsapp' ><a target=\"_blank\" aria-label=\"Compartir en Whatsapp\" href='https:\/\/api.whatsapp.com\/send?text=https:\/\/radiorevelacionfm.cl\/?p=21844' aria-hidden='false' data-av_icon='\uf232' data-av_iconfont='entypo-fontello' title='' data-avia-related-tooltip='Compartir en Whatsapp' rel=\"noopener\"><span class='avia_hidden_link_text'>Compartir en Whatsapp<\/span><\/a><\/li><li class='av-share-link av-social-link-linkedin' ><a target=\"_blank\" aria-label=\"Compartir en LinkedIn\" href='https:\/\/linkedin.com\/shareArticle?mini=true&#038;title=Municipio%20defiende%20el%20contingente%20desplegado%20en%20ayuda%20a%20Ramaderos%20de%20Ays%C3%A9n&#038;url=https:\/\/radiorevelacionfm.cl\/?p=21844' aria-hidden='false' data-av_icon='\ue8fc' data-av_iconfont='entypo-fontello' title='' data-avia-related-tooltip='Compartir en LinkedIn' rel=\"noopener\"><span class='avia_hidden_link_text'>Compartir en LinkedIn<\/span><\/a><\/li><li class='av-share-link av-social-link-mail' ><a  aria-label=\"Compartir por correo\" href='mailto:?subject=Municipio%20defiende%20el%20contingente%20desplegado%20en%20ayuda%20a%20Ramaderos%20de%20Ays%C3%A9n&#038;body=https:\/\/radiorevelacionfm.cl\/?p=21844' aria-hidden='false' data-av_icon='\ue805' data-av_iconfont='entypo-fontello' title='' data-avia-related-tooltip='Compartir por correo'><span class='avia_hidden_link_text'>Compartir por correo<\/span><\/a><\/li><\/ul><\/div><\/div>\n<div  style='height:50px' class='hr hr-invisible   avia-builder-el-8  el_after_av_social_share  el_before_av_comments_list '><span class='hr-inner ' ><span class='hr-inner-style'><\/span><\/span><\/div>\n<div  class='av-buildercomment  av-blog-meta-html-info-disabled av-blog-meta-tag-disabled  '><\/div>\n","protected":false},"excerpt":{"rendered":"","protected":false},"author":1,"featured_media":21845,"comment_status":"open","ping_status":"open","sticky":false,"template":"","format":"standard","meta":{"footnotes":""},"categories":[38],"tags":[],"class_list":["post-21844","post","type-post","status-publish","format-standard","has-post-thumbnail","hentry","category-regional"],"jetpack_featured_media_url":"https:\/\/radiorevelacionfm.cl\/wp-content\/uploads\/2022\/09\/img-ramadas-muniaysen2-1-1.jpeg","_links":{"self":[{"href":"https:\/\/radiorevelacionfm.cl\/index.php?rest_route=\/wp\/v2\/posts\/21844","targetHints":{"allow":["GET"]}}],"collection":[{"href":"https:\/\/radiorevelacionfm.cl\/index.php?rest_route=\/wp\/v2\/posts"}],"about":[{"href":"https:\/\/radiorevelacionfm.cl\/index.php?rest_route=\/wp\/v2\/types\/post"}],"author":[{"embeddable":true,"href":"https:\/\/radiorevelacionfm.cl\/index.php?rest_route=\/wp\/v2\/users\/1"}],"replies":[{"embeddable":true,"href":"https:\/\/radiorevelacionfm.cl\/index.php?rest_route=%2Fwp%2Fv2%2Fcomments&post=21844"}],"version-history":[{"count":2,"href":"https:\/\/radiorevelacionfm.cl\/index.php?rest_route=\/wp\/v2\/posts\/21844\/revisions"}],"predecessor-version":[{"id":21860,"href":"https:\/\/radiorevelacionfm.cl\/index.php?rest_route=\/wp\/v2\/posts\/21844\/revisions\/21860"}],"wp:featuredmedia":[{"embeddable":true,"href":"https:\/\/radiorevelacionfm.cl\/index.php?rest_route=\/wp\/v2\/media\/21845"}],"wp:attachment":[{"href":"https:\/\/radiorevelacionfm.cl\/index.php?rest_route=%2Fwp%2Fv2%2Fmedia&parent=21844"}],"wp:term":[{"taxonomy":"category","embeddable":true,"href":"https:\/\/radiorevelacionfm.cl\/index.php?rest_route=%2Fwp%2Fv2%2Fcategories&post=21844"},{"taxonomy":"post_tag","embeddable":true,"href":"https:\/\/radiorevelacionfm.cl\/index.php?rest_route=%2Fwp%2Fv2%2Ftags&post=21844"}],"curies":[{"name":"wp","href":"https:\/\/api.w.org\/{rel}","templated":true}]}}