{"id":21832,"date":"2022-09-15T13:00:30","date_gmt":"2022-09-15T16:00:30","guid":{"rendered":"https:\/\/radiorevelacionfm.cl\/?p=21832"},"modified":"2022-09-15T13:00:30","modified_gmt":"2022-09-15T16:00:30","slug":"mesa-de-la-mujer-indigena-se-reune-y-dialoga-con-autoridades","status":"publish","type":"post","link":"https:\/\/radiorevelacionfm.cl\/?p=21832","title":{"rendered":"Mesa de la Mujer Ind\u00edgena se re\u00fane y dialoga con autoridades"},"content":{"rendered":"<div class=\"flex_column av_one_full  flex_column_div av-zero-column-padding first  avia-builder-el-0  el_before_av_one_full  avia-builder-el-first  \" style='border-radius:0px; '><div  class='avia-image-container  av-styling-    avia-builder-el-1  avia-builder-el-no-sibling  avia-align-center '  itemprop=\"image\" itemscope=\"itemscope\" itemtype=\"https:\/\/schema.org\/ImageObject\"  ><div class='avia-image-container-inner'><div class='avia-image-overlay-wrap'><img decoding=\"async\" class='wp-image-21833 avia-img-lazy-loading-not-21833 avia_image' src=\"https:\/\/radiorevelacionfm.cl\/wp-content\/uploads\/2022\/09\/Mesa-Mujer-Indigena-6-1-1.jpg\" alt='' title='Mesa Mujer Ind\u00edgena (6) (1) (1)' height=\"600\" width=\"901\"  itemprop=\"thumbnailUrl\" srcset=\"https:\/\/radiorevelacionfm.cl\/wp-content\/uploads\/2022\/09\/Mesa-Mujer-Indigena-6-1-1.jpg 901w, https:\/\/radiorevelacionfm.cl\/wp-content\/uploads\/2022\/09\/Mesa-Mujer-Indigena-6-1-1-300x200.jpg 300w, https:\/\/radiorevelacionfm.cl\/wp-content\/uploads\/2022\/09\/Mesa-Mujer-Indigena-6-1-1-768x511.jpg 768w, https:\/\/radiorevelacionfm.cl\/wp-content\/uploads\/2022\/09\/Mesa-Mujer-Indigena-6-1-1-705x469.jpg 705w, https:\/\/radiorevelacionfm.cl\/wp-content\/uploads\/2022\/09\/Mesa-Mujer-Indigena-6-1-1-600x400.jpg 600w\" sizes=\"(max-width: 901px) 100vw, 901px\" \/><\/div><\/div><\/div><\/div><div class=\"flex_column av_one_full  flex_column_div av-zero-column-padding first  avia-builder-el-2  el_after_av_one_full  el_before_av_one_full  column-top-margin\" style='border-radius:0px; '><section class=\"av_textblock_section \"  itemscope=\"itemscope\" itemtype=\"https:\/\/schema.org\/BlogPosting\" itemprop=\"blogPost\" ><div class='avia_textblock  '   itemprop=\"text\" ><p style=\"text-align: center;\"><strong><span style=\"font-size: 18pt;\">Mesa de la Mujer Ind\u00edgena se re\u00fane y dialoga con autoridades<\/span><\/strong><\/p>\n<div id=\"gtx-trans\" style=\"position: absolute; left: -50px; top: 4.31534px;\">\n<div class=\"gtx-trans-icon\"><\/div>\n<\/div>\n<\/div><\/section><\/div><div class=\"flex_column av_one_full  flex_column_div av-zero-column-padding first  avia-builder-el-4  el_after_av_one_full  el_before_av_hr  column-top-margin\" style='border-radius:0px; '><section class=\"av_textblock_section \"  itemscope=\"itemscope\" itemtype=\"https:\/\/schema.org\/BlogPosting\" itemprop=\"blogPost\" ><div class='avia_textblock  '   itemprop=\"text\" ><p style=\"font-weight: 400; text-align: justify;\">En la sede de la junta vecinal Clotario Blest en la capital regional, la Mesa de la Mujer Ind\u00edgena organiz\u00f3 un encuentro en el que participaron las agrupaciones, asociaciones y comunidades mapuche de la comuna de Coyhaique. La actividad tuvo por finalidad, generar un espacio de encuentro y reflexi\u00f3n en el marco del D\u00eda Internacional de la Mujer Ind\u00edgena, oportunidad en la que fueron invitadas autoridades regionales.<\/p>\n<p style=\"font-weight: 400; text-align: justify;\">La Gobernadora Regional de Ays\u00e9n, Andrea Mac\u00edas Palma, dijo: \u201ccada 5 de septiembre, d\u00eda en que se conmemora el D\u00eda de la Mujer Ind\u00edgena, es una fecha de suma importancia, porque las mujeres son guardadoras de sabidur\u00eda y cumplen roles fundamentales en sus comunidades. Sobre todo, en la trasmisi\u00f3n del conocimiento de un pueblo que lucha d\u00eda a d\u00eda por preservar sus creencias y tradiciones. Con una cosmovisi\u00f3n que tambi\u00e9n nos ha permeado como sociedad y que nos hace entender que todas las personas somos parte de este pueblo chileno, y desde el Estado, debemos reconocer su aporte\u201d.<\/p>\n<p style=\"font-weight: 400; text-align: justify;\">Por su parte, la Seremi de Desarrollo Social y Familia, Karina Acevedo Auad, destac\u00f3 que \u201cconversamos con las diferentes agrupaciones y asociaciones, resaltando la labor de la Mesa de la Mujer Ind\u00edgena y compartimos con cada una de ellas. Asimismo, conocimos sus telares, hierbas; es decir, todas las actividades que como mujeres realizan. Es en este compartir que hacemos carne lo que el Presidente nos ha pedido que es estar en el territorio, con las comunidades y escuchar lo que necesitan, siendo parte de las soluciones\u201d.<\/p>\n<p style=\"font-weight: 400; text-align: justify;\">En tanto, la Presidenta de la Comunidad Re\u00f1ma Trapen, Ana Pairo, expres\u00f3: \u201cfue una muy buena experiencia, porque me reun\u00ed con mis otras hermanas y adem\u00e1s con las autoridades que tambi\u00e9n estuvieron presentes; as\u00ed que fue un orgullo el haber compartido con ellas. Espero que cada a\u00f1o seamos m\u00e1s unidas. El mensaje para todas las mujeres que conmemoramos el D\u00eda de la Mujer Ind\u00edgena es a no olvidarse de la cultura mapuche, que nuestro re\u00f1ma no se pierda y sigamos adelante\u201d.<\/p>\n<p style=\"font-weight: 400; text-align: justify;\">A la actividad conmemorativa del D\u00eda Internacional de la Mujer Ind\u00edgena asistieron las comunidades Llaipen Mariman, Carfulef, Re\u00f1ma Trapem y Manuel\u00a0Canuman. En tanto, de las asociaciones participaron We Folil, Maw\u00fcn Kurruf, Tai\u00f1 Mapu Coyhaike, Pangui Mapu y Pu Wechekeche. Asimismo, concurri\u00f3 la Coordinadora Regional de CONADI, Pamela Huaitiao Almonacid, y la representante del Jefe de la XI Zona de Carabineros Ays\u00e9n, capitana Camila Rojas.<\/p>\n<p style=\"font-weight: 400; text-align: justify;\"><strong>TRABAJO CONJUNTO SERNAMEG- CONADI<\/strong><\/p>\n<p style=\"font-weight: 400; text-align: justify;\">Desarrollar una labor conjunta para coordinar acciones dirigidas a emprendedoras es el objetivo de la Mesa de la Mujer Ind\u00edgena, liderada por el Servicio Nacional de la Mujer y la Equidad de G\u00e9nero y la Corporaci\u00f3n Nacional de Desarrollo Ind\u00edgena. En esa l\u00ednea, la Directora Regional (s) de SernamEG, Carla Arriagada Malague\u00f1o, precis\u00f3 que \u201cCONADI es un aliado estrat\u00e9gico, con el que hemos impulsado un trabajo permanente en el tiempo, con la finalidad de generar las condiciones para que las mujeres de pueblos originarios puedan, principalmente, alcanzar y\/o mantener su autonom\u00eda econ\u00f3mica. En esta nueva etapa, tambi\u00e9n hemos atendido la solicitud de organizar actividades para convocar a las autoridades; y de esta forma, las mujeres den a conocer sus inquietudes y requerimientos\u201d.<\/p>\n<p style=\"font-weight: 400; text-align: justify;\">Una de las principales iniciativas levantadas fue en marzo, con la segunda versi\u00f3n de la Feria Mujer Ind\u00edgena, en la que participaron 22 expositoras, las que junto con potenciar sus negocios pudieron difundir su cultura. En junio pasado se realiz\u00f3, en la sede social de la Poblaci\u00f3n Clotario Blest en Coyhaique, el Wi\u00f1ol Tripantu que marca la renovaci\u00f3n de un nuevo ciclo con el solsticio de invierno, en la ocasi\u00f3n, se efectuaron talleres de mapudungun, witral, hierbas medicinales y cosmovisi\u00f3n mapuche. Posteriormente, en el mes de julio, fue organizada una reuni\u00f3n con el nuevo Director Nacional de la Corporaci\u00f3n Nacional de Desarrollo Ind\u00edgena, Luis Penchuleo Morales; cuyo objetivo fue socializar las principales necesidades de las agrupaciones, asociaciones y comunidades mapuche de la comuna de Coyhaique.<\/p>\n<\/div><\/section><\/div><div  style='height:50px' class='hr hr-invisible   avia-builder-el-6  el_after_av_one_full  el_before_av_social_share '><span class='hr-inner ' ><span class='hr-inner-style'><\/span><\/span><\/div><\/p>\n<div  class='av-social-sharing-box  avia-builder-el-7  el_after_av_hr  el_before_av_hr  '><div class='av-share-box'><h5 class='av-share-link-description av-no-toc '>Compartir esta noticia<\/h5><ul class='av-share-box-list noLightbox'><li class='av-share-link av-social-link-facebook' ><a target=\"_blank\" aria-label=\"Compartir en Facebook\" href='https:\/\/www.facebook.com\/sharer.php?u=https:\/\/radiorevelacionfm.cl\/?p=21832&#038;t=Mesa%20de%20la%20Mujer%20Ind%C3%ADgena%20se%20re%C3%BAne%20y%20dialoga%20con%20autoridades' aria-hidden='false' data-av_icon='\ue8f3' data-av_iconfont='entypo-fontello' title='' data-avia-related-tooltip='Compartir en Facebook' rel=\"noopener\"><span class='avia_hidden_link_text'>Compartir en Facebook<\/span><\/a><\/li><li class='av-share-link av-social-link-twitter' ><a target=\"_blank\" aria-label=\"Compartir en Twitter\" href='https:\/\/twitter.com\/share?text=Mesa%20de%20la%20Mujer%20Ind%C3%ADgena%20se%20re%C3%BAne%20y%20dialoga%20con%20autoridades&#038;url=https:\/\/radiorevelacionfm.cl\/?p=21832' aria-hidden='false' data-av_icon='\ue8f1' data-av_iconfont='entypo-fontello' title='' data-avia-related-tooltip='Compartir en Twitter' rel=\"noopener\"><span class='avia_hidden_link_text'>Compartir en Twitter<\/span><\/a><\/li><li class='av-share-link av-social-link-whatsapp' ><a target=\"_blank\" aria-label=\"Compartir en Whatsapp\" href='https:\/\/api.whatsapp.com\/send?text=https:\/\/radiorevelacionfm.cl\/?p=21832' aria-hidden='false' data-av_icon='\uf232' data-av_iconfont='entypo-fontello' title='' data-avia-related-tooltip='Compartir en Whatsapp' rel=\"noopener\"><span class='avia_hidden_link_text'>Compartir en Whatsapp<\/span><\/a><\/li><li class='av-share-link av-social-link-linkedin' ><a target=\"_blank\" aria-label=\"Compartir en LinkedIn\" href='https:\/\/linkedin.com\/shareArticle?mini=true&#038;title=Mesa%20de%20la%20Mujer%20Ind%C3%ADgena%20se%20re%C3%BAne%20y%20dialoga%20con%20autoridades&#038;url=https:\/\/radiorevelacionfm.cl\/?p=21832' aria-hidden='false' data-av_icon='\ue8fc' data-av_iconfont='entypo-fontello' title='' data-avia-related-tooltip='Compartir en LinkedIn' rel=\"noopener\"><span class='avia_hidden_link_text'>Compartir en LinkedIn<\/span><\/a><\/li><li class='av-share-link av-social-link-mail' ><a  aria-label=\"Compartir por correo\" href='mailto:?subject=Mesa%20de%20la%20Mujer%20Ind%C3%ADgena%20se%20re%C3%BAne%20y%20dialoga%20con%20autoridades&#038;body=https:\/\/radiorevelacionfm.cl\/?p=21832' aria-hidden='false' data-av_icon='\ue805' data-av_iconfont='entypo-fontello' title='' data-avia-related-tooltip='Compartir por correo'><span class='avia_hidden_link_text'>Compartir por correo<\/span><\/a><\/li><\/ul><\/div><\/div>\n<div  style='height:50px' class='hr hr-invisible   avia-builder-el-8  el_after_av_social_share  el_before_av_comments_list '><span class='hr-inner ' ><span class='hr-inner-style'><\/span><\/span><\/div>\n<div  class='av-buildercomment  av-blog-meta-html-info-disabled av-blog-meta-tag-disabled  '><\/div>\n","protected":false},"excerpt":{"rendered":"","protected":false},"author":1,"featured_media":21833,"comment_status":"open","ping_status":"open","sticky":false,"template":"","format":"standard","meta":{"footnotes":""},"categories":[38],"tags":[],"class_list":["post-21832","post","type-post","status-publish","format-standard","has-post-thumbnail","hentry","category-regional"],"jetpack_featured_media_url":"https:\/\/radiorevelacionfm.cl\/wp-content\/uploads\/2022\/09\/Mesa-Mujer-Indigena-6-1-1.jpg","_links":{"self":[{"href":"https:\/\/radiorevelacionfm.cl\/index.php?rest_route=\/wp\/v2\/posts\/21832","targetHints":{"allow":["GET"]}}],"collection":[{"href":"https:\/\/radiorevelacionfm.cl\/index.php?rest_route=\/wp\/v2\/posts"}],"about":[{"href":"https:\/\/radiorevelacionfm.cl\/index.php?rest_route=\/wp\/v2\/types\/post"}],"author":[{"embeddable":true,"href":"https:\/\/radiorevelacionfm.cl\/index.php?rest_route=\/wp\/v2\/users\/1"}],"replies":[{"embeddable":true,"href":"https:\/\/radiorevelacionfm.cl\/index.php?rest_route=%2Fwp%2Fv2%2Fcomments&post=21832"}],"version-history":[{"count":2,"href":"https:\/\/radiorevelacionfm.cl\/index.php?rest_route=\/wp\/v2\/posts\/21832\/revisions"}],"predecessor-version":[{"id":21873,"href":"https:\/\/radiorevelacionfm.cl\/index.php?rest_route=\/wp\/v2\/posts\/21832\/revisions\/21873"}],"wp:featuredmedia":[{"embeddable":true,"href":"https:\/\/radiorevelacionfm.cl\/index.php?rest_route=\/wp\/v2\/media\/21833"}],"wp:attachment":[{"href":"https:\/\/radiorevelacionfm.cl\/index.php?rest_route=%2Fwp%2Fv2%2Fmedia&parent=21832"}],"wp:term":[{"taxonomy":"category","embeddable":true,"href":"https:\/\/radiorevelacionfm.cl\/index.php?rest_route=%2Fwp%2Fv2%2Fcategories&post=21832"},{"taxonomy":"post_tag","embeddable":true,"href":"https:\/\/radiorevelacionfm.cl\/index.php?rest_route=%2Fwp%2Fv2%2Ftags&post=21832"}],"curies":[{"name":"wp","href":"https:\/\/api.w.org\/{rel}","templated":true}]}}