{"id":21829,"date":"2022-09-14T21:57:02","date_gmt":"2022-09-15T00:57:02","guid":{"rendered":"https:\/\/radiorevelacionfm.cl\/?p=21829"},"modified":"2022-09-14T21:57:02","modified_gmt":"2022-09-15T00:57:02","slug":"corte-ordena-nueva-audiencia-de-preparacion-de-juicio-por-prevaricacion-y-revelacion-de-secreto-en-causa-de-jueza-urbina","status":"publish","type":"post","link":"https:\/\/radiorevelacionfm.cl\/?p=21829","title":{"rendered":"Corte ordena nueva audiencia de preparaci\u00f3n de juicio por prevaricaci\u00f3n y revelaci\u00f3n de secreto en causa de Jueza Urbina"},"content":{"rendered":"<div class=\"flex_column av_one_full  flex_column_div av-zero-column-padding first  avia-builder-el-0  el_before_av_one_full  avia-builder-el-first  \" style='border-radius:0px; '><div  class='avia-image-container  av-styling-    avia-builder-el-1  avia-builder-el-no-sibling  avia-align-center '  itemprop=\"image\" itemscope=\"itemscope\" itemtype=\"https:\/\/schema.org\/ImageObject\"  ><div class='avia-image-container-inner'><div class='avia-image-overlay-wrap'><img decoding=\"async\" class='wp-image-18548 avia-img-lazy-loading-not-18548 avia_image' src=\"https:\/\/radiorevelacionfm.cl\/wp-content\/uploads\/2022\/06\/Cecilia-Urbina-magistrada-1-1.jpg\" alt='' title='Cecilia-Urbina-magistrada (1) (1)' height=\"600\" width=\"802\"  itemprop=\"thumbnailUrl\" srcset=\"https:\/\/radiorevelacionfm.cl\/wp-content\/uploads\/2022\/06\/Cecilia-Urbina-magistrada-1-1.jpg 802w, https:\/\/radiorevelacionfm.cl\/wp-content\/uploads\/2022\/06\/Cecilia-Urbina-magistrada-1-1-300x224.jpg 300w, https:\/\/radiorevelacionfm.cl\/wp-content\/uploads\/2022\/06\/Cecilia-Urbina-magistrada-1-1-768x575.jpg 768w, https:\/\/radiorevelacionfm.cl\/wp-content\/uploads\/2022\/06\/Cecilia-Urbina-magistrada-1-1-705x527.jpg 705w, https:\/\/radiorevelacionfm.cl\/wp-content\/uploads\/2022\/06\/Cecilia-Urbina-magistrada-1-1-600x449.jpg 600w\" sizes=\"(max-width: 802px) 100vw, 802px\" \/><\/div><\/div><\/div><\/div><div class=\"flex_column av_one_full  flex_column_div av-zero-column-padding first  avia-builder-el-2  el_after_av_one_full  el_before_av_one_full  column-top-margin\" style='border-radius:0px; '><section class=\"av_textblock_section \"  itemscope=\"itemscope\" itemtype=\"https:\/\/schema.org\/BlogPosting\" itemprop=\"blogPost\" ><div class='avia_textblock  '   itemprop=\"text\" ><p style=\"text-align: center;\"><strong><span style=\"font-size: 18pt;\">Corte ordena nueva audiencia de preparaci\u00f3n de juicio por prevaricaci\u00f3n y revelaci\u00f3n de secreto en causa de Jueza Urbina<\/span><\/strong><\/p>\n<div id=\"gtx-trans\" style=\"position: absolute; left: -50px; top: 4.31534px;\">\n<div class=\"gtx-trans-icon\"><\/div>\n<\/div>\n<\/div><\/section><\/div><div class=\"flex_column av_one_full  flex_column_div av-zero-column-padding first  avia-builder-el-4  el_after_av_one_full  el_before_av_hr  column-top-margin\" style='border-radius:0px; '><section class=\"av_textblock_section \"  itemscope=\"itemscope\" itemtype=\"https:\/\/schema.org\/BlogPosting\" itemprop=\"blogPost\" ><div class='avia_textblock  '   itemprop=\"text\" ><p class=\"v1MsoNormal\" style=\"text-align: justify;\">La Corte de Coyhaique acogi\u00f3 el recurso de apelaci\u00f3n interpuesto por el Consejo de Defensa del Estado (CDE) en contra de la resoluci\u00f3n del Juzgado de Garant\u00eda de la ciudad, que declar\u00f3 el abandono de la querella presentada por la recurrente en contra de la jueza Cecilia Eliana Urbina Pinto, indagada por los delitos de prevaricaci\u00f3n y revelaci\u00f3n de secreto.<\/p>\n<p class=\"v1MsoNormal\" style=\"text-align: justify;\">En fallo un\u00e1nime (causa rol 171-2022), la Primera Sala del tribunal de alzada \u2013integrada por los ministros Sergio Mora Vallejos, Pedro Castro Espinoza, Jos\u00e9 Ignacio Mora Trujillo y Natalia Rencoret Oliva\u2013\u00a0revoc\u00f3 la sentencia dictada el 3 de agosto reci\u00e9n pasado, por considerar que el querellante no tuvo certeza del plazo para presentar acusaci\u00f3n particular o adherir a la presentada por el Ministerio P\u00fablico.<\/p>\n<p class=\"v1MsoNormal\" style=\"text-align: justify;\">\u00ab(&#8230;) cabe hacer presente que, en el caso del querellante, este tiene el derecho a conocer con toda exactitud y certeza la oportunidad en la que puede ejercer sus derechos procesales y, en el caso de autos, si bien dicho interviniente pudo conocer la fecha de inicio de dicho lapso, que ser\u00eda desde el momento en que el Ministerio P\u00fablico dedujo la acusaci\u00f3n fiscal, no pudo conocer en definitiva hasta qu\u00e9 momento pod\u00eda ejercer tales derechos, puesto que la \u00fanica norma que se\u00f1ala dicha \u00e9poca, es el art\u00edculo 261 del C\u00f3digo Procesal Penal, al establecer que lo puede hacer hasta 15 d\u00edas antes de la audiencia de preparaci\u00f3n de juicio oral, sin embargo, la fecha de esta audiencia, solo se conoci\u00f3 en la resoluci\u00f3n de fecha 20 de julio de 2022, en que se fij\u00f3 para el d\u00eda 3 de agosto siguiente, por lo que, siguiendo el c\u00f3mputo de la norma reci\u00e9n citada, pudo el querellante ejercer sus derechos hasta antes del d\u00eda 19 de julio, momento en que a\u00fan no se conoc\u00eda la fecha de la audiencia porque esta se fij\u00f3 al d\u00eda siguiente\u00bb, sostiene el fallo.<\/p>\n<p class=\"v1MsoNormal\" style=\"text-align: justify;\">La resoluci\u00f3n agrega que: \u00abLa falta de certeza reci\u00e9n anotada perjudica directamente al querellante, puesto que el c\u00f3mputo del plazo para ejercer sus derechos se determina legalmente desde la fecha fijada para la audiencia respectiva, y si a\u00fan no se ha fijado esta, no puede el querellante saber hasta qu\u00e9 momento puede hacer uso de sus facultades\u00bb.<\/p>\n<p class=\"v1MsoNormal\" style=\"text-align: justify;\">Para el tribunal de alzada, en la especie: \u00ab(&#8230;) en m\u00e9rito de estas argumentaciones y, a fin de resguardar los derechos de todos los intervinientes en estos autos y que todos ellos puedan ejercerlos oportunamente, resolviendo la contradicci\u00f3n presentada entre las normas citadas, y ante el silencio del art\u00edculo 428 del C\u00f3digo Procesal Penal, en relaci\u00f3n al momento en que el querellante puede ejercer sus prerrogativas legales, deber\u00e1 necesariamente seguirse lo dispuesto en el art\u00edculo 261 de dicho texto legal, en cuanto a la oportunidad para que el querellante ejerza sus derechos, dej\u00e1ndose sin efecto lo actuado en la causa y retrotray\u00e9ndola al estado que se expresar\u00e1 en lo resolutivo\u00bb.<\/p>\n<p class=\"v1MsoNormal\" style=\"text-align: justify;\">Por tanto, se resuelve que: \u00ab<b>SE REVOCA,\u00a0<\/b>sin costas, la resoluci\u00f3n apelada, de fecha tres de agosto de dos mil veintid\u00f3s, en cuanto por ella se rechaz\u00f3 el recurso de reposici\u00f3n deducido por la parte querellante y se declar\u00f3 el abandono de la querella presentada por dicha parte y, en su lugar, se resuelve que se acoge dicha reposici\u00f3n y se rechaza la solicitud de la defensa de la capitulada, en orden a que se declare el abandono de la querella, debiendo retrotraerse la causa al estado de fijarse por el Juzgado de Garant\u00eda de Coyhaique la fecha de celebraci\u00f3n de la audiencia de preparaci\u00f3n de juicio oral, en los t\u00e9rminos que establece el art\u00edculo 261 del C\u00f3digo Procesal Penal, debi\u00e9ndose esta celebrar con todos los intervinientes que se han presentado en la presente causa\u00bb.<\/p>\n<p class=\"v1MsoNormal\" style=\"text-align: justify;\">\u00abTeniendo conocimiento que los antecedentes se encuentran actualmente radicados en el Tribunal de Juicio Oral de Coyhaique, bajo la vigencia de una orden de no innovar, transcr\u00edbase la presente resoluci\u00f3n a dicho Tribunal, a fin de que remita los antecedentes al Juzgado de Garant\u00eda de Coyhaique, con el objeto de cumplir con lo ordenado\u00bb, concluye.<\/p>\n<\/div><\/section><\/div><\/p>\n<div  style='height:50px' class='hr hr-invisible   avia-builder-el-6  el_after_av_one_full  el_before_av_social_share '><span class='hr-inner ' ><span class='hr-inner-style'><\/span><\/span><\/div>\n<div  class='av-social-sharing-box  avia-builder-el-7  el_after_av_hr  el_before_av_hr  '><div class='av-share-box'><h5 class='av-share-link-description av-no-toc '>Compartir esta noticia<\/h5><ul class='av-share-box-list noLightbox'><li class='av-share-link av-social-link-facebook' ><a target=\"_blank\" aria-label=\"Compartir en Facebook\" href='https:\/\/www.facebook.com\/sharer.php?u=https:\/\/radiorevelacionfm.cl\/?p=21829&#038;t=Corte%20ordena%20nueva%20audiencia%20de%20preparaci%C3%B3n%20de%20juicio%20por%20prevaricaci%C3%B3n%20y%20revelaci%C3%B3n%20de%20secreto%20en%20causa%20de%20Jueza%20Urbina' aria-hidden='false' data-av_icon='\ue8f3' data-av_iconfont='entypo-fontello' title='' data-avia-related-tooltip='Compartir en Facebook' rel=\"noopener\"><span class='avia_hidden_link_text'>Compartir en Facebook<\/span><\/a><\/li><li class='av-share-link av-social-link-twitter' ><a target=\"_blank\" aria-label=\"Compartir en Twitter\" href='https:\/\/twitter.com\/share?text=Corte%20ordena%20nueva%20audiencia%20de%20preparaci%C3%B3n%20de%20juicio%20por%20prevaricaci%C3%B3n%20y%20revelaci%C3%B3n%20de%20secreto%20en%20causa%20de%20Jueza%20Urbina&#038;url=https:\/\/radiorevelacionfm.cl\/?p=21829' aria-hidden='false' data-av_icon='\ue8f1' data-av_iconfont='entypo-fontello' title='' data-avia-related-tooltip='Compartir en Twitter' rel=\"noopener\"><span class='avia_hidden_link_text'>Compartir en Twitter<\/span><\/a><\/li><li class='av-share-link av-social-link-whatsapp' ><a target=\"_blank\" aria-label=\"Compartir en Whatsapp\" href='https:\/\/api.whatsapp.com\/send?text=https:\/\/radiorevelacionfm.cl\/?p=21829' aria-hidden='false' data-av_icon='\uf232' data-av_iconfont='entypo-fontello' title='' data-avia-related-tooltip='Compartir en Whatsapp' rel=\"noopener\"><span class='avia_hidden_link_text'>Compartir en Whatsapp<\/span><\/a><\/li><li class='av-share-link av-social-link-linkedin' ><a target=\"_blank\" aria-label=\"Compartir en LinkedIn\" href='https:\/\/linkedin.com\/shareArticle?mini=true&#038;title=Corte%20ordena%20nueva%20audiencia%20de%20preparaci%C3%B3n%20de%20juicio%20por%20prevaricaci%C3%B3n%20y%20revelaci%C3%B3n%20de%20secreto%20en%20causa%20de%20Jueza%20Urbina&#038;url=https:\/\/radiorevelacionfm.cl\/?p=21829' aria-hidden='false' data-av_icon='\ue8fc' data-av_iconfont='entypo-fontello' title='' data-avia-related-tooltip='Compartir en LinkedIn' rel=\"noopener\"><span class='avia_hidden_link_text'>Compartir en LinkedIn<\/span><\/a><\/li><li class='av-share-link av-social-link-mail' ><a  aria-label=\"Compartir por correo\" href='mailto:?subject=Corte%20ordena%20nueva%20audiencia%20de%20preparaci%C3%B3n%20de%20juicio%20por%20prevaricaci%C3%B3n%20y%20revelaci%C3%B3n%20de%20secreto%20en%20causa%20de%20Jueza%20Urbina&#038;body=https:\/\/radiorevelacionfm.cl\/?p=21829' aria-hidden='false' data-av_icon='\ue805' data-av_iconfont='entypo-fontello' title='' data-avia-related-tooltip='Compartir por correo'><span class='avia_hidden_link_text'>Compartir por correo<\/span><\/a><\/li><\/ul><\/div><\/div>\n<div  style='height:50px' class='hr hr-invisible   avia-builder-el-8  el_after_av_social_share  el_before_av_comments_list '><span class='hr-inner ' ><span class='hr-inner-style'><\/span><\/span><\/div>\n<div  class='av-buildercomment  av-blog-meta-html-info-disabled av-blog-meta-tag-disabled  '><\/div>\n","protected":false},"excerpt":{"rendered":"","protected":false},"author":1,"featured_media":18548,"comment_status":"open","ping_status":"open","sticky":false,"template":"","format":"standard","meta":{"footnotes":""},"categories":[55],"tags":[],"class_list":["post-21829","post","type-post","status-publish","format-standard","has-post-thumbnail","hentry","category-justicia"],"jetpack_featured_media_url":"https:\/\/radiorevelacionfm.cl\/wp-content\/uploads\/2022\/06\/Cecilia-Urbina-magistrada-1-1.jpg","_links":{"self":[{"href":"https:\/\/radiorevelacionfm.cl\/index.php?rest_route=\/wp\/v2\/posts\/21829","targetHints":{"allow":["GET"]}}],"collection":[{"href":"https:\/\/radiorevelacionfm.cl\/index.php?rest_route=\/wp\/v2\/posts"}],"about":[{"href":"https:\/\/radiorevelacionfm.cl\/index.php?rest_route=\/wp\/v2\/types\/post"}],"author":[{"embeddable":true,"href":"https:\/\/radiorevelacionfm.cl\/index.php?rest_route=\/wp\/v2\/users\/1"}],"replies":[{"embeddable":true,"href":"https:\/\/radiorevelacionfm.cl\/index.php?rest_route=%2Fwp%2Fv2%2Fcomments&post=21829"}],"version-history":[{"count":3,"href":"https:\/\/radiorevelacionfm.cl\/index.php?rest_route=\/wp\/v2\/posts\/21829\/revisions"}],"predecessor-version":[{"id":21856,"href":"https:\/\/radiorevelacionfm.cl\/index.php?rest_route=\/wp\/v2\/posts\/21829\/revisions\/21856"}],"wp:featuredmedia":[{"embeddable":true,"href":"https:\/\/radiorevelacionfm.cl\/index.php?rest_route=\/wp\/v2\/media\/18548"}],"wp:attachment":[{"href":"https:\/\/radiorevelacionfm.cl\/index.php?rest_route=%2Fwp%2Fv2%2Fmedia&parent=21829"}],"wp:term":[{"taxonomy":"category","embeddable":true,"href":"https:\/\/radiorevelacionfm.cl\/index.php?rest_route=%2Fwp%2Fv2%2Fcategories&post=21829"},{"taxonomy":"post_tag","embeddable":true,"href":"https:\/\/radiorevelacionfm.cl\/index.php?rest_route=%2Fwp%2Fv2%2Ftags&post=21829"}],"curies":[{"name":"wp","href":"https:\/\/api.w.org\/{rel}","templated":true}]}}