{"id":21826,"date":"2022-09-14T17:58:57","date_gmt":"2022-09-14T20:58:57","guid":{"rendered":"https:\/\/radiorevelacionfm.cl\/?p=21826"},"modified":"2022-09-14T17:58:57","modified_gmt":"2022-09-14T20:58:57","slug":"mas-de-20-emprendedores-as-regionales-ofrecen-productos-y-servicios-en-vitrina-digital-fonda-fosis","status":"publish","type":"post","link":"https:\/\/radiorevelacionfm.cl\/?p=21826","title":{"rendered":"M\u00e1s de 20 emprendedores\/as regionales ofrecen productos y servicios en vitrina digital Fonda FOSIS"},"content":{"rendered":"<div class=\"flex_column av_one_full  flex_column_div av-zero-column-padding first  avia-builder-el-0  el_before_av_one_full  avia-builder-el-first  \" style='border-radius:0px; '><div  class='avia-image-container  av-styling-    avia-builder-el-1  avia-builder-el-no-sibling  avia-align-center '  itemprop=\"image\" itemscope=\"itemscope\" itemtype=\"https:\/\/schema.org\/ImageObject\"  ><div class='avia-image-container-inner'><div class='avia-image-overlay-wrap'><img decoding=\"async\" class='wp-image-21827 avia-img-lazy-loading-not-21827 avia_image' src=\"https:\/\/radiorevelacionfm.cl\/wp-content\/uploads\/2022\/09\/1-ff1-1_optimized-1.jpg\" alt='' title='1-ff1-(1)_optimized (1)' height=\"600\" width=\"1185\"  itemprop=\"thumbnailUrl\" srcset=\"https:\/\/radiorevelacionfm.cl\/wp-content\/uploads\/2022\/09\/1-ff1-1_optimized-1.jpg 1185w, https:\/\/radiorevelacionfm.cl\/wp-content\/uploads\/2022\/09\/1-ff1-1_optimized-1-300x152.jpg 300w, https:\/\/radiorevelacionfm.cl\/wp-content\/uploads\/2022\/09\/1-ff1-1_optimized-1-1030x522.jpg 1030w, https:\/\/radiorevelacionfm.cl\/wp-content\/uploads\/2022\/09\/1-ff1-1_optimized-1-768x389.jpg 768w, https:\/\/radiorevelacionfm.cl\/wp-content\/uploads\/2022\/09\/1-ff1-1_optimized-1-705x357.jpg 705w, https:\/\/radiorevelacionfm.cl\/wp-content\/uploads\/2022\/09\/1-ff1-1_optimized-1-600x304.jpg 600w\" sizes=\"(max-width: 1185px) 100vw, 1185px\" \/><\/div><\/div><\/div><\/div><div class=\"flex_column av_one_full  flex_column_div av-zero-column-padding first  avia-builder-el-2  el_after_av_one_full  el_before_av_one_full  column-top-margin\" style='border-radius:0px; '><section class=\"av_textblock_section \"  itemscope=\"itemscope\" itemtype=\"https:\/\/schema.org\/BlogPosting\" itemprop=\"blogPost\" ><div class='avia_textblock  '   itemprop=\"text\" ><p style=\"text-align: center;\"><span style=\"font-size: 18pt;\"><strong>M\u00e1s de 20 emprendedores\/as regionales ofrecen productos y servicios en vitrina digital Fonda FOSIS<\/strong><\/span><\/p>\n<div id=\"gtx-trans\" style=\"position: absolute; left: -50px; top: 4.31534px;\">\n<div class=\"gtx-trans-icon\"><\/div>\n<\/div>\n<\/div><\/section><\/div><div class=\"flex_column av_one_full  flex_column_div av-zero-column-padding first  avia-builder-el-4  el_after_av_one_full  el_before_av_hr  column-top-margin\" style='border-radius:0px; '><section class=\"av_textblock_section \"  itemscope=\"itemscope\" itemtype=\"https:\/\/schema.org\/BlogPosting\" itemprop=\"blogPost\" ><div class='avia_textblock  '   itemprop=\"text\" ><p style=\"text-align: justify;\">Por tercer a\u00f1o consecutivo, el FOSIS lanza la plataforma digital que entrega una vitrina a peque\u00f1os emprendimientos, con el objetivo de fortalecer la digitalizaci\u00f3n y apoyar la reactivaci\u00f3n econ\u00f3mica de los negocios locales.<\/p>\n<p style=\"text-align: justify;\">21 emprendedores y emprendedoras de la regi\u00f3n de Ays\u00e9n son parte de la Fonda FOSIS que este a\u00f1o re\u00fane rubros como artesan\u00eda, manualidades, vestuario, comida y productos infantiles, con especial foco en productos t\u00edpicos chilenos para celebrar estas Fiestas Patrias.<\/p>\n<p style=\"text-align: justify;\">La artesana en greda y participante de la Fonda FOSIS, Gladys Alarc\u00f3n, convoc\u00f3 a visitar la plataforma y conocer a los emprendedores\/as regionales que son parte de esta iniciativa. \u201cYo invito a cada una de las personas de la regi\u00f3n y de Chile para que puedan ver nuestros productos y conocer a todos los artesanos de la regi\u00f3n que est\u00e1n participando en esta vitrina del FOSIS. Los invitamos a adquirir nuestros productos, que son de muy buena calidad y est\u00e1 reconocido como uno de los t\u00edpicos trabajos de la regi\u00f3n, que son representativos de la cultura local de la comuna de R\u00edo Ib\u00e1\u00f1ez. En la Fonda FOSIS podr\u00e1n encontrar la fuente pastelera para choclo, el mate t\u00edpico, el mate forrado con cuero criollo, vasitos, jarras y fuentes para el pebre o ensaladas, entre otros.\u201d<\/p>\n<p style=\"text-align: justify;\">Fernanda Leiva, Directora Regional del FOSIS en Ays\u00e9n, se\u00f1al\u00f3 que \u00abhemos visitado a Gladys Alarc\u00f3n, reconocida artesana en greda de Puerto Ib\u00e1\u00f1ez, quien nos cont\u00f3 todos los procesos previos que realiza hasta llegar a su producto final, su historia de emprendimiento y experiencia como usuaria del FOSIS. Estamos felices de tener a esta mujer emprendedora en la vitrina digital Fonda FOSIS, de conocer su testimonio y el hermoso trabajo que realiza, cargado de identidad de la Patagonia, rescatando dise\u00f1os de las pinturas rupestres de los pueblos originarios que habitaron el territorio y toda la cultura y tradiciones de la regi\u00f3n de Ays\u00e9n. Queremos invitar a la comunidad a conocer, preferir y apoyar a nuestros emprendedores locales que est\u00e1n presentes en esta vitrina digital que levantamos para estas fiestas patrias, que se encuentra alojada en nuestro sitio web (www.fosis.gob.cl) hasta el 30 de septiembre.\u00bb<\/p>\n<p style=\"text-align: justify;\">El Director Nacional del FOSIS, Nicol\u00e1s Navarrete, mencion\u00f3 que \u201cesta es una excelente oportunidad para que cientos de emprendimientos de todo el pa\u00eds ofrezcan sus productos, fortalezcan la digitalizaci\u00f3n y se den a conocer hacia otras comunas y regiones. Queremos tener un 18 en familia, pero tambi\u00e9n que sirva para reactivar la econom\u00eda local y as\u00ed tener mejores vidas para quienes habitamos en el pa\u00eds.\u201d<\/p>\n<p style=\"text-align: justify;\">Todas las personas que est\u00e1n en la Fonda FOSIS han participado en el programa Emprendamos, que ofrece talleres de emprendimiento, apoyo en la elaboraci\u00f3n de un plan de negocio, financiamiento y acompa\u00f1amiento en la implementaci\u00f3n del negocio.<\/p>\n<p style=\"text-align: justify;\">Cabe destacar que en esta vitrina digital participan emprendedores y emprendedoras de la regi\u00f3n de Ays\u00e9n, quienes desarrollan sus negocios en las comunas de Coyhaique, Ays\u00e9n, R\u00edo Ib\u00e1\u00f1ez, Cisnes, Chile Chico, Lago Verde y Cochrane<\/p>\n<p style=\"text-align: justify;\">En el sitio web de la Fonda FOSIS se accede a los datos de contacto y redes sociales de los emprendimientos para que las personas interesadas en comprar puedan conectarse directamente con los emprendedores y emprendedoras.<\/p>\n<p style=\"text-align: justify;\">La vitrina digital estar\u00e1 disponible hasta el viernes 30 de septiembre en <a href=\"http:\/\/www.fonda.fosis.cl\">www.fonda.fosis.cl<\/a>.<\/p>\n<\/div><\/section><\/div><div  style='height:50px' class='hr hr-invisible   avia-builder-el-6  el_after_av_one_full  el_before_av_social_share '><span class='hr-inner ' ><span class='hr-inner-style'><\/span><\/span><\/div><\/p>\n<div  class='av-social-sharing-box  avia-builder-el-7  el_after_av_hr  el_before_av_hr  '><div class='av-share-box'><h5 class='av-share-link-description av-no-toc '>Compartir esta noticia<\/h5><ul class='av-share-box-list noLightbox'><li class='av-share-link av-social-link-facebook' ><a target=\"_blank\" aria-label=\"Compartir en Facebook\" href='https:\/\/www.facebook.com\/sharer.php?u=https:\/\/radiorevelacionfm.cl\/?p=21826&#038;t=M%C3%A1s%20de%2020%20emprendedores%2Fas%20regionales%20ofrecen%20productos%20y%20servicios%20en%20vitrina%20digital%20Fonda%20FOSIS' aria-hidden='false' data-av_icon='\ue8f3' data-av_iconfont='entypo-fontello' title='' data-avia-related-tooltip='Compartir en Facebook' rel=\"noopener\"><span class='avia_hidden_link_text'>Compartir en Facebook<\/span><\/a><\/li><li class='av-share-link av-social-link-twitter' ><a target=\"_blank\" aria-label=\"Compartir en Twitter\" href='https:\/\/twitter.com\/share?text=M%C3%A1s%20de%2020%20emprendedores%2Fas%20regionales%20ofrecen%20productos%20y%20servicios%20en%20vitrina%20digital%20Fonda%20FOSIS&#038;url=https:\/\/radiorevelacionfm.cl\/?p=21826' aria-hidden='false' data-av_icon='\ue8f1' data-av_iconfont='entypo-fontello' title='' data-avia-related-tooltip='Compartir en Twitter' rel=\"noopener\"><span class='avia_hidden_link_text'>Compartir en Twitter<\/span><\/a><\/li><li class='av-share-link av-social-link-whatsapp' ><a target=\"_blank\" aria-label=\"Compartir en Whatsapp\" href='https:\/\/api.whatsapp.com\/send?text=https:\/\/radiorevelacionfm.cl\/?p=21826' aria-hidden='false' data-av_icon='\uf232' data-av_iconfont='entypo-fontello' title='' data-avia-related-tooltip='Compartir en Whatsapp' rel=\"noopener\"><span class='avia_hidden_link_text'>Compartir en Whatsapp<\/span><\/a><\/li><li class='av-share-link av-social-link-linkedin' ><a target=\"_blank\" aria-label=\"Compartir en LinkedIn\" href='https:\/\/linkedin.com\/shareArticle?mini=true&#038;title=M%C3%A1s%20de%2020%20emprendedores%2Fas%20regionales%20ofrecen%20productos%20y%20servicios%20en%20vitrina%20digital%20Fonda%20FOSIS&#038;url=https:\/\/radiorevelacionfm.cl\/?p=21826' aria-hidden='false' data-av_icon='\ue8fc' data-av_iconfont='entypo-fontello' title='' data-avia-related-tooltip='Compartir en LinkedIn' rel=\"noopener\"><span class='avia_hidden_link_text'>Compartir en LinkedIn<\/span><\/a><\/li><li class='av-share-link av-social-link-mail' ><a  aria-label=\"Compartir por correo\" href='mailto:?subject=M%C3%A1s%20de%2020%20emprendedores%2Fas%20regionales%20ofrecen%20productos%20y%20servicios%20en%20vitrina%20digital%20Fonda%20FOSIS&#038;body=https:\/\/radiorevelacionfm.cl\/?p=21826' aria-hidden='false' data-av_icon='\ue805' data-av_iconfont='entypo-fontello' title='' data-avia-related-tooltip='Compartir por correo'><span class='avia_hidden_link_text'>Compartir por correo<\/span><\/a><\/li><\/ul><\/div><\/div>\n<div  style='height:50px' class='hr hr-invisible   avia-builder-el-8  el_after_av_social_share  el_before_av_comments_list '><span class='hr-inner ' ><span class='hr-inner-style'><\/span><\/span><\/div>\n<div  class='av-buildercomment  av-blog-meta-html-info-disabled av-blog-meta-tag-disabled  '><\/div>\n","protected":false},"excerpt":{"rendered":"","protected":false},"author":1,"featured_media":21827,"comment_status":"open","ping_status":"open","sticky":false,"template":"","format":"standard","meta":{"footnotes":""},"categories":[38],"tags":[],"class_list":["post-21826","post","type-post","status-publish","format-standard","has-post-thumbnail","hentry","category-regional"],"jetpack_featured_media_url":"https:\/\/radiorevelacionfm.cl\/wp-content\/uploads\/2022\/09\/1-ff1-1_optimized-1.jpg","_links":{"self":[{"href":"https:\/\/radiorevelacionfm.cl\/index.php?rest_route=\/wp\/v2\/posts\/21826","targetHints":{"allow":["GET"]}}],"collection":[{"href":"https:\/\/radiorevelacionfm.cl\/index.php?rest_route=\/wp\/v2\/posts"}],"about":[{"href":"https:\/\/radiorevelacionfm.cl\/index.php?rest_route=\/wp\/v2\/types\/post"}],"author":[{"embeddable":true,"href":"https:\/\/radiorevelacionfm.cl\/index.php?rest_route=\/wp\/v2\/users\/1"}],"replies":[{"embeddable":true,"href":"https:\/\/radiorevelacionfm.cl\/index.php?rest_route=%2Fwp%2Fv2%2Fcomments&post=21826"}],"version-history":[{"count":2,"href":"https:\/\/radiorevelacionfm.cl\/index.php?rest_route=\/wp\/v2\/posts\/21826\/revisions"}],"predecessor-version":[{"id":21838,"href":"https:\/\/radiorevelacionfm.cl\/index.php?rest_route=\/wp\/v2\/posts\/21826\/revisions\/21838"}],"wp:featuredmedia":[{"embeddable":true,"href":"https:\/\/radiorevelacionfm.cl\/index.php?rest_route=\/wp\/v2\/media\/21827"}],"wp:attachment":[{"href":"https:\/\/radiorevelacionfm.cl\/index.php?rest_route=%2Fwp%2Fv2%2Fmedia&parent=21826"}],"wp:term":[{"taxonomy":"category","embeddable":true,"href":"https:\/\/radiorevelacionfm.cl\/index.php?rest_route=%2Fwp%2Fv2%2Fcategories&post=21826"},{"taxonomy":"post_tag","embeddable":true,"href":"https:\/\/radiorevelacionfm.cl\/index.php?rest_route=%2Fwp%2Fv2%2Ftags&post=21826"}],"curies":[{"name":"wp","href":"https:\/\/api.w.org\/{rel}","templated":true}]}}