{"id":21823,"date":"2022-09-15T12:05:52","date_gmt":"2022-09-15T15:05:52","guid":{"rendered":"https:\/\/radiorevelacionfm.cl\/?p=21823"},"modified":"2022-09-15T12:05:52","modified_gmt":"2022-09-15T15:05:52","slug":"fundacion-integra-nombra-a-nueva-directora-regional-de-aysen","status":"publish","type":"post","link":"https:\/\/radiorevelacionfm.cl\/?p=21823","title":{"rendered":"Fundaci\u00f3n Integra nombra a nueva directora regional de Ays\u00e9n"},"content":{"rendered":"<div class=\"flex_column av_one_full  flex_column_div av-zero-column-padding first  avia-builder-el-0  el_before_av_one_full  avia-builder-el-first  \" style='border-radius:0px; '><div  class='avia-image-container  av-styling-    avia-builder-el-1  avia-builder-el-no-sibling  avia-align-center '  itemprop=\"image\" itemscope=\"itemscope\" itemtype=\"https:\/\/schema.org\/ImageObject\"  ><div class='avia-image-container-inner'><div class='avia-image-overlay-wrap'><img decoding=\"async\" class='wp-image-21824 avia-img-lazy-loading-not-21824 avia_image' src=\"https:\/\/radiorevelacionfm.cl\/wp-content\/uploads\/2022\/09\/Leticia-Araya-Norambuena-1-1.jpg\" alt='' title='Leticia Araya Norambuena (1) (1)' height=\"600\" width=\"777\"  itemprop=\"thumbnailUrl\" srcset=\"https:\/\/radiorevelacionfm.cl\/wp-content\/uploads\/2022\/09\/Leticia-Araya-Norambuena-1-1.jpg 777w, https:\/\/radiorevelacionfm.cl\/wp-content\/uploads\/2022\/09\/Leticia-Araya-Norambuena-1-1-300x232.jpg 300w, https:\/\/radiorevelacionfm.cl\/wp-content\/uploads\/2022\/09\/Leticia-Araya-Norambuena-1-1-768x593.jpg 768w, https:\/\/radiorevelacionfm.cl\/wp-content\/uploads\/2022\/09\/Leticia-Araya-Norambuena-1-1-705x544.jpg 705w, https:\/\/radiorevelacionfm.cl\/wp-content\/uploads\/2022\/09\/Leticia-Araya-Norambuena-1-1-600x463.jpg 600w\" sizes=\"(max-width: 777px) 100vw, 777px\" \/><\/div><\/div><\/div><\/div><div class=\"flex_column av_one_full  flex_column_div av-zero-column-padding first  avia-builder-el-2  el_after_av_one_full  el_before_av_one_full  column-top-margin\" style='border-radius:0px; '><section class=\"av_textblock_section \"  itemscope=\"itemscope\" itemtype=\"https:\/\/schema.org\/BlogPosting\" itemprop=\"blogPost\" ><div class='avia_textblock  '   itemprop=\"text\" ><p style=\"text-align: center;\"><span style=\"font-size: 18pt;\"><b>Fundaci\u00f3n Integra nombra a nueva directora regional de Ays\u00e9n<\/b><\/span><\/p>\n<div id=\"gtx-trans\" style=\"position: absolute; left: -50px; top: 4.31534px;\">\n<div class=\"gtx-trans-icon\"><\/div>\n<\/div>\n<\/div><\/section><\/div><div class=\"flex_column av_one_full  flex_column_div av-zero-column-padding first  avia-builder-el-4  el_after_av_one_full  el_before_av_hr  column-top-margin\" style='border-radius:0px; '><section class=\"av_textblock_section \"  itemscope=\"itemscope\" itemtype=\"https:\/\/schema.org\/BlogPosting\" itemprop=\"blogPost\" ><div class='avia_textblock  '   itemprop=\"text\" ><p style=\"font-weight: 400; text-align: justify;\">Despu\u00e9s de un largo proceso mixto de selecci\u00f3n, Fundaci\u00f3n Integra present\u00f3 a las personas encargadas de dirigir la instituci\u00f3n en regiones y de impulsar los desaf\u00edos en materia de educaci\u00f3n inicial. En la regi\u00f3n de Ays\u00e9n, quien liderar\u00e1 este nuevo periodo ser\u00e1 Leticia Araya Norambuena, quien es educadora de p\u00e1rvulos de la Universidad Austral de Chile y mag\u00edster en pedagog\u00eda Aplicada en Educaci\u00f3n Superior por la Universidad Tecnol\u00f3gica de Chile \u2013 INACAP.<\/p>\n<p style=\"font-weight: 400; text-align: justify;\">La nueva directora regional cuenta con una amplia experiencia en el \u00e1mbito de la educaci\u00f3n parvularia, dentro de su desarrollo profesional destaca su paso como directora de jardines infantiles, coordinadora pedag\u00f3gica, asesora t\u00e9cnica y coordinadora t\u00e9cnica del departamento de educaci\u00f3n de Fundaci\u00f3n Integra, adem\u00e1s de su trabajo como directora de jardines infantiles de JUNJI. Tambi\u00e9n ha trabajado como docente en varias casas de estudios superiores.<\/p>\n<p style=\"font-weight: 400; text-align: justify;\">La nueva directora regional se\u00f1al\u00f3 que \u201cmi compromiso siempre ha estado con la Primera Infancia y es en ese sentido quiero que tengan certeza que pondr\u00e9 todos mis esfuerzos en generar espacios donde los ni\u00f1os y las ni\u00f1as sean protagonistas de sus aprendizajes y donde el juego sea parte fundamental de este proceso\u201d. A la vez, recalc\u00f3 que \u201cFundaci\u00f3n Integra tiene un compromiso con las infancias y eso se ve en todo el quehacer que se desarrolla en jardines infantiles como las direcciones regionales, buscando generar las condiciones para el desarrollo pleno de los ni\u00f1os y ni\u00f1as\u201d.<\/p>\n<p style=\"font-weight: 400; text-align: justify;\">Los nuevos directores regionales, once mujeres y cinco hombres, provienen en su totalidad del \u00e1rea de la educaci\u00f3n, como profesores y educadores de p\u00e1rvulos, con experiencia en la academia y liderazgo en proyectos educativos.<\/p>\n<p style=\"font-weight: 400; text-align: justify;\">Irina Karamanos, presidenta de Fundaci\u00f3n Integra, quien presidi\u00f3 la primera reuni\u00f3n de trabajo de los nuevos directores regionales se\u00f1al\u00f3 que \u201ctenemos un profundo compromiso con la descentralizaci\u00f3n de las decisiones y la potencia del conocimiento local, adem\u00e1s confiamos en la experiencia y profesionalismo con que las nuevas direcciones regionales comenzar\u00e1n su trabajo luego del valioso concurso p\u00fablico que realizamos para subir el est\u00e1ndar de la fundaci\u00f3n. La jornada permiti\u00f3 conocernos y profundizar en lo que en la pr\u00e1ctica significan los derechos de las y los ni\u00f1os, de lo que significa para cada trabajador y trabajadora de Integra, considerar el rol y agencia que las infancias juegan en nuestras sociedades\u201d.<\/p>\n<p style=\"font-weight: 400; text-align: justify;\">Desde la instituci\u00f3n destacan la rigurosidad de este proceso y lo valoran como un ejercicio de transparencia hacia la ciudadan\u00eda. Adem\u00e1s, se\u00f1alan que quienes han asumido esta responsabilidad no solo cuentan con las credenciales t\u00e9cnicas para hacerlo, sino que tambi\u00e9n tienen el compromiso de realizar una administraci\u00f3n acorde a los desaf\u00edos de la educaci\u00f3n parvularia en las regiones, velando por el bienestar de los equipos de trabajo en los territorios y, sobre todo, poniendo al centro de las decisiones a los ni\u00f1os y las ni\u00f1as.<\/p>\n<p style=\"font-weight: 400; text-align: justify;\">Dentro de las acciones desarrolladas por la nueva directora regional, durante estos primeros d\u00edas, destacan reuniones con autoridades regionales como el Delegado Presidencial, Rodrigo Araya; con la Seremi de Educaci\u00f3n, Isabel Garrido y con la Gobernadora Regional, Andrea Mac\u00edas. Del mismo modo tambi\u00e9n ha sostenido reuniones con los integrantes de Oficina Regional, directoras de jardines infantiles y delegados sindicales pertenecientes a la instituci\u00f3n.<\/p>\n<p style=\"font-weight: 400; text-align: justify;\">Desde Fundaci\u00f3n Integra recalcan que la selecci\u00f3n de los candidatos contempl\u00f3 una serie de etapas para garantizar la idoneidad de las personas seleccionadas, basadas en criterios de m\u00e9rito, estudios y trayectoria laboral. De esta manera, del total de las personas que asumen como directoras y directores regionales, hay 10 que se incorporan a la instituci\u00f3n y 6 que trabajan o han trabajado en Fundaci\u00f3n Integra, pudiendo continuar su desarrollo profesional.<\/p>\n<\/div><\/section><\/div><div  style='height:50px' class='hr hr-invisible   avia-builder-el-6  el_after_av_one_full  el_before_av_social_share '><span class='hr-inner ' ><span class='hr-inner-style'><\/span><\/span><\/div><\/p>\n<div  class='av-social-sharing-box  avia-builder-el-7  el_after_av_hr  el_before_av_hr  '><div class='av-share-box'><h5 class='av-share-link-description av-no-toc '>Compartir esta noticia<\/h5><ul class='av-share-box-list noLightbox'><li class='av-share-link av-social-link-facebook' ><a target=\"_blank\" aria-label=\"Compartir en Facebook\" href='https:\/\/www.facebook.com\/sharer.php?u=https:\/\/radiorevelacionfm.cl\/?p=21823&#038;t=Fundaci%C3%B3n%20Integra%20nombra%20a%20nueva%20directora%20regional%20de%20Ays%C3%A9n' aria-hidden='false' data-av_icon='\ue8f3' data-av_iconfont='entypo-fontello' title='' data-avia-related-tooltip='Compartir en Facebook' rel=\"noopener\"><span class='avia_hidden_link_text'>Compartir en Facebook<\/span><\/a><\/li><li class='av-share-link av-social-link-twitter' ><a target=\"_blank\" aria-label=\"Compartir en Twitter\" href='https:\/\/twitter.com\/share?text=Fundaci%C3%B3n%20Integra%20nombra%20a%20nueva%20directora%20regional%20de%20Ays%C3%A9n&#038;url=https:\/\/radiorevelacionfm.cl\/?p=21823' aria-hidden='false' data-av_icon='\ue8f1' data-av_iconfont='entypo-fontello' title='' data-avia-related-tooltip='Compartir en Twitter' rel=\"noopener\"><span class='avia_hidden_link_text'>Compartir en Twitter<\/span><\/a><\/li><li class='av-share-link av-social-link-whatsapp' ><a target=\"_blank\" aria-label=\"Compartir en Whatsapp\" href='https:\/\/api.whatsapp.com\/send?text=https:\/\/radiorevelacionfm.cl\/?p=21823' aria-hidden='false' data-av_icon='\uf232' data-av_iconfont='entypo-fontello' title='' data-avia-related-tooltip='Compartir en Whatsapp' rel=\"noopener\"><span class='avia_hidden_link_text'>Compartir en Whatsapp<\/span><\/a><\/li><li class='av-share-link av-social-link-linkedin' ><a target=\"_blank\" aria-label=\"Compartir en LinkedIn\" href='https:\/\/linkedin.com\/shareArticle?mini=true&#038;title=Fundaci%C3%B3n%20Integra%20nombra%20a%20nueva%20directora%20regional%20de%20Ays%C3%A9n&#038;url=https:\/\/radiorevelacionfm.cl\/?p=21823' aria-hidden='false' data-av_icon='\ue8fc' data-av_iconfont='entypo-fontello' title='' data-avia-related-tooltip='Compartir en LinkedIn' rel=\"noopener\"><span class='avia_hidden_link_text'>Compartir en LinkedIn<\/span><\/a><\/li><li class='av-share-link av-social-link-mail' ><a  aria-label=\"Compartir por correo\" href='mailto:?subject=Fundaci%C3%B3n%20Integra%20nombra%20a%20nueva%20directora%20regional%20de%20Ays%C3%A9n&#038;body=https:\/\/radiorevelacionfm.cl\/?p=21823' aria-hidden='false' data-av_icon='\ue805' data-av_iconfont='entypo-fontello' title='' data-avia-related-tooltip='Compartir por correo'><span class='avia_hidden_link_text'>Compartir por correo<\/span><\/a><\/li><\/ul><\/div><\/div>\n<div  style='height:50px' class='hr hr-invisible   avia-builder-el-8  el_after_av_social_share  el_before_av_comments_list '><span class='hr-inner ' ><span class='hr-inner-style'><\/span><\/span><\/div>\n<div  class='av-buildercomment  av-blog-meta-html-info-disabled av-blog-meta-tag-disabled  '><\/div>\n","protected":false},"excerpt":{"rendered":"","protected":false},"author":1,"featured_media":21824,"comment_status":"open","ping_status":"open","sticky":false,"template":"","format":"standard","meta":{"footnotes":""},"categories":[49],"tags":[],"class_list":["post-21823","post","type-post","status-publish","format-standard","has-post-thumbnail","hentry","category-educacion"],"jetpack_featured_media_url":"https:\/\/radiorevelacionfm.cl\/wp-content\/uploads\/2022\/09\/Leticia-Araya-Norambuena-1-1.jpg","_links":{"self":[{"href":"https:\/\/radiorevelacionfm.cl\/index.php?rest_route=\/wp\/v2\/posts\/21823","targetHints":{"allow":["GET"]}}],"collection":[{"href":"https:\/\/radiorevelacionfm.cl\/index.php?rest_route=\/wp\/v2\/posts"}],"about":[{"href":"https:\/\/radiorevelacionfm.cl\/index.php?rest_route=\/wp\/v2\/types\/post"}],"author":[{"embeddable":true,"href":"https:\/\/radiorevelacionfm.cl\/index.php?rest_route=\/wp\/v2\/users\/1"}],"replies":[{"embeddable":true,"href":"https:\/\/radiorevelacionfm.cl\/index.php?rest_route=%2Fwp%2Fv2%2Fcomments&post=21823"}],"version-history":[{"count":2,"href":"https:\/\/radiorevelacionfm.cl\/index.php?rest_route=\/wp\/v2\/posts\/21823\/revisions"}],"predecessor-version":[{"id":21869,"href":"https:\/\/radiorevelacionfm.cl\/index.php?rest_route=\/wp\/v2\/posts\/21823\/revisions\/21869"}],"wp:featuredmedia":[{"embeddable":true,"href":"https:\/\/radiorevelacionfm.cl\/index.php?rest_route=\/wp\/v2\/media\/21824"}],"wp:attachment":[{"href":"https:\/\/radiorevelacionfm.cl\/index.php?rest_route=%2Fwp%2Fv2%2Fmedia&parent=21823"}],"wp:term":[{"taxonomy":"category","embeddable":true,"href":"https:\/\/radiorevelacionfm.cl\/index.php?rest_route=%2Fwp%2Fv2%2Fcategories&post=21823"},{"taxonomy":"post_tag","embeddable":true,"href":"https:\/\/radiorevelacionfm.cl\/index.php?rest_route=%2Fwp%2Fv2%2Ftags&post=21823"}],"curies":[{"name":"wp","href":"https:\/\/api.w.org\/{rel}","templated":true}]}}