{"id":21816,"date":"2022-09-14T14:38:25","date_gmt":"2022-09-14T17:38:25","guid":{"rendered":"https:\/\/radiorevelacionfm.cl\/?p=21816"},"modified":"2022-09-14T15:06:31","modified_gmt":"2022-09-14T18:06:31","slug":"caso-fam-juzgado-de-coyhaique-concluye-formalizacion-por-fraude-al-fisco-en-contra-de-exfuncionarios-del-ejercito","status":"publish","type":"post","link":"https:\/\/radiorevelacionfm.cl\/?p=21816","title":{"rendered":"Caso FAM: En Coyhaique concluye formalizaci\u00f3n por fraude al fisco en contra de exfuncionarios del Ej\u00e9rcito"},"content":{"rendered":"<div class=\"flex_column av_one_full  flex_column_div av-zero-column-padding first  avia-builder-el-0  el_before_av_one_full  avia-builder-el-first  \" style='border-radius:0px; '><div  class='avia-image-container  av-styling-    avia-builder-el-1  avia-builder-el-no-sibling  avia-align-center '  itemprop=\"image\" itemscope=\"itemscope\" itemtype=\"https:\/\/schema.org\/ImageObject\"  ><div class='avia-image-container-inner'><div class='avia-image-overlay-wrap'><img decoding=\"async\" class='wp-image-20933 avia-img-lazy-loading-not-20933 avia_image' src=\"https:\/\/radiorevelacionfm.cl\/wp-content\/uploads\/2022\/08\/fam-3-1_optimized.jpg\" alt='' title='fam-(3)-(1)_optimized' height=\"600\" width=\"1125\"  itemprop=\"thumbnailUrl\" srcset=\"https:\/\/radiorevelacionfm.cl\/wp-content\/uploads\/2022\/08\/fam-3-1_optimized.jpg 1125w, https:\/\/radiorevelacionfm.cl\/wp-content\/uploads\/2022\/08\/fam-3-1_optimized-300x160.jpg 300w, https:\/\/radiorevelacionfm.cl\/wp-content\/uploads\/2022\/08\/fam-3-1_optimized-1030x549.jpg 1030w, https:\/\/radiorevelacionfm.cl\/wp-content\/uploads\/2022\/08\/fam-3-1_optimized-768x410.jpg 768w, https:\/\/radiorevelacionfm.cl\/wp-content\/uploads\/2022\/08\/fam-3-1_optimized-705x376.jpg 705w, https:\/\/radiorevelacionfm.cl\/wp-content\/uploads\/2022\/08\/fam-3-1_optimized-600x320.jpg 600w\" sizes=\"(max-width: 1125px) 100vw, 1125px\" \/><\/div><\/div><\/div><\/div>\n<div class=\"flex_column av_one_full  flex_column_div av-zero-column-padding first  avia-builder-el-2  el_after_av_one_full  el_before_av_one_full  column-top-margin\" style='border-radius:0px; '><section class=\"av_textblock_section \"  itemscope=\"itemscope\" itemtype=\"https:\/\/schema.org\/BlogPosting\" itemprop=\"blogPost\" ><div class='avia_textblock  '   itemprop=\"text\" ><p style=\"text-align: center;\"><strong><span style=\"font-size: 18pt;\">Caso FAM: En Coyhaique concluye formalizaci\u00f3n por fraude al fisco en contra de exfuncionarios del Ej\u00e9rcito<\/span><\/strong><\/p>\n<div id=\"gtx-trans\" style=\"position: absolute; left: -50px; top: 4.31534px;\">\n<div class=\"gtx-trans-icon\"><\/div>\n<\/div>\n<\/div><\/section><\/div><div class=\"flex_column av_one_full  flex_column_div av-zero-column-padding first  avia-builder-el-4  el_after_av_one_full  el_before_av_hr  column-top-margin\" style='border-radius:0px; '><section class=\"av_textblock_section \"  itemscope=\"itemscope\" itemtype=\"https:\/\/schema.org\/BlogPosting\" itemprop=\"blogPost\" ><div class='avia_textblock  '   itemprop=\"text\" ><p class=\"v1MsoNormal\" style=\"text-align: justify;\">El Juzgado de Garant\u00eda de Coyhaique concluy\u00f3 hoy \u2013mi\u00e9rcoles 15 de septiembre\u2013 las audiencias de formalizaci\u00f3n de investigaci\u00f3n abierta por el Ministerio P\u00fablico en contra 39 funcionarios en retiro del Ej\u00e9rcito y tres familiares, a quienes imputa como autores de delitos de fraude al fisco. Il\u00edcitos que habr\u00edan perpetrado entre 2009 y 2017, en la IV Divisi\u00f3n de la rama castrense, con asiento en la ciudad.<\/p>\n<p class=\"v1MsoNormal\" style=\"text-align: justify;\">En las audiencias de formalizaci\u00f3n (causa rol 1.356-2018), iniciadas el lunes reci\u00e9n pasado, el magistrado Juan Patricio Silva Pedreros fij\u00f3 en 6 meses el plazo de investigaci\u00f3n, todos los imputados quedaron en libertad, al no haber solicitado el Ministerio P\u00fablico ninguna medida cautelar.<\/p>\n<p class=\"v1MsoNormal\" style=\"text-align: justify;\">Seg\u00fan el ente persecutor, el Fondo de Ayuda Mutua, creado en la IV Divisi\u00f3n del Ej\u00e9rcito, con asiento en la ciudad Coyhaique en la d\u00e9cada de 1950, administraba los dineros que en forma voluntaria depositaban militares de dicha dotaci\u00f3n. Fondo que fue utilizado con otros prop\u00f3sitos, provocando su desfinanciamiento, por lo que el Ej\u00e9rcito recurri\u00f3 al presupuesto fiscal para cubrir los dep\u00f3sitos adeudados, a trav\u00e9s de la adulteraci\u00f3n de\u00a0vi\u00e1ticos, comisiones de servicio, gastos de representaci\u00f3n, alargamiento injustificado de la carrera y al pago de otros servicios inexistentes. Mecanismos que permit\u00edan devolver con dinero fiscal los montos depositados por oficiales y suboficiales en la fallida cooperativa informal,\u00a0provocando una defraudaci\u00f3n por la suma de $2.811.652.230 (dos mil ochocientos millones, seiscientos cincuenta y dos mil doscientos treinta pesos).<\/p>\n<\/div><\/section><\/div><\/p>\n<div  style='height:50px' class='hr hr-invisible   avia-builder-el-6  el_after_av_one_full  el_before_av_social_share '><span class='hr-inner ' ><span class='hr-inner-style'><\/span><\/span><\/div>\n<div  class='av-social-sharing-box  avia-builder-el-7  el_after_av_hr  el_before_av_hr  '><div class='av-share-box'><h5 class='av-share-link-description av-no-toc '>Compartir esta noticia<\/h5><ul class='av-share-box-list noLightbox'><li class='av-share-link av-social-link-facebook' ><a target=\"_blank\" aria-label=\"Compartir en Facebook\" href='https:\/\/www.facebook.com\/sharer.php?u=https:\/\/radiorevelacionfm.cl\/?p=21816&#038;t=Caso%20FAM%3A%20En%20Coyhaique%20concluye%20formalizaci%C3%B3n%20por%20fraude%20al%20fisco%20en%20contra%20de%20exfuncionarios%20del%20Ej%C3%A9rcito' aria-hidden='false' data-av_icon='\ue8f3' data-av_iconfont='entypo-fontello' title='' data-avia-related-tooltip='Compartir en Facebook' rel=\"noopener\"><span class='avia_hidden_link_text'>Compartir en Facebook<\/span><\/a><\/li><li class='av-share-link av-social-link-twitter' ><a target=\"_blank\" aria-label=\"Compartir en Twitter\" href='https:\/\/twitter.com\/share?text=Caso%20FAM%3A%20En%20Coyhaique%20concluye%20formalizaci%C3%B3n%20por%20fraude%20al%20fisco%20en%20contra%20de%20exfuncionarios%20del%20Ej%C3%A9rcito&#038;url=https:\/\/radiorevelacionfm.cl\/?p=21816' aria-hidden='false' data-av_icon='\ue8f1' data-av_iconfont='entypo-fontello' title='' data-avia-related-tooltip='Compartir en Twitter' rel=\"noopener\"><span class='avia_hidden_link_text'>Compartir en Twitter<\/span><\/a><\/li><li class='av-share-link av-social-link-whatsapp' ><a target=\"_blank\" aria-label=\"Compartir en Whatsapp\" href='https:\/\/api.whatsapp.com\/send?text=https:\/\/radiorevelacionfm.cl\/?p=21816' aria-hidden='false' data-av_icon='\uf232' data-av_iconfont='entypo-fontello' title='' data-avia-related-tooltip='Compartir en Whatsapp' rel=\"noopener\"><span class='avia_hidden_link_text'>Compartir en Whatsapp<\/span><\/a><\/li><li class='av-share-link av-social-link-linkedin' ><a target=\"_blank\" aria-label=\"Compartir en LinkedIn\" href='https:\/\/linkedin.com\/shareArticle?mini=true&#038;title=Caso%20FAM%3A%20En%20Coyhaique%20concluye%20formalizaci%C3%B3n%20por%20fraude%20al%20fisco%20en%20contra%20de%20exfuncionarios%20del%20Ej%C3%A9rcito&#038;url=https:\/\/radiorevelacionfm.cl\/?p=21816' aria-hidden='false' data-av_icon='\ue8fc' data-av_iconfont='entypo-fontello' title='' data-avia-related-tooltip='Compartir en LinkedIn' rel=\"noopener\"><span class='avia_hidden_link_text'>Compartir en LinkedIn<\/span><\/a><\/li><li class='av-share-link av-social-link-mail' ><a  aria-label=\"Compartir por correo\" href='mailto:?subject=Caso%20FAM%3A%20En%20Coyhaique%20concluye%20formalizaci%C3%B3n%20por%20fraude%20al%20fisco%20en%20contra%20de%20exfuncionarios%20del%20Ej%C3%A9rcito&#038;body=https:\/\/radiorevelacionfm.cl\/?p=21816' aria-hidden='false' data-av_icon='\ue805' data-av_iconfont='entypo-fontello' title='' data-avia-related-tooltip='Compartir por correo'><span class='avia_hidden_link_text'>Compartir por correo<\/span><\/a><\/li><\/ul><\/div><\/div>\n<div  style='height:50px' class='hr hr-invisible   avia-builder-el-8  el_after_av_social_share  el_before_av_comments_list '><span class='hr-inner ' ><span class='hr-inner-style'><\/span><\/span><\/div>\n<div  class='av-buildercomment  av-blog-meta-html-info-disabled av-blog-meta-tag-disabled  '><\/div>\n","protected":false},"excerpt":{"rendered":"","protected":false},"author":1,"featured_media":20933,"comment_status":"open","ping_status":"open","sticky":false,"template":"","format":"standard","meta":{"footnotes":""},"categories":[55],"tags":[],"class_list":["post-21816","post","type-post","status-publish","format-standard","has-post-thumbnail","hentry","category-justicia"],"jetpack_featured_media_url":"https:\/\/radiorevelacionfm.cl\/wp-content\/uploads\/2022\/08\/fam-3-1_optimized.jpg","_links":{"self":[{"href":"https:\/\/radiorevelacionfm.cl\/index.php?rest_route=\/wp\/v2\/posts\/21816","targetHints":{"allow":["GET"]}}],"collection":[{"href":"https:\/\/radiorevelacionfm.cl\/index.php?rest_route=\/wp\/v2\/posts"}],"about":[{"href":"https:\/\/radiorevelacionfm.cl\/index.php?rest_route=\/wp\/v2\/types\/post"}],"author":[{"embeddable":true,"href":"https:\/\/radiorevelacionfm.cl\/index.php?rest_route=\/wp\/v2\/users\/1"}],"replies":[{"embeddable":true,"href":"https:\/\/radiorevelacionfm.cl\/index.php?rest_route=%2Fwp%2Fv2%2Fcomments&post=21816"}],"version-history":[{"count":3,"href":"https:\/\/radiorevelacionfm.cl\/index.php?rest_route=\/wp\/v2\/posts\/21816\/revisions"}],"predecessor-version":[{"id":21819,"href":"https:\/\/radiorevelacionfm.cl\/index.php?rest_route=\/wp\/v2\/posts\/21816\/revisions\/21819"}],"wp:featuredmedia":[{"embeddable":true,"href":"https:\/\/radiorevelacionfm.cl\/index.php?rest_route=\/wp\/v2\/media\/20933"}],"wp:attachment":[{"href":"https:\/\/radiorevelacionfm.cl\/index.php?rest_route=%2Fwp%2Fv2%2Fmedia&parent=21816"}],"wp:term":[{"taxonomy":"category","embeddable":true,"href":"https:\/\/radiorevelacionfm.cl\/index.php?rest_route=%2Fwp%2Fv2%2Fcategories&post=21816"},{"taxonomy":"post_tag","embeddable":true,"href":"https:\/\/radiorevelacionfm.cl\/index.php?rest_route=%2Fwp%2Fv2%2Ftags&post=21816"}],"curies":[{"name":"wp","href":"https:\/\/api.w.org\/{rel}","templated":true}]}}