{"id":21806,"date":"2022-09-14T18:51:42","date_gmt":"2022-09-14T21:51:42","guid":{"rendered":"https:\/\/radiorevelacionfm.cl\/?p=21806"},"modified":"2022-09-14T18:51:42","modified_gmt":"2022-09-14T21:51:42","slug":"desarrollo-social-beneficia-a-10-familias-de-ibanez-con-programa-habitabilidad","status":"publish","type":"post","link":"https:\/\/radiorevelacionfm.cl\/?p=21806","title":{"rendered":"Desarrollo Social beneficia a 10 familias de Ib\u00e1\u00f1ez con programa Habitabilidad"},"content":{"rendered":"<div class=\"flex_column av_one_full  flex_column_div av-zero-column-padding first  avia-builder-el-0  el_before_av_one_full  avia-builder-el-first  \" style='border-radius:0px; '><div  class='avia-image-container  av-styling-    avia-builder-el-1  avia-builder-el-no-sibling  avia-align-center '  itemprop=\"image\" itemscope=\"itemscope\" itemtype=\"https:\/\/schema.org\/ImageObject\"  ><div class='avia-image-container-inner'><div class='avia-image-overlay-wrap'><img decoding=\"async\" class='wp-image-21807 avia-img-lazy-loading-not-21807 avia_image' src=\"https:\/\/radiorevelacionfm.cl\/wp-content\/uploads\/2022\/09\/visitas-1-1.jpg\" alt='' title='visitas (1) (1)' height=\"600\" width=\"1067\"  itemprop=\"thumbnailUrl\" srcset=\"https:\/\/radiorevelacionfm.cl\/wp-content\/uploads\/2022\/09\/visitas-1-1.jpg 1067w, https:\/\/radiorevelacionfm.cl\/wp-content\/uploads\/2022\/09\/visitas-1-1-300x169.jpg 300w, https:\/\/radiorevelacionfm.cl\/wp-content\/uploads\/2022\/09\/visitas-1-1-1030x579.jpg 1030w, https:\/\/radiorevelacionfm.cl\/wp-content\/uploads\/2022\/09\/visitas-1-1-768x432.jpg 768w, https:\/\/radiorevelacionfm.cl\/wp-content\/uploads\/2022\/09\/visitas-1-1-705x396.jpg 705w, https:\/\/radiorevelacionfm.cl\/wp-content\/uploads\/2022\/09\/visitas-1-1-600x337.jpg 600w\" sizes=\"(max-width: 1067px) 100vw, 1067px\" \/><\/div><\/div><\/div><\/div><div class=\"flex_column av_one_full  flex_column_div av-zero-column-padding first  avia-builder-el-2  el_after_av_one_full  el_before_av_one_full  column-top-margin\" style='border-radius:0px; '><section class=\"av_textblock_section \"  itemscope=\"itemscope\" itemtype=\"https:\/\/schema.org\/BlogPosting\" itemprop=\"blogPost\" ><div class='avia_textblock  '   itemprop=\"text\" ><p style=\"text-align: center;\"><strong><span style=\"font-size: 18pt;\">Desarrollo Social beneficia a 10 familias de Ib\u00e1\u00f1ez con programa Habitabilidad<\/span><\/strong><\/p>\n<div id=\"gtx-trans\" style=\"position: absolute; left: -50px; top: 4.31534px;\">\n<div class=\"gtx-trans-icon\"><\/div>\n<\/div>\n<\/div><\/section><\/div><div class=\"flex_column av_one_full  flex_column_div av-zero-column-padding first  avia-builder-el-4  el_after_av_one_full  el_before_av_hr  column-top-margin\" style='border-radius:0px; '><section class=\"av_textblock_section \"  itemscope=\"itemscope\" itemtype=\"https:\/\/schema.org\/BlogPosting\" itemprop=\"blogPost\" ><div class='avia_textblock  '   itemprop=\"text\" ><p style=\"text-align: justify;\">Una visita a familias pertenecientes al programa Habitabilidad de la comuna de Ib\u00e1\u00f1ez, realiz\u00f3 la Seremi de Desarrollo Social y Familia, Karina Acevedo, la encargada nacional del programa, Cynthia \u00c1lvarez, la Directora Regional del Fosis, Maria Fernanda Leiva y el Alcalde (S) Ignacio Carrasco, oportunidad en la que constataron en terreno las soluciones constructivas y de equipamiento efectuadas a los usuarios.<\/p>\n<p style=\"text-align: justify;\">Durante la jornada, Karina Acevedo, explic\u00f3 que, en la comuna de Ib\u00e1\u00f1ez, 10 familias son beneficiarias en esta versi\u00f3n del programa, pertenecientes al Subsistema Seguridades y Oportunidades, el cual se ejecuta v\u00eda convenio de transferencia de recursos, desde la Seremi de Desarrollo Social y Familia al Municipio, por un monto de m\u00e1s de $39 millones de pesos, y que cuenta con la asistencia t\u00e9cnica del Fosis. La autoridad regional, destac\u00f3 adem\u00e1s el trabajo de los municipios de Ays\u00e9n, Chile Chico, Cisnes, Cochrane y Coyhaique que tambi\u00e9n desarrollan esta iniciativa en sus respectivas comunas.<\/p>\n<p style=\"text-align: justify;\">El programa Habitabilidad en la regi\u00f3n, beneficia a 80 familias lo que contempla un monto total de $307.467.000 de pesos, destinados para entregar un servicio integral, como soluciones constructivas y de equipamiento, adem\u00e1s realiza asesor\u00edas de formaci\u00f3n de h\u00e1bitos de uso, cuidado y mantenci\u00f3n de las viviendas, que permitan lograr mejorar las condiciones de vida de los usuarios.<\/p>\n<p style=\"text-align: justify;\">Micaela Guajardo, de oficio artesana, se refiri\u00f3 a la experiencia de participar en el programa, en el que se realizaron mejoras en su vivienda como por ejemplo: aislaci\u00f3n t\u00e9rmica, revestimientos interiores, entre otras soluciones. \u201cEstoy agradecida de lo que me han aportado, porque la pieza que me arreglaron qued\u00f3 preciosa. Fue un trabajo muy bonito, muy bien realizado. Era una pieza que no ten\u00eda aislamiento, era muy fr\u00eda, se llov\u00eda entera, hoy en d\u00eda la puedo ocupar, estoy muy contenta, qued\u00f3 un trabajo muy bien hecho\u201d.<\/p>\n<p style=\"text-align: justify;\">Por su parte Karina Acevedo, indic\u00f3 que continuar\u00e1 realizando visitas a los usuarios de los distintos programas que financia el Ministerio, junto a los servicios relacionados, para conocer la experiencia y sobre todo ver los trabajos que se ejecutan en beneficio de los m\u00e1s vulnerables de la regi\u00f3n. Adem\u00e1s de levantar nudos cr\u00edticos o sugerencias para efectuar mejoras en las pr\u00f3ximas versiones del programa Habitabilidad.<\/p>\n<p style=\"text-align: justify;\">\u201cEstamos junto a la Directora del Fosis, y la Encargada Nacional del programa de Habitabilidad, recorriendo y visitando a nuestra gente que ha sido beneficiada, por el programa Seguridades y Oportunidades, constatando la buena calidad del trabajo que tiene la Municipalidad de Ib\u00e1\u00f1ez, que destaca a nivel nacional en c\u00f3mo ha desempe\u00f1ado este programa. Viendo en terreno como la ciudadan\u00eda o quienes han sido beneficiados, han recibidos las soluciones, el parecer de ellos, la comodidad, el trabajo de la municipalidad, y del Fosis. Estamos muy contentos, muy grata la recepci\u00f3n, de las soluciones que se han entregado, de la coordinaci\u00f3n, de la din\u00e1mica que adem\u00e1s el Alcalde ha tenido para poder implementar este programa ac\u00e1 no solamente del \u00e1rea de habitabilidad con obras, sino adem\u00e1s incorporado al \u00e1rea social, por tanto, involucra tambi\u00e9n un aporte y una ayuda de la Municipalidad, a lo que ya el Ministerio est\u00e1 haciendo en cada uno de los programas\u201d, coment\u00f3 la Seremi.<\/p>\n<p style=\"text-align: justify;\">Finalmente, el Alcalde (S) de Ib\u00e1\u00f1ez, se refiri\u00f3 al enfoque social del programa Habitabilidad. \u201cPara el municipio es muy importante tener la posibilidad de ejecutar estos programas, porque son familias que por circunstancias, sus construcciones muchas veces, son de autoconstrucci\u00f3n que no tienen una regularizaci\u00f3n ante la direcci\u00f3n de obras, y no le permiten tener la posibilidad de optar a subsidios de mejoramiento t\u00e9rmico, o mejora de vivienda que entrega el Serviu y que finalmente se ven postergados por no tener antecedentes t\u00e9cnicos m\u00ednimos necesarios en estos programas. Sin embargo, este programa tiene un enfoque distinto, un enfoque m\u00e1s social, un enfoque constructivo, lo que nos ha permitido como municipio atender a m\u00e1s de 30 familias, a lo largo de estos a\u00f1os\u201d.<\/p>\n<p><u>\u00a0<\/u><\/p>\n<\/div><\/section><\/div><div  style='height:50px' class='hr hr-invisible   avia-builder-el-6  el_after_av_one_full  el_before_av_social_share '><span class='hr-inner ' ><span class='hr-inner-style'><\/span><\/span><\/div><\/p>\n<div  class='av-social-sharing-box  avia-builder-el-7  el_after_av_hr  el_before_av_hr  '><div class='av-share-box'><h5 class='av-share-link-description av-no-toc '>Compartir esta noticia<\/h5><ul class='av-share-box-list noLightbox'><li class='av-share-link av-social-link-facebook' ><a target=\"_blank\" aria-label=\"Compartir en Facebook\" href='https:\/\/www.facebook.com\/sharer.php?u=https:\/\/radiorevelacionfm.cl\/?p=21806&#038;t=Desarrollo%20Social%20beneficia%20a%2010%20familias%20de%20Ib%C3%A1%C3%B1ez%20con%20programa%20Habitabilidad' aria-hidden='false' data-av_icon='\ue8f3' data-av_iconfont='entypo-fontello' title='' data-avia-related-tooltip='Compartir en Facebook' rel=\"noopener\"><span class='avia_hidden_link_text'>Compartir en Facebook<\/span><\/a><\/li><li class='av-share-link av-social-link-twitter' ><a target=\"_blank\" aria-label=\"Compartir en Twitter\" href='https:\/\/twitter.com\/share?text=Desarrollo%20Social%20beneficia%20a%2010%20familias%20de%20Ib%C3%A1%C3%B1ez%20con%20programa%20Habitabilidad&#038;url=https:\/\/radiorevelacionfm.cl\/?p=21806' aria-hidden='false' data-av_icon='\ue8f1' data-av_iconfont='entypo-fontello' title='' data-avia-related-tooltip='Compartir en Twitter' rel=\"noopener\"><span class='avia_hidden_link_text'>Compartir en Twitter<\/span><\/a><\/li><li class='av-share-link av-social-link-whatsapp' ><a target=\"_blank\" aria-label=\"Compartir en Whatsapp\" href='https:\/\/api.whatsapp.com\/send?text=https:\/\/radiorevelacionfm.cl\/?p=21806' aria-hidden='false' data-av_icon='\uf232' data-av_iconfont='entypo-fontello' title='' data-avia-related-tooltip='Compartir en Whatsapp' rel=\"noopener\"><span class='avia_hidden_link_text'>Compartir en Whatsapp<\/span><\/a><\/li><li class='av-share-link av-social-link-linkedin' ><a target=\"_blank\" aria-label=\"Compartir en LinkedIn\" href='https:\/\/linkedin.com\/shareArticle?mini=true&#038;title=Desarrollo%20Social%20beneficia%20a%2010%20familias%20de%20Ib%C3%A1%C3%B1ez%20con%20programa%20Habitabilidad&#038;url=https:\/\/radiorevelacionfm.cl\/?p=21806' aria-hidden='false' data-av_icon='\ue8fc' data-av_iconfont='entypo-fontello' title='' data-avia-related-tooltip='Compartir en LinkedIn' rel=\"noopener\"><span class='avia_hidden_link_text'>Compartir en LinkedIn<\/span><\/a><\/li><li class='av-share-link av-social-link-mail' ><a  aria-label=\"Compartir por correo\" href='mailto:?subject=Desarrollo%20Social%20beneficia%20a%2010%20familias%20de%20Ib%C3%A1%C3%B1ez%20con%20programa%20Habitabilidad&#038;body=https:\/\/radiorevelacionfm.cl\/?p=21806' aria-hidden='false' data-av_icon='\ue805' data-av_iconfont='entypo-fontello' title='' data-avia-related-tooltip='Compartir por correo'><span class='avia_hidden_link_text'>Compartir por correo<\/span><\/a><\/li><\/ul><\/div><\/div>\n<div  style='height:50px' class='hr hr-invisible   avia-builder-el-8  el_after_av_social_share  el_before_av_comments_list '><span class='hr-inner ' ><span class='hr-inner-style'><\/span><\/span><\/div>\n<div  class='av-buildercomment  av-blog-meta-html-info-disabled av-blog-meta-tag-disabled  '><\/div>\n","protected":false},"excerpt":{"rendered":"","protected":false},"author":1,"featured_media":21807,"comment_status":"open","ping_status":"open","sticky":false,"template":"","format":"standard","meta":{"footnotes":""},"categories":[38],"tags":[],"class_list":["post-21806","post","type-post","status-publish","format-standard","has-post-thumbnail","hentry","category-regional"],"jetpack_featured_media_url":"https:\/\/radiorevelacionfm.cl\/wp-content\/uploads\/2022\/09\/visitas-1-1.jpg","_links":{"self":[{"href":"https:\/\/radiorevelacionfm.cl\/index.php?rest_route=\/wp\/v2\/posts\/21806","targetHints":{"allow":["GET"]}}],"collection":[{"href":"https:\/\/radiorevelacionfm.cl\/index.php?rest_route=\/wp\/v2\/posts"}],"about":[{"href":"https:\/\/radiorevelacionfm.cl\/index.php?rest_route=\/wp\/v2\/types\/post"}],"author":[{"embeddable":true,"href":"https:\/\/radiorevelacionfm.cl\/index.php?rest_route=\/wp\/v2\/users\/1"}],"replies":[{"embeddable":true,"href":"https:\/\/radiorevelacionfm.cl\/index.php?rest_route=%2Fwp%2Fv2%2Fcomments&post=21806"}],"version-history":[{"count":2,"href":"https:\/\/radiorevelacionfm.cl\/index.php?rest_route=\/wp\/v2\/posts\/21806\/revisions"}],"predecessor-version":[{"id":21843,"href":"https:\/\/radiorevelacionfm.cl\/index.php?rest_route=\/wp\/v2\/posts\/21806\/revisions\/21843"}],"wp:featuredmedia":[{"embeddable":true,"href":"https:\/\/radiorevelacionfm.cl\/index.php?rest_route=\/wp\/v2\/media\/21807"}],"wp:attachment":[{"href":"https:\/\/radiorevelacionfm.cl\/index.php?rest_route=%2Fwp%2Fv2%2Fmedia&parent=21806"}],"wp:term":[{"taxonomy":"category","embeddable":true,"href":"https:\/\/radiorevelacionfm.cl\/index.php?rest_route=%2Fwp%2Fv2%2Fcategories&post=21806"},{"taxonomy":"post_tag","embeddable":true,"href":"https:\/\/radiorevelacionfm.cl\/index.php?rest_route=%2Fwp%2Fv2%2Ftags&post=21806"}],"curies":[{"name":"wp","href":"https:\/\/api.w.org\/{rel}","templated":true}]}}