{"id":21775,"date":"2022-09-14T16:31:43","date_gmt":"2022-09-14T19:31:43","guid":{"rendered":"https:\/\/radiorevelacionfm.cl\/?p=21775"},"modified":"2022-09-14T16:31:43","modified_gmt":"2022-09-14T19:31:43","slug":"realizan-lanzamiento-de-ciclo-de-cine-foro-en-coyhaique","status":"publish","type":"post","link":"https:\/\/radiorevelacionfm.cl\/?p=21775","title":{"rendered":"Realizan lanzamiento de ciclo de cine \u2013 foro en Coyhaique"},"content":{"rendered":"<div class=\"flex_column av_one_full  flex_column_div av-zero-column-padding first  avia-builder-el-0  el_before_av_one_full  avia-builder-el-first  \" style='border-radius:0px; '><div  class='avia-image-container  av-styling-    avia-builder-el-1  avia-builder-el-no-sibling  avia-align-center '  itemprop=\"image\" itemscope=\"itemscope\" itemtype=\"https:\/\/schema.org\/ImageObject\"  ><div class='avia-image-container-inner'><div class='avia-image-overlay-wrap'><img decoding=\"async\" class='wp-image-21776 avia-img-lazy-loading-not-21776 avia_image' src=\"https:\/\/radiorevelacionfm.cl\/wp-content\/uploads\/2022\/09\/imagen-ies-1_optimized-1.jpg\" alt='' title='imagen-ies-(1)_optimized (1)' height=\"600\" width=\"1065\"  itemprop=\"thumbnailUrl\" srcset=\"https:\/\/radiorevelacionfm.cl\/wp-content\/uploads\/2022\/09\/imagen-ies-1_optimized-1.jpg 1065w, https:\/\/radiorevelacionfm.cl\/wp-content\/uploads\/2022\/09\/imagen-ies-1_optimized-1-300x169.jpg 300w, https:\/\/radiorevelacionfm.cl\/wp-content\/uploads\/2022\/09\/imagen-ies-1_optimized-1-1030x580.jpg 1030w, https:\/\/radiorevelacionfm.cl\/wp-content\/uploads\/2022\/09\/imagen-ies-1_optimized-1-768x433.jpg 768w, https:\/\/radiorevelacionfm.cl\/wp-content\/uploads\/2022\/09\/imagen-ies-1_optimized-1-705x397.jpg 705w, https:\/\/radiorevelacionfm.cl\/wp-content\/uploads\/2022\/09\/imagen-ies-1_optimized-1-600x338.jpg 600w\" sizes=\"(max-width: 1065px) 100vw, 1065px\" \/><\/div><\/div><\/div><\/div>\n<div class=\"flex_column av_one_full  flex_column_div av-zero-column-padding first  avia-builder-el-2  el_after_av_one_full  el_before_av_one_full  column-top-margin\" style='border-radius:0px; '><section class=\"av_textblock_section \"  itemscope=\"itemscope\" itemtype=\"https:\/\/schema.org\/BlogPosting\" itemprop=\"blogPost\" ><div class='avia_textblock  '   itemprop=\"text\" ><p style=\"text-align: center;\"><span style=\"font-size: 18pt;\"><strong>Realizan lanzamiento de <\/strong><strong>ciclo de cine \u2013 foro en Coyhaique<\/strong><\/span><\/p>\n<div id=\"gtx-trans\" style=\"position: absolute; left: -50px; top: 4.31534px;\">\n<div class=\"gtx-trans-icon\"><\/div>\n<\/div>\n<\/div><\/section><\/div><div class=\"flex_column av_one_full  flex_column_div av-zero-column-padding first  avia-builder-el-4  el_after_av_one_full  el_before_av_hr  column-top-margin\" style='border-radius:0px; '><section class=\"av_textblock_section \"  itemscope=\"itemscope\" itemtype=\"https:\/\/schema.org\/BlogPosting\" itemprop=\"blogPost\" ><div class='avia_textblock  '   itemprop=\"text\" ><p style=\"text-align: justify;\">Con el objetivo de seguir fomentando la cultura y vida universitaria en la Regi\u00f3n de Ays\u00e9n, la Red de Instituciones de Educaci\u00f3n Superior (IES), integrada por el Instituto Profesional y Centro de Formaci\u00f3n T\u00e9cnica Los Lagos, la Universidad Austral de Chile, Inacap \u00a0y la Universidad de Ays\u00e9n, invitan a la comunidad regional a participar de un ciclo de cine-foro en el auditorio de la Biblioteca Regional.<\/p>\n<p style=\"text-align: justify;\">Al respecto, el director del Campus Patagonia de la UACh, Mario Brito, se\u00f1al\u00f3 que \u201cesta red comenz\u00f3 su historia el a\u00f1o 2020 a partir de una necesidad de dialogar entre las instituciones de Educaci\u00f3n Superior, donde se invita a los estudiantes, sus familias y la comunidad de Ays\u00e9n para la integraci\u00f3n a las actividades que se promueven.\u201d<\/p>\n<p style=\"text-align: justify;\">Las IES que suscriben a esta red se\u00f1alan que estas instancias les servir\u00e1n para visibilizar la vida universitaria e inter universitaria en la comunidad local y regional, dando valor al patrimonio regional como identidad territorial.<\/p>\n<p style=\"text-align: justify;\">As\u00ed lo destac\u00f3, Gypsy Dur\u00e1n, directora acad\u00e9mica del IP y CFT Los Lagos, \u201cla invitaci\u00f3n es abierta a participar en este ciclo, a ser parte de la cultura universitaria, algo que queremos emprender como red y que nos permita generar v\u00ednculos, redes y conocernos; para que nuestra comunidad pueda ser parte de cada una de las Instituciones y que conozcan la oferta acad\u00e9mica de las casas de estudios para que se queden aqu\u00ed, en nuestra Patagonia.\u201d<\/p>\n<p style=\"text-align: justify;\"><strong>FUNCIONES ABIERTAS A LA COMUNIDAD<\/strong><\/p>\n<p style=\"text-align: justify;\">Asimismo, se han realizado diversas actividades de manera virtual, fomentando la cultura comunitaria de la Educaci\u00f3n Superior en Ays\u00e9n, validando as\u00ed a sus estudiantes como actores participativos y con derechos a la socializaci\u00f3n y difusi\u00f3n del patrimonio regional sin distinci\u00f3n de instituci\u00f3n formativa, lo que ha permitido organizar iniciativas comunes en el \u00e1mbito sociocultural\u00a0 e ir forjando lazos entre las casas de estudios presentes en esta red.<\/p>\n<p style=\"text-align: justify;\">Mario Saldivia, jefe de la Unidad de Extensi\u00f3n Cultural de la Universidad de Ays\u00e9n, recalc\u00f3 la importancia de estos espacios, \u201crecordemos que en el tiempo de pandemia tuvimos la posibilidad de realizar conversatorios relacionados al proceso constituyente, al rol de los estudiantes, de c\u00f3mo fue la instalaci\u00f3n de las IES en la Regi\u00f3n de Ays\u00e9n, entre otros temas, y ahora de vuelta a la presencialidad continuamos trabajando en red.\u201d<\/p>\n<p style=\"text-align: justify;\">Cabe destacar que durante el mes de septiembre se realizar\u00e1n ciclos de cine y memoria, apoyados por la Agrupaci\u00f3n de Derechos Humanos de Coyhaique. La primera jornada se realizar\u00e1 este mi\u00e9rcoles 14 de septiembre a las 18:00 horas con el documental \u201cNo olvidar\u201d del Director Ignacio Ag\u00fcero, que retrata la historia de las mujeres de la familia Maureira, quienes cuentan su experiencia de b\u00fasqueda de 5 hombres de su clan a lo largo de Chile, luego de su detenci\u00f3n por la polic\u00eda chilena, a pocos d\u00edas del golpe militar de 1973.<\/p>\n<p style=\"text-align: justify;\">Finalmente, Gloria Carrillo, Directora de la Biblioteca Regional, invit\u00f3 a la comunidad a participar de estas instancias, \u201clos quiero invitar desde la biblioteca regional a un nuevo ciclo de cine, esta vez en alianza con las IES, quienes en conjunto han organizado diversas actividades para toda la comunidad donde la biblioteca se hace parte con el apoyo de nuestro sal\u00f3n auditorio, los d\u00edas mi\u00e9rcoles con una frecuencia quincenal pueden venir a estos ciclos de cine.\u201d<\/p>\n<\/div><\/section><\/div><\/p>\n<div  style='height:50px' class='hr hr-invisible   avia-builder-el-6  el_after_av_one_full  el_before_av_social_share '><span class='hr-inner ' ><span class='hr-inner-style'><\/span><\/span><\/div>\n<div  class='av-social-sharing-box  avia-builder-el-7  el_after_av_hr  el_before_av_hr  '><div class='av-share-box'><h5 class='av-share-link-description av-no-toc '>Compartir esta noticia<\/h5><ul class='av-share-box-list noLightbox'><li class='av-share-link av-social-link-facebook' ><a target=\"_blank\" aria-label=\"Compartir en Facebook\" href='https:\/\/www.facebook.com\/sharer.php?u=https:\/\/radiorevelacionfm.cl\/?p=21775&#038;t=Realizan%20lanzamiento%20de%20ciclo%20de%20cine%20%E2%80%93%20foro%20en%20Coyhaique' aria-hidden='false' data-av_icon='\ue8f3' data-av_iconfont='entypo-fontello' title='' data-avia-related-tooltip='Compartir en Facebook' rel=\"noopener\"><span class='avia_hidden_link_text'>Compartir en Facebook<\/span><\/a><\/li><li class='av-share-link av-social-link-twitter' ><a target=\"_blank\" aria-label=\"Compartir en Twitter\" href='https:\/\/twitter.com\/share?text=Realizan%20lanzamiento%20de%20ciclo%20de%20cine%20%E2%80%93%20foro%20en%20Coyhaique&#038;url=https:\/\/radiorevelacionfm.cl\/?p=21775' aria-hidden='false' data-av_icon='\ue8f1' data-av_iconfont='entypo-fontello' title='' data-avia-related-tooltip='Compartir en Twitter' rel=\"noopener\"><span class='avia_hidden_link_text'>Compartir en Twitter<\/span><\/a><\/li><li class='av-share-link av-social-link-whatsapp' ><a target=\"_blank\" aria-label=\"Compartir en Whatsapp\" href='https:\/\/api.whatsapp.com\/send?text=https:\/\/radiorevelacionfm.cl\/?p=21775' aria-hidden='false' data-av_icon='\uf232' data-av_iconfont='entypo-fontello' title='' data-avia-related-tooltip='Compartir en Whatsapp' rel=\"noopener\"><span class='avia_hidden_link_text'>Compartir en Whatsapp<\/span><\/a><\/li><li class='av-share-link av-social-link-linkedin' ><a target=\"_blank\" aria-label=\"Compartir en LinkedIn\" href='https:\/\/linkedin.com\/shareArticle?mini=true&#038;title=Realizan%20lanzamiento%20de%20ciclo%20de%20cine%20%E2%80%93%20foro%20en%20Coyhaique&#038;url=https:\/\/radiorevelacionfm.cl\/?p=21775' aria-hidden='false' data-av_icon='\ue8fc' data-av_iconfont='entypo-fontello' title='' data-avia-related-tooltip='Compartir en LinkedIn' rel=\"noopener\"><span class='avia_hidden_link_text'>Compartir en LinkedIn<\/span><\/a><\/li><li class='av-share-link av-social-link-mail' ><a  aria-label=\"Compartir por correo\" href='mailto:?subject=Realizan%20lanzamiento%20de%20ciclo%20de%20cine%20%E2%80%93%20foro%20en%20Coyhaique&#038;body=https:\/\/radiorevelacionfm.cl\/?p=21775' aria-hidden='false' data-av_icon='\ue805' data-av_iconfont='entypo-fontello' title='' data-avia-related-tooltip='Compartir por correo'><span class='avia_hidden_link_text'>Compartir por correo<\/span><\/a><\/li><\/ul><\/div><\/div>\n<div  style='height:50px' class='hr hr-invisible   avia-builder-el-8  el_after_av_social_share  el_before_av_comments_list '><span class='hr-inner ' ><span class='hr-inner-style'><\/span><\/span><\/div>\n<div  class='av-buildercomment  av-blog-meta-html-info-disabled av-blog-meta-tag-disabled  '><\/div>\n","protected":false},"excerpt":{"rendered":"","protected":false},"author":1,"featured_media":21776,"comment_status":"open","ping_status":"open","sticky":false,"template":"","format":"standard","meta":{"footnotes":""},"categories":[42],"tags":[],"class_list":["post-21775","post","type-post","status-publish","format-standard","has-post-thumbnail","hentry","category-cine"],"jetpack_featured_media_url":"https:\/\/radiorevelacionfm.cl\/wp-content\/uploads\/2022\/09\/imagen-ies-1_optimized-1.jpg","_links":{"self":[{"href":"https:\/\/radiorevelacionfm.cl\/index.php?rest_route=\/wp\/v2\/posts\/21775","targetHints":{"allow":["GET"]}}],"collection":[{"href":"https:\/\/radiorevelacionfm.cl\/index.php?rest_route=\/wp\/v2\/posts"}],"about":[{"href":"https:\/\/radiorevelacionfm.cl\/index.php?rest_route=\/wp\/v2\/types\/post"}],"author":[{"embeddable":true,"href":"https:\/\/radiorevelacionfm.cl\/index.php?rest_route=\/wp\/v2\/users\/1"}],"replies":[{"embeddable":true,"href":"https:\/\/radiorevelacionfm.cl\/index.php?rest_route=%2Fwp%2Fv2%2Fcomments&post=21775"}],"version-history":[{"count":3,"href":"https:\/\/radiorevelacionfm.cl\/index.php?rest_route=\/wp\/v2\/posts\/21775\/revisions"}],"predecessor-version":[{"id":21831,"href":"https:\/\/radiorevelacionfm.cl\/index.php?rest_route=\/wp\/v2\/posts\/21775\/revisions\/21831"}],"wp:featuredmedia":[{"embeddable":true,"href":"https:\/\/radiorevelacionfm.cl\/index.php?rest_route=\/wp\/v2\/media\/21776"}],"wp:attachment":[{"href":"https:\/\/radiorevelacionfm.cl\/index.php?rest_route=%2Fwp%2Fv2%2Fmedia&parent=21775"}],"wp:term":[{"taxonomy":"category","embeddable":true,"href":"https:\/\/radiorevelacionfm.cl\/index.php?rest_route=%2Fwp%2Fv2%2Fcategories&post=21775"},{"taxonomy":"post_tag","embeddable":true,"href":"https:\/\/radiorevelacionfm.cl\/index.php?rest_route=%2Fwp%2Fv2%2Ftags&post=21775"}],"curies":[{"name":"wp","href":"https:\/\/api.w.org\/{rel}","templated":true}]}}