{"id":21772,"date":"2022-09-14T09:30:07","date_gmt":"2022-09-14T12:30:07","guid":{"rendered":"https:\/\/radiorevelacionfm.cl\/?p=21772"},"modified":"2022-09-14T09:30:07","modified_gmt":"2022-09-14T12:30:07","slug":"consejeros-regionales-avanzan-con-el-mop-para-la-generacion-de-un-plan-de-conectividad","status":"publish","type":"post","link":"https:\/\/radiorevelacionfm.cl\/?p=21772","title":{"rendered":"Consejeros regionales avanzan con el MOP para la generaci\u00f3n de un plan de conectividad"},"content":{"rendered":"<div class=\"flex_column av_one_full  flex_column_div av-zero-column-padding first  avia-builder-el-0  el_before_av_one_full  avia-builder-el-first  \" style='border-radius:0px; '><div  class='avia-image-container  av-styling-    avia-builder-el-1  avia-builder-el-no-sibling  avia-align-center '  itemprop=\"image\" itemscope=\"itemscope\" itemtype=\"https:\/\/schema.org\/ImageObject\"  ><div class='avia-image-container-inner'><div class='avia-image-overlay-wrap'><img decoding=\"async\" class='wp-image-21773 avia-img-lazy-loading-not-21773 avia_image' src=\"https:\/\/radiorevelacionfm.cl\/wp-content\/uploads\/2022\/09\/4-29-1_optimized.jpeg\" alt='' title='4-(29)-(1)_optimized' height=\"600\" width=\"802\"  itemprop=\"thumbnailUrl\" srcset=\"https:\/\/radiorevelacionfm.cl\/wp-content\/uploads\/2022\/09\/4-29-1_optimized.jpeg 802w, https:\/\/radiorevelacionfm.cl\/wp-content\/uploads\/2022\/09\/4-29-1_optimized-300x224.jpeg 300w, https:\/\/radiorevelacionfm.cl\/wp-content\/uploads\/2022\/09\/4-29-1_optimized-768x575.jpeg 768w, https:\/\/radiorevelacionfm.cl\/wp-content\/uploads\/2022\/09\/4-29-1_optimized-705x527.jpeg 705w, https:\/\/radiorevelacionfm.cl\/wp-content\/uploads\/2022\/09\/4-29-1_optimized-600x449.jpeg 600w\" sizes=\"(max-width: 802px) 100vw, 802px\" \/><\/div><\/div><\/div><\/div><div class=\"flex_column av_one_full  flex_column_div av-zero-column-padding first  avia-builder-el-2  el_after_av_one_full  el_before_av_one_full  column-top-margin\" style='border-radius:0px; '><section class=\"av_textblock_section \"  itemscope=\"itemscope\" itemtype=\"https:\/\/schema.org\/BlogPosting\" itemprop=\"blogPost\" ><div class='avia_textblock  '   itemprop=\"text\" ><p style=\"text-align: center;\"><span style=\"font-size: 18pt;\"><strong>Consejeros regionales avanzan con el MOP para la generaci\u00f3n de un plan de conectividad<\/strong><\/span><\/p>\n<div id=\"gtx-trans\" style=\"position: absolute; left: -50px; top: 4.31534px;\">\n<div class=\"gtx-trans-icon\"><\/div>\n<\/div>\n<\/div><\/section><\/div><div class=\"flex_column av_one_full  flex_column_div av-zero-column-padding first  avia-builder-el-4  el_after_av_one_full  el_before_av_hr  column-top-margin\" style='border-radius:0px; '><section class=\"av_textblock_section \"  itemscope=\"itemscope\" itemtype=\"https:\/\/schema.org\/BlogPosting\" itemprop=\"blogPost\" ><div class='avia_textblock  '   itemprop=\"text\" ><p dir=\"ltr\" style=\"text-align: justify;\">Los Consejeros Regionales, Jorge Abello, V\u00edctor Escobar, junto a las Consejeras, Lilian Inostroza, Paola Rodr\u00edguez, y Paulina Hern\u00e1ndez, viajaron hasta Santiago donde sostuvieron reuniones con el Ministro de Obras P\u00fablicas (MOP), Juan Carlos Garc\u00eda, el Director Nacional de Vialidad, Jaime Retamal, y el Subsecretario de Transportes, Crist\u00f3bal Pineda.<\/p>\n<p dir=\"ltr\" style=\"text-align: justify;\">Las autoridades regionales y provinciales, expresaron problem\u00e1ticas existentes en la Regi\u00f3n de Ays\u00e9n como la conectividad, luego de la cual el MOP se comprometi\u00f3 a generar un plan de conectividad en los pr\u00f3ximos sesenta d\u00edas.<\/p>\n<p dir=\"ltr\" style=\"text-align: justify;\">La Comisi\u00f3n de Infraestructura, Transportes y Telecomunicaciones del Consejo Regional, previamente,\u00a0 hab\u00eda realizado\u00a0 una visita en terreno a las localidades de Puyuhuapi y La Junta, donde expresaron preocupaci\u00f3n por el estado del puente Senador Jorge Sep\u00falveda.<\/p>\n<p dir=\"ltr\" style=\"text-align: justify;\">La Presidenta de dicha comisi\u00f3n, la Consejera Lilian Inostroza, destac\u00f3 estar muy contenta, despu\u00e9s de que el Ministerio de Obras P\u00fablicas confirmara un \u00abacuerdo que se acaba de tomar con la cartera. En la actualidad se necesita mayor desarrollo para la regi\u00f3n, as\u00ed que, vamos a seguir enfatizando y velando porque ello se cumpla, ya que, nuestra gente necesita transitar de forma libre y segura\u00bb.<\/p>\n<p dir=\"ltr\" style=\"text-align: justify;\">Por su parte, la Consejera Paola Rodr\u00edguez expres\u00f3 que \u00abel MOP es uno de los ministerios que m\u00e1s impacto genera en el territorio, no s\u00f3lo por una cuesti\u00f3n de conectividad, tambi\u00e9n por la generaci\u00f3n de empleo\u00bb.<\/p>\n<p dir=\"ltr\" style=\"text-align: justify;\">En tanto, V\u00edctor Escobar, Consejero Regional de la Provincia Capit\u00e1n Prat, destac\u00f3 \u00abel gran compromiso que tiene este Ministro de Obras P\u00fablicas para con la regi\u00f3n, todo con el fin de mejorar la conectividad y que \u00e9sta no sea un problema para la gente\u00bb.<\/p>\n<p dir=\"ltr\" style=\"text-align: justify;\">Mientras que Paulina Hern\u00e1ndez, Consejera Regional por la Provincia Capit\u00e1n Prat, inform\u00f3 que \u00abal d\u00eda de hoy ya se est\u00e1 trabajando en una barcaza soporte a la que ya existe, la Pilchero, y la Tehuelche. Sin embargo, necesitamos ir avanzando en la adquisici\u00f3n de una segunda embarcaci\u00f3n similar o de mayor tama\u00f1o que la Tehuelche. Esa es una solicitud de la ciudadan\u00eda, no podemos hacer o\u00eddos sordos a ello\u00bb, afirm\u00f3.<\/p>\n<p dir=\"ltr\" style=\"text-align: justify;\">En la conversaci\u00f3n con el Ministro de Obras P\u00fablicas estuvo presente el senador David Sandoval, promotor de la reuni\u00f3n, adem\u00e1s de la senadora Ximena \u00d3rdenes, el diputado Miguel \u00c1ngel Calisto, la diputada Marcia Raphael, el alcalde de Ib\u00e1\u00f1ez, Marcelo Santana, y el edil de Cisnes, Francisco Roncagliolo.<\/p>\n<p dir=\"ltr\" style=\"text-align: justify;\">Reuni\u00f3n con vialidad, Ministerio de Transportes y Telecomunicaciones<\/p>\n<p dir=\"ltr\" style=\"text-align: justify;\">De igual forma, las y los Consejeros Regionales conversaron con el director nacional de Vialidad del MOP, Jaime Retamal, donde abordaron aspectos deficientes en cuanto a conectividad vial, lacustre y mar\u00edtimo para afinar detalles de este futuro plan anunciado por el ministro Garc\u00eda. \u00abEn la reuni\u00f3n con el ministro aparecieron tambi\u00e9n inquietudes que son m\u00e1s inmediatas: Temas las conservaciones en particular, los contratos abandonados por dificultades de las empresas, contratos que no se han podido adjudicar por cuestiones de costos, entre otros, que se volvieron a tratar ac\u00e1\u00bb, indic\u00f3 Retamal.<\/p>\n<p dir=\"ltr\" style=\"text-align: justify;\">El Consejero Regional, Jorge Abello, coment\u00f3 que adem\u00e1s informaron \u00abalgunos puntos importantes que tiene que ver con el Convenio de Programaci\u00f3n que tenemos con el MOP, pero que lo ejecuta vialidad, el tema de caminos secundarios y, por cierto, una serie de demandas territoriales que tienen que ver con la mantenci\u00f3n de los caminos\u00bb.<\/p>\n<p dir=\"ltr\" style=\"text-align: justify;\">Durante la reuni\u00f3n con el subsecretario del Ministerio de Transporte y Telecomunicaciones, Crist\u00f3bal Pineda, trataron la conectividad mar\u00edtima y bimodal del sector norte de la Regi\u00f3n de Ays\u00e9n. diversos temas, como \u00abla conectividad mar\u00edtima y bimodal en la parte norte de la regi\u00f3n. \u00abLa autoridad, adem\u00e1s, confirm\u00f3 una mesa de trabajo entre representantes de las regiones de Ays\u00e9n y Los Lagos, donde se tocar\u00e1n temas particulares de la Comuna de Los Cisnes. Eso est\u00e1 comprometido para la primera quincena del mes de octubre\u00bb, cont\u00f3 el Consejero Regional Jorge Abello.<\/p>\n<\/div><\/section><\/div><div  style='height:50px' class='hr hr-invisible   avia-builder-el-6  el_after_av_one_full  el_before_av_social_share '><span class='hr-inner ' ><span class='hr-inner-style'><\/span><\/span><\/div><\/p>\n<div  class='av-social-sharing-box  avia-builder-el-7  el_after_av_hr  el_before_av_hr  '><div class='av-share-box'><h5 class='av-share-link-description av-no-toc '>Compartir esta noticia<\/h5><ul class='av-share-box-list noLightbox'><li class='av-share-link av-social-link-facebook' ><a target=\"_blank\" aria-label=\"Compartir en Facebook\" href='https:\/\/www.facebook.com\/sharer.php?u=https:\/\/radiorevelacionfm.cl\/?p=21772&#038;t=Consejeros%20regionales%20avanzan%20con%20el%20MOP%20para%20la%20generaci%C3%B3n%20de%20un%20plan%20de%20conectividad' aria-hidden='false' data-av_icon='\ue8f3' data-av_iconfont='entypo-fontello' title='' data-avia-related-tooltip='Compartir en Facebook' rel=\"noopener\"><span class='avia_hidden_link_text'>Compartir en Facebook<\/span><\/a><\/li><li class='av-share-link av-social-link-twitter' ><a target=\"_blank\" aria-label=\"Compartir en Twitter\" href='https:\/\/twitter.com\/share?text=Consejeros%20regionales%20avanzan%20con%20el%20MOP%20para%20la%20generaci%C3%B3n%20de%20un%20plan%20de%20conectividad&#038;url=https:\/\/radiorevelacionfm.cl\/?p=21772' aria-hidden='false' data-av_icon='\ue8f1' data-av_iconfont='entypo-fontello' title='' data-avia-related-tooltip='Compartir en Twitter' rel=\"noopener\"><span class='avia_hidden_link_text'>Compartir en Twitter<\/span><\/a><\/li><li class='av-share-link av-social-link-whatsapp' ><a target=\"_blank\" aria-label=\"Compartir en Whatsapp\" href='https:\/\/api.whatsapp.com\/send?text=https:\/\/radiorevelacionfm.cl\/?p=21772' aria-hidden='false' data-av_icon='\uf232' data-av_iconfont='entypo-fontello' title='' data-avia-related-tooltip='Compartir en Whatsapp' rel=\"noopener\"><span class='avia_hidden_link_text'>Compartir en Whatsapp<\/span><\/a><\/li><li class='av-share-link av-social-link-linkedin' ><a target=\"_blank\" aria-label=\"Compartir en LinkedIn\" href='https:\/\/linkedin.com\/shareArticle?mini=true&#038;title=Consejeros%20regionales%20avanzan%20con%20el%20MOP%20para%20la%20generaci%C3%B3n%20de%20un%20plan%20de%20conectividad&#038;url=https:\/\/radiorevelacionfm.cl\/?p=21772' aria-hidden='false' data-av_icon='\ue8fc' data-av_iconfont='entypo-fontello' title='' data-avia-related-tooltip='Compartir en LinkedIn' rel=\"noopener\"><span class='avia_hidden_link_text'>Compartir en LinkedIn<\/span><\/a><\/li><li class='av-share-link av-social-link-mail' ><a  aria-label=\"Compartir por correo\" href='mailto:?subject=Consejeros%20regionales%20avanzan%20con%20el%20MOP%20para%20la%20generaci%C3%B3n%20de%20un%20plan%20de%20conectividad&#038;body=https:\/\/radiorevelacionfm.cl\/?p=21772' aria-hidden='false' data-av_icon='\ue805' data-av_iconfont='entypo-fontello' title='' data-avia-related-tooltip='Compartir por correo'><span class='avia_hidden_link_text'>Compartir por correo<\/span><\/a><\/li><\/ul><\/div><\/div>\n<div  style='height:50px' class='hr hr-invisible   avia-builder-el-8  el_after_av_social_share  el_before_av_comments_list '><span class='hr-inner ' ><span class='hr-inner-style'><\/span><\/span><\/div>\n<div  class='av-buildercomment  av-blog-meta-html-info-disabled av-blog-meta-tag-disabled  '><\/div>\n","protected":false},"excerpt":{"rendered":"","protected":false},"author":1,"featured_media":21773,"comment_status":"open","ping_status":"open","sticky":false,"template":"","format":"standard","meta":{"footnotes":""},"categories":[38],"tags":[],"class_list":["post-21772","post","type-post","status-publish","format-standard","has-post-thumbnail","hentry","category-regional"],"jetpack_featured_media_url":"https:\/\/radiorevelacionfm.cl\/wp-content\/uploads\/2022\/09\/4-29-1_optimized.jpeg","_links":{"self":[{"href":"https:\/\/radiorevelacionfm.cl\/index.php?rest_route=\/wp\/v2\/posts\/21772","targetHints":{"allow":["GET"]}}],"collection":[{"href":"https:\/\/radiorevelacionfm.cl\/index.php?rest_route=\/wp\/v2\/posts"}],"about":[{"href":"https:\/\/radiorevelacionfm.cl\/index.php?rest_route=\/wp\/v2\/types\/post"}],"author":[{"embeddable":true,"href":"https:\/\/radiorevelacionfm.cl\/index.php?rest_route=\/wp\/v2\/users\/1"}],"replies":[{"embeddable":true,"href":"https:\/\/radiorevelacionfm.cl\/index.php?rest_route=%2Fwp%2Fv2%2Fcomments&post=21772"}],"version-history":[{"count":2,"href":"https:\/\/radiorevelacionfm.cl\/index.php?rest_route=\/wp\/v2\/posts\/21772\/revisions"}],"predecessor-version":[{"id":21791,"href":"https:\/\/radiorevelacionfm.cl\/index.php?rest_route=\/wp\/v2\/posts\/21772\/revisions\/21791"}],"wp:featuredmedia":[{"embeddable":true,"href":"https:\/\/radiorevelacionfm.cl\/index.php?rest_route=\/wp\/v2\/media\/21773"}],"wp:attachment":[{"href":"https:\/\/radiorevelacionfm.cl\/index.php?rest_route=%2Fwp%2Fv2%2Fmedia&parent=21772"}],"wp:term":[{"taxonomy":"category","embeddable":true,"href":"https:\/\/radiorevelacionfm.cl\/index.php?rest_route=%2Fwp%2Fv2%2Fcategories&post=21772"},{"taxonomy":"post_tag","embeddable":true,"href":"https:\/\/radiorevelacionfm.cl\/index.php?rest_route=%2Fwp%2Fv2%2Ftags&post=21772"}],"curies":[{"name":"wp","href":"https:\/\/api.w.org\/{rel}","templated":true}]}}