{"id":2177,"date":"2021-01-28T15:17:48","date_gmt":"2021-01-28T18:17:48","guid":{"rendered":"https:\/\/radiorevelacionfm.cl\/?p=2177"},"modified":"2021-01-28T15:22:17","modified_gmt":"2021-01-28T18:22:17","slug":"senador-sandoval-destaca-trayectoria-compromiso-y-trabajo-de-candidatos-as-de-la-udi-para-elecciones-del-11-de-abril","status":"publish","type":"post","link":"https:\/\/radiorevelacionfm.cl\/?p=2177","title":{"rendered":"Senador Sandoval destaca trayectoria, compromiso y trabajo de candidatos\/as de la UDI para elecciones del 11 de abril"},"content":{"rendered":"<div class=\"flex_column av_one_full  flex_column_div av-zero-column-padding first  avia-builder-el-0  el_before_av_one_full  avia-builder-el-first  \" style='border-radius:0px; '><div  class='avia-image-container  av-styling-    avia-builder-el-1  avia-builder-el-no-sibling  avia-align-center '  itemprop=\"image\" itemscope=\"itemscope\" itemtype=\"https:\/\/schema.org\/ImageObject\"  ><div class='avia-image-container-inner'><div class='avia-image-overlay-wrap'><img decoding=\"async\" class='wp-image-0 avia-img-lazy-loading-not-0 avia_image' src=\"https:\/\/radiorevelacionfm.cl\/wp-content\/uploads\/2021\/01\/SANDOVAL2.jpg\" alt='' title=''   itemprop=\"thumbnailUrl\"  \/><\/div><\/div><\/div><\/div>\n<div class=\"flex_column av_one_full  flex_column_div av-zero-column-padding first  avia-builder-el-2  el_after_av_one_full  el_before_av_one_full  column-top-margin\" style='border-radius:0px; '><section class=\"av_textblock_section \"  itemscope=\"itemscope\" itemtype=\"https:\/\/schema.org\/BlogPosting\" itemprop=\"blogPost\" ><div class='avia_textblock  '   itemprop=\"text\" ><p style=\"text-align: center;\"><span style=\"font-size: 18pt;\"><strong>Senador Sandoval destaca trayectoria, compromiso y trabajo de candidatos\/as de la UDI para elecciones del 11 de abril<\/strong><\/span><\/p>\n<div id=\"gtx-trans\" style=\"position: absolute; left: -50px; top: 4.31534px;\">\n<div class=\"gtx-trans-icon\"><\/div>\n<\/div>\n<\/div><\/section><\/div><div class=\"flex_column av_one_full  flex_column_div av-zero-column-padding first  avia-builder-el-4  el_after_av_one_full  el_before_av_hr  column-top-margin\" style='border-radius:0px; '><section class=\"av_textblock_section \"  itemscope=\"itemscope\" itemtype=\"https:\/\/schema.org\/BlogPosting\" itemprop=\"blogPost\" ><div class='avia_textblock  '   itemprop=\"text\" ><p style=\"text-align: justify;\">Luego de que en los \u00faltimos d\u00edas se ratificaran las candidaturas para las pr\u00f3ximas elecciones municipales, de convencionales constituyentes y de Gobernador Regional, el senador David Sandoval destac\u00f3 la trayectoria, compromiso y trabajo de los candidatos que la Uni\u00f3n Dem\u00f3crata Independiente (UDI) llevar\u00e1 en las papeletas para los comicios del pr\u00f3ximo 11 de abril, a nivel regional.<\/p>\n<p style=\"text-align: justify;\">En cuanto a alcaldes, en la comuna de Ays\u00e9n, es Luis Mart\u00ednez quien asume el desaf\u00edo de continuar liderando la comuna. \u201cTen\u00edamos all\u00ed a un gran alcalde como Oscar Catal\u00e1n, que nos dej\u00f3. Y Luis Mart\u00ednez va a tener que encarnar ese nuevo desaf\u00edo y tendr\u00e1 la gran tarea de seguir trabajando por la comuna con esa visi\u00f3n de desarrollo y futuro que Oscar (Catal\u00e1n) le imprimi\u00f3. Luis tiene todos los m\u00e9ritos para ello y no me cabe duda que va a hacer un gran trabajo por esa comuna\u201d, resalt\u00f3.<\/p>\n<p style=\"text-align: justify;\">En R\u00edo Ib\u00e1\u00f1ez, tambi\u00e9n va a la reelecci\u00f3n Marcelo Santana. \u201cLleva a\u00f1os prestigi\u00e1ndonos por su trabajo, compromiso y c\u00f3mo ha transformado la comuna costera del Lago General Carrera\u201d, se\u00f1al\u00f3 el parlamentario, quien tambi\u00e9n se refiri\u00f3 a Lilian Inostroza, quien postula al sill\u00f3n municipal en Chile Chico. \u201cCreemos que ser\u00e1 la primera mujer alcaldesa de Chile Chico; una asistente social, una mujer comprometida con los temas de su comunidad, una persona que va a hacer un gran trabajo y que imprimir\u00e1 aires nuevos (al municipio)\u201d, indic\u00f3.<\/p>\n<p style=\"text-align: justify;\">Quien tambi\u00e9n postula a un nuevo periodo al mando de la municipalidad de Lago Verde, es Nelson Opazo, de quien Sandoval valor\u00f3 que se trata de \u201cun gran alcalde, que logr\u00f3 aglutinar en una nueva visi\u00f3n del desarrollo a su comunidad\u201d.<\/p>\n<p style=\"text-align: justify;\"><strong>Nueva Constituci\u00f3n<\/strong><\/p>\n<p style=\"text-align: justify;\">Adem\u00e1s, como candidata a la Convenci\u00f3n Constitucional, la UDI llevar\u00e1 como candidata a Mar\u00eda Teresa Calvis, de quien el senador Sandoval dijo: \u201cEs una mujer conocida, profesora, con toda una historia acad\u00e9mica en nuestra regi\u00f3n de Ays\u00e9n y parte de una familia muy conocida en la ciudad de Coyhaique\u201d.<\/p>\n<p style=\"text-align: justify;\">Por ello, considera que Calvis \u201crepresentar\u00e1 un sentimiento muy profundo de los valores y aspectos esenciales que significan para nosotros como sector: el concepto de familia, la libertad, el derecho a la propiedad, protecci\u00f3n de las condiciones medioambientales, llevar adelante un proceso de desarrollo vinculado de manera distinta a lo que se hecho hasta ahora\u201d.<\/p>\n<p style=\"text-align: justify;\">\u201cTeresa Calvis conoce nuestra regi\u00f3n y nuestras comunidades, por lo que ser\u00e1 una voz potente en esa instancia de trabajo para la Nueva Constituci\u00f3n\u201d, dijo.<\/p>\n<p style=\"text-align: justify;\"><strong>Concejales <\/strong><\/p>\n<p style=\"text-align: justify;\">La Udi llevar\u00e1 un total de 49 candidatos a concejal distribuidos en las diez comunas de la regi\u00f3n, lo cual para el legislador es muy relevante. \u201cSon hombres y mujeres que le van a dar al Concejo Municipal esta nueva din\u00e1mica que tanto reclama la gente, (que) quiere un municipio en terreno, comprometido con los problemas de la comunidad y trabajando unido por el desarrollo de sus habitantes\u201d, recalc\u00f3.<\/p>\n<p style=\"text-align: justify;\">Finalmente, el senador Sandoval subray\u00f3 que el 11 de abril se enfrentar\u00e1 un gran desaf\u00edo. \u201cEsperamos que conozcan a cada uno de los candidatos. Hoy es muy importante dar ese ese paso de conocimiento de quienes van a representarnos y qui\u00e9nes son en definitiva los que van a llevar adelante los sue\u00f1os de toda la comunidad\u201d, concluy\u00f3.<\/p>\n<\/div><\/section><\/div><\/p>\n<div  style='height:50px' class='hr hr-invisible   avia-builder-el-6  el_after_av_one_full  el_before_av_social_share '><span class='hr-inner ' ><span class='hr-inner-style'><\/span><\/span><\/div>\n<div  class='av-social-sharing-box  avia-builder-el-7  el_after_av_hr  el_before_av_hr  '><div class='av-share-box'><h5 class='av-share-link-description av-no-toc '>Compartir esta noticia<\/h5><ul class='av-share-box-list noLightbox'><li class='av-share-link av-social-link-facebook' ><a target=\"_blank\" aria-label=\"Compartir en Facebook\" href='https:\/\/www.facebook.com\/sharer.php?u=https:\/\/radiorevelacionfm.cl\/?p=2177&#038;t=Senador%20Sandoval%20destaca%20trayectoria%2C%20compromiso%20y%20trabajo%20de%20candidatos%2Fas%20de%20la%20UDI%20para%20elecciones%20del%2011%20de%20abril' aria-hidden='false' data-av_icon='\ue8f3' data-av_iconfont='entypo-fontello' title='' data-avia-related-tooltip='Compartir en Facebook' rel=\"noopener\"><span class='avia_hidden_link_text'>Compartir en Facebook<\/span><\/a><\/li><li class='av-share-link av-social-link-twitter' ><a target=\"_blank\" aria-label=\"Compartir en Twitter\" href='https:\/\/twitter.com\/share?text=Senador%20Sandoval%20destaca%20trayectoria%2C%20compromiso%20y%20trabajo%20de%20candidatos%2Fas%20de%20la%20UDI%20para%20elecciones%20del%2011%20de%20abril&#038;url=https:\/\/radiorevelacionfm.cl\/?p=2177' aria-hidden='false' data-av_icon='\ue8f1' data-av_iconfont='entypo-fontello' title='' data-avia-related-tooltip='Compartir en Twitter' rel=\"noopener\"><span class='avia_hidden_link_text'>Compartir en Twitter<\/span><\/a><\/li><li class='av-share-link av-social-link-whatsapp' ><a target=\"_blank\" aria-label=\"Compartir en Whatsapp\" href='https:\/\/api.whatsapp.com\/send?text=https:\/\/radiorevelacionfm.cl\/?p=2177' aria-hidden='false' data-av_icon='\uf232' data-av_iconfont='entypo-fontello' title='' data-avia-related-tooltip='Compartir en Whatsapp' rel=\"noopener\"><span class='avia_hidden_link_text'>Compartir en Whatsapp<\/span><\/a><\/li><li class='av-share-link av-social-link-linkedin' ><a target=\"_blank\" aria-label=\"Compartir en LinkedIn\" href='https:\/\/linkedin.com\/shareArticle?mini=true&#038;title=Senador%20Sandoval%20destaca%20trayectoria%2C%20compromiso%20y%20trabajo%20de%20candidatos%2Fas%20de%20la%20UDI%20para%20elecciones%20del%2011%20de%20abril&#038;url=https:\/\/radiorevelacionfm.cl\/?p=2177' aria-hidden='false' data-av_icon='\ue8fc' data-av_iconfont='entypo-fontello' title='' data-avia-related-tooltip='Compartir en LinkedIn' rel=\"noopener\"><span class='avia_hidden_link_text'>Compartir en LinkedIn<\/span><\/a><\/li><li class='av-share-link av-social-link-mail' ><a  aria-label=\"Compartir por correo\" href='mailto:?subject=Senador%20Sandoval%20destaca%20trayectoria%2C%20compromiso%20y%20trabajo%20de%20candidatos%2Fas%20de%20la%20UDI%20para%20elecciones%20del%2011%20de%20abril&#038;body=https:\/\/radiorevelacionfm.cl\/?p=2177' aria-hidden='false' data-av_icon='\ue805' data-av_iconfont='entypo-fontello' title='' data-avia-related-tooltip='Compartir por correo'><span class='avia_hidden_link_text'>Compartir por correo<\/span><\/a><\/li><\/ul><\/div><\/div>\n<div  style='height:50px' class='hr hr-invisible   avia-builder-el-8  el_after_av_social_share  el_before_av_comments_list '><span class='hr-inner ' ><span class='hr-inner-style'><\/span><\/span><\/div>\n<div  class='av-buildercomment  av-blog-meta-html-info-disabled av-blog-meta-tag-disabled  '><\/div>\n","protected":false},"excerpt":{"rendered":"","protected":false},"author":1,"featured_media":0,"comment_status":"open","ping_status":"open","sticky":false,"template":"","format":"standard","meta":{"footnotes":""},"categories":[35],"tags":[],"class_list":["post-2177","post","type-post","status-publish","format-standard","hentry","category-politica"],"jetpack_featured_media_url":"","_links":{"self":[{"href":"https:\/\/radiorevelacionfm.cl\/index.php?rest_route=\/wp\/v2\/posts\/2177","targetHints":{"allow":["GET"]}}],"collection":[{"href":"https:\/\/radiorevelacionfm.cl\/index.php?rest_route=\/wp\/v2\/posts"}],"about":[{"href":"https:\/\/radiorevelacionfm.cl\/index.php?rest_route=\/wp\/v2\/types\/post"}],"author":[{"embeddable":true,"href":"https:\/\/radiorevelacionfm.cl\/index.php?rest_route=\/wp\/v2\/users\/1"}],"replies":[{"embeddable":true,"href":"https:\/\/radiorevelacionfm.cl\/index.php?rest_route=%2Fwp%2Fv2%2Fcomments&post=2177"}],"version-history":[{"count":3,"href":"https:\/\/radiorevelacionfm.cl\/index.php?rest_route=\/wp\/v2\/posts\/2177\/revisions"}],"predecessor-version":[{"id":2181,"href":"https:\/\/radiorevelacionfm.cl\/index.php?rest_route=\/wp\/v2\/posts\/2177\/revisions\/2181"}],"wp:attachment":[{"href":"https:\/\/radiorevelacionfm.cl\/index.php?rest_route=%2Fwp%2Fv2%2Fmedia&parent=2177"}],"wp:term":[{"taxonomy":"category","embeddable":true,"href":"https:\/\/radiorevelacionfm.cl\/index.php?rest_route=%2Fwp%2Fv2%2Fcategories&post=2177"},{"taxonomy":"post_tag","embeddable":true,"href":"https:\/\/radiorevelacionfm.cl\/index.php?rest_route=%2Fwp%2Fv2%2Ftags&post=2177"}],"curies":[{"name":"wp","href":"https:\/\/api.w.org\/{rel}","templated":true}]}}