{"id":21769,"date":"2022-09-14T09:59:05","date_gmt":"2022-09-14T12:59:05","guid":{"rendered":"https:\/\/radiorevelacionfm.cl\/?p=21769"},"modified":"2022-09-14T09:59:05","modified_gmt":"2022-09-14T12:59:05","slug":"cultura-lanza-convocatoria-de-la-primera-edicion-de-los-premios-a-las-artes-escenicas-nacionales","status":"publish","type":"post","link":"https:\/\/radiorevelacionfm.cl\/?p=21769","title":{"rendered":"Cultura lanza convocatoria de la primera edici\u00f3n de los Premios a las Artes Esc\u00e9nicas Nacionales"},"content":{"rendered":"<div class=\"flex_column av_one_full  flex_column_div av-zero-column-padding first  avia-builder-el-0  el_before_av_one_full  avia-builder-el-first  \" style='border-radius:0px; '><div  class='avia-image-container  av-styling-    avia-builder-el-1  avia-builder-el-no-sibling  avia-align-center '  itemprop=\"image\" itemscope=\"itemscope\" itemtype=\"https:\/\/schema.org\/ImageObject\"  ><div class='avia-image-container-inner'><div class='avia-image-overlay-wrap'><img decoding=\"async\" class='wp-image-21770 avia-img-lazy-loading-not-21770 avia_image' src=\"https:\/\/radiorevelacionfm.cl\/wp-content\/uploads\/2022\/09\/premio-presidente_TWFB-1-1.jpg\" alt='' title='premio-presidente_TWFB (1) (1)' height=\"600\" width=\"1066\"  itemprop=\"thumbnailUrl\" srcset=\"https:\/\/radiorevelacionfm.cl\/wp-content\/uploads\/2022\/09\/premio-presidente_TWFB-1-1.jpg 1066w, https:\/\/radiorevelacionfm.cl\/wp-content\/uploads\/2022\/09\/premio-presidente_TWFB-1-1-300x169.jpg 300w, https:\/\/radiorevelacionfm.cl\/wp-content\/uploads\/2022\/09\/premio-presidente_TWFB-1-1-1030x580.jpg 1030w, https:\/\/radiorevelacionfm.cl\/wp-content\/uploads\/2022\/09\/premio-presidente_TWFB-1-1-768x432.jpg 768w, https:\/\/radiorevelacionfm.cl\/wp-content\/uploads\/2022\/09\/premio-presidente_TWFB-1-1-705x397.jpg 705w, https:\/\/radiorevelacionfm.cl\/wp-content\/uploads\/2022\/09\/premio-presidente_TWFB-1-1-600x338.jpg 600w\" sizes=\"(max-width: 1066px) 100vw, 1066px\" \/><\/div><\/div><\/div><\/div><div class=\"flex_column av_one_full  flex_column_div av-zero-column-padding first  avia-builder-el-2  el_after_av_one_full  el_before_av_one_full  column-top-margin\" style='border-radius:0px; '><section class=\"av_textblock_section \"  itemscope=\"itemscope\" itemtype=\"https:\/\/schema.org\/BlogPosting\" itemprop=\"blogPost\" ><div class='avia_textblock  '   itemprop=\"text\" ><p style=\"text-align: center;\"><strong><span style=\"font-size: 18pt;\">Cultura lanza convocatoria de la primera edici\u00f3n de los Premios a las Artes Esc\u00e9nicas Nacionales<\/span><\/strong><\/p>\n<div id=\"gtx-trans\" style=\"position: absolute; left: -50px; top: 4.31534px;\">\n<div class=\"gtx-trans-icon\"><\/div>\n<\/div>\n<\/div><\/section><\/div><div class=\"flex_column av_one_full  flex_column_div av-zero-column-padding first  avia-builder-el-4  el_after_av_one_full  el_before_av_hr  column-top-margin\" style='border-radius:0px; '><section class=\"av_textblock_section \"  itemscope=\"itemscope\" itemtype=\"https:\/\/schema.org\/BlogPosting\" itemprop=\"blogPost\" ><div class='avia_textblock  '   itemprop=\"text\" ><p class=\"v1x_MsoNormal\" style=\"text-align: justify;\">Por primera vez, el\u00a0<span lang=\"ES-MX\">Consejo Nacional de Artes Esc\u00e9nicas del Ministerio de las Culturas, las Artes y el Patrimonio, invita a personas naturales o jur\u00eddicas a postular a sus candidatos o candidatas al\u00a0Premio a las Artes Esc\u00e9nicas Nacionales Presidente de la Rep\u00fablica, galard\u00f3n que busca reconocer la\u00a0<\/span>excelencia, creatividad y trayectoria de quienes han contribuido al desarrollo del sector en diversas \u00e1reas.<\/p>\n<p class=\"v1x_MsoNormal\" style=\"text-align: justify;\">La convocatoria fue lanzada en la \u00faltima sesi\u00f3n del Consejo Nacional de Artes Esc\u00e9nicas, actividad realizada de manera presencial en el Palacio Pereira el pasado 8 de septiembre, y que cont\u00f3 con la presencia de las y los integrantes de este \u00f3rgano, adem\u00e1s de su presidenta, la subsecretaria de las Culturas y las Artes, Andrea Guti\u00e9rrez V\u00e1squez.<\/p>\n<p class=\"v1x_MsoNormal\" style=\"text-align: justify;\">\u00abCelebramos esta convocatoria tan necesaria que reconoce el trabajo de artistas esc\u00e9nicas y esc\u00e9nicos, en distintas categor\u00edas. La entrega de estos premios nos permitir\u00e1 distinguir a quienes los reciban y ser\u00e1, tambi\u00e9n, una oportunidad para difundir el trabajo que realizan y el aporte y contribuci\u00f3n que han hecho a nuestro pa\u00eds a trav\u00e9s de su labor\u00bb, destac\u00f3 la subsecretaria de las Culturas y las Artes, Andrea Guti\u00e9rrez V\u00e1squez.<\/p>\n<p class=\"v1x_Normal2\" style=\"text-align: justify;\">Establecido por Ley 21.151 de Fomento a Artes Esc\u00e9nicas, el premio se conceder\u00e1 de manera anual, y quienes resulten reconocidos\/as en las distintas categor\u00edas recibir\u00e1n, en una ceremonia oficial en el Palacio de La Moneda, un diploma firmado por el Presidente de la Rep\u00fablica y por la Ministra de las Culturas, adem\u00e1s de una suma \u00fanica en dinero de 200 UTM.<\/p>\n<p class=\"v1x_Normal2\" style=\"text-align: justify;\">Cabe destacar que el premio puede ser recibido tanto por personas naturales como por elencos o compa\u00f1\u00edas. As\u00ed, en el caso de resultar ganadora una agrupaci\u00f3n, el monto otorgado ser\u00e1 repartido en partes iguales entre sus integrantes.<\/p>\n<p class=\"v1x_Normal2\" style=\"text-align: justify;\">Respecto de la selecci\u00f3n de las y los ganadores, este proceso estar\u00e1 a cargo del Consejo Nacional de Artes Esc\u00e9nicas, \u00f3rgano conformado por representantes de las distintas disciplinas, y que dentro de sus atribuciones tiene la de definir a quienes recibir\u00e1n este reconocimiento en cada una de sus ocho categor\u00edas:\u00a0(1)teatro, (2)danza, (3)\u00f3pera, (4)t\u00edteres<span class=\"v1x_normaltextrun\"><span lang=\"ES\">\u00a0o narraci\u00f3n oral, (5)circo, (6)<\/span><\/span><span class=\"v1x_normaltextrun\"><span lang=\"ES-MX\">autores\/as de obras de teatro, coreograf\u00edas, libretos, guiones o relatos, (7)dise\u00f1ador\/a esc\u00e9nico, y (8)artista esc\u00e9nico emergente.<\/span><\/span><\/p>\n<p class=\"v1x_Normal2\" style=\"text-align: justify;\"><span class=\"v1x_normaltextrun\"><span lang=\"ES-MX\">La presentaci\u00f3n de antecedentes para postular al premio estar\u00e1 abierta hasta el <b>14 de octubre a las 16:00 horas<\/b>. Este proceso podr\u00e1 realizarse \u00fanicamente por\u00a0<\/span><\/span><span lang=\"ES-MX\">terceras personas, sean naturales o jur\u00eddicas, a trav\u00e9s de la plataforma de Fondos de Cultura del Ministerio, o en formato papel en las Oficinas de Parte de la Secretar\u00eda Regional Ministerial de las Culturas que corresponda en cada caso.<\/span><\/p>\n<p class=\"v1x_MsoNormal\" style=\"text-align: justify;\"><b>\u00bfC\u00f3mo postular?<\/b><\/p>\n<p class=\"v1x_MsoNormal\" style=\"text-align: justify;\"><u>En formato online:<\/u><u><\/u><\/p>\n<p class=\"v1x_MsoNormal\" style=\"text-align: justify;\">1)\u00a0\u00a0\u00a0\u00a0\u00a0\u00a0Ingresar a la plataforma de postulaci\u00f3n en\u00a0\u00a0<a href=\"https:\/\/clave.fondosdecultura.cl\/\" target=\"_blank\" rel=\"noopener noreferrer\">https:\/\/clave.fondosdecultura.cl\/<\/a><\/p>\n<p class=\"v1x_MsoNormal\" style=\"text-align: justify;\">2)\u00a0\u00a0\u00a0\u00a0\u00a0\u00a0Luego de ingresar, busque concursos disponibles y filtre por las siguientes categor\u00edas:<\/p>\n<p class=\"v1x_MsoNormal\" style=\"text-align: justify;\">a)\u00a0\u00a0\u00a0\u00a0\u00a0\u00a0\u00a0A\u00f1o 2022.<\/p>\n<p class=\"v1x_MsoNormal\" style=\"text-align: justify;\">b)\u00a0\u00a0\u00a0\u00a0\u00a0\u00a0Fondo: Consejo Nacional de las Artes Esc\u00e9nicas<\/p>\n<p class=\"v1x_MsoNormal\" style=\"text-align: justify;\">c)\u00a0\u00a0\u00a0\u00a0\u00a0\u00a0\u00a0L\u00ednea: Premio Presidente de la Rep\u00fablica.<\/p>\n<p class=\"v1x_MsoNormal\" style=\"text-align: justify;\">d)\u00a0\u00a0\u00a0\u00a0\u00a0\u00a0Modalidad: \u00fanica.<\/p>\n<p class=\"v1x_MsoNormal\" style=\"text-align: justify;\">3)\u00a0\u00a0\u00a0\u00a0\u00a0\u00a0Complete los datos del formulario.<\/p>\n<p class=\"v1x_MsoNormal\" style=\"text-align: justify;\">4)\u00a0\u00a0\u00a0\u00a0\u00a0\u00a0Adjunte los documentos solicitados.<\/p>\n<p class=\"v1x_MsoNormal\" style=\"text-align: justify;\">5)\u00a0\u00a0\u00a0\u00a0\u00a0\u00a0Env\u00ede su postulaci\u00f3n.<\/p>\n<p class=\"v1x_MsoNormal\" style=\"text-align: justify;\"><u><span lang=\"ES-MX\">En formato papel:<\/span><\/u><\/p>\n<p class=\"v1x_MsoNormal\" style=\"text-align: justify;\"><span lang=\"ES-MX\">Entregar la documentaci\u00f3n requerida en la\u00a0Oficina de Partes\u00a0de la SEREMIA respectiva en un sobre o carpeta, indicando que se trata de la presentaci\u00f3n de antecedentes al\u00a0Premio a las Artes Esc\u00e9nicas Nacionales \u00abPresidente de la Rep\u00fablica\u00bb.<\/span><\/p>\n<p class=\"v1x_MsoNormal\" style=\"text-align: justify;\"><span lang=\"ES-MX\">Consultas al correo\u00a0<\/span><a href=\"mailto:consejoescenicas@cultura.gob.cl\" rel=\"noreferrer\"><span lang=\"ES-MX\">consejoescenicas@cultura.gob.cl<\/span><\/a><\/p>\n<\/div><\/section><\/div><div  style='height:50px' class='hr hr-invisible   avia-builder-el-6  el_after_av_one_full  el_before_av_social_share '><span class='hr-inner ' ><span class='hr-inner-style'><\/span><\/span><\/div><\/p>\n<div  class='av-social-sharing-box  avia-builder-el-7  el_after_av_hr  el_before_av_hr  '><div class='av-share-box'><h5 class='av-share-link-description av-no-toc '>Compartir esta noticia<\/h5><ul class='av-share-box-list noLightbox'><li class='av-share-link av-social-link-facebook' ><a target=\"_blank\" aria-label=\"Compartir en Facebook\" href='https:\/\/www.facebook.com\/sharer.php?u=https:\/\/radiorevelacionfm.cl\/?p=21769&#038;t=Cultura%20lanza%20convocatoria%20de%20la%20primera%20edici%C3%B3n%20de%20los%20Premios%20a%20las%20Artes%20Esc%C3%A9nicas%20Nacionales' aria-hidden='false' data-av_icon='\ue8f3' data-av_iconfont='entypo-fontello' title='' data-avia-related-tooltip='Compartir en Facebook' rel=\"noopener\"><span class='avia_hidden_link_text'>Compartir en Facebook<\/span><\/a><\/li><li class='av-share-link av-social-link-twitter' ><a target=\"_blank\" aria-label=\"Compartir en Twitter\" href='https:\/\/twitter.com\/share?text=Cultura%20lanza%20convocatoria%20de%20la%20primera%20edici%C3%B3n%20de%20los%20Premios%20a%20las%20Artes%20Esc%C3%A9nicas%20Nacionales&#038;url=https:\/\/radiorevelacionfm.cl\/?p=21769' aria-hidden='false' data-av_icon='\ue8f1' data-av_iconfont='entypo-fontello' title='' data-avia-related-tooltip='Compartir en Twitter' rel=\"noopener\"><span class='avia_hidden_link_text'>Compartir en Twitter<\/span><\/a><\/li><li class='av-share-link av-social-link-whatsapp' ><a target=\"_blank\" aria-label=\"Compartir en Whatsapp\" href='https:\/\/api.whatsapp.com\/send?text=https:\/\/radiorevelacionfm.cl\/?p=21769' aria-hidden='false' data-av_icon='\uf232' data-av_iconfont='entypo-fontello' title='' data-avia-related-tooltip='Compartir en Whatsapp' rel=\"noopener\"><span class='avia_hidden_link_text'>Compartir en Whatsapp<\/span><\/a><\/li><li class='av-share-link av-social-link-linkedin' ><a target=\"_blank\" aria-label=\"Compartir en LinkedIn\" href='https:\/\/linkedin.com\/shareArticle?mini=true&#038;title=Cultura%20lanza%20convocatoria%20de%20la%20primera%20edici%C3%B3n%20de%20los%20Premios%20a%20las%20Artes%20Esc%C3%A9nicas%20Nacionales&#038;url=https:\/\/radiorevelacionfm.cl\/?p=21769' aria-hidden='false' data-av_icon='\ue8fc' data-av_iconfont='entypo-fontello' title='' data-avia-related-tooltip='Compartir en LinkedIn' rel=\"noopener\"><span class='avia_hidden_link_text'>Compartir en LinkedIn<\/span><\/a><\/li><li class='av-share-link av-social-link-mail' ><a  aria-label=\"Compartir por correo\" href='mailto:?subject=Cultura%20lanza%20convocatoria%20de%20la%20primera%20edici%C3%B3n%20de%20los%20Premios%20a%20las%20Artes%20Esc%C3%A9nicas%20Nacionales&#038;body=https:\/\/radiorevelacionfm.cl\/?p=21769' aria-hidden='false' data-av_icon='\ue805' data-av_iconfont='entypo-fontello' title='' data-avia-related-tooltip='Compartir por correo'><span class='avia_hidden_link_text'>Compartir por correo<\/span><\/a><\/li><\/ul><\/div><\/div>\n<div  style='height:50px' class='hr hr-invisible   avia-builder-el-8  el_after_av_social_share  el_before_av_comments_list '><span class='hr-inner ' ><span class='hr-inner-style'><\/span><\/span><\/div>\n<div  class='av-buildercomment  av-blog-meta-html-info-disabled av-blog-meta-tag-disabled  '><\/div>\n","protected":false},"excerpt":{"rendered":"","protected":false},"author":1,"featured_media":21770,"comment_status":"open","ping_status":"open","sticky":false,"template":"","format":"standard","meta":{"footnotes":""},"categories":[52],"tags":[],"class_list":["post-21769","post","type-post","status-publish","format-standard","has-post-thumbnail","hentry","category-cultura"],"jetpack_featured_media_url":"https:\/\/radiorevelacionfm.cl\/wp-content\/uploads\/2022\/09\/premio-presidente_TWFB-1-1.jpg","_links":{"self":[{"href":"https:\/\/radiorevelacionfm.cl\/index.php?rest_route=\/wp\/v2\/posts\/21769","targetHints":{"allow":["GET"]}}],"collection":[{"href":"https:\/\/radiorevelacionfm.cl\/index.php?rest_route=\/wp\/v2\/posts"}],"about":[{"href":"https:\/\/radiorevelacionfm.cl\/index.php?rest_route=\/wp\/v2\/types\/post"}],"author":[{"embeddable":true,"href":"https:\/\/radiorevelacionfm.cl\/index.php?rest_route=\/wp\/v2\/users\/1"}],"replies":[{"embeddable":true,"href":"https:\/\/radiorevelacionfm.cl\/index.php?rest_route=%2Fwp%2Fv2%2Fcomments&post=21769"}],"version-history":[{"count":2,"href":"https:\/\/radiorevelacionfm.cl\/index.php?rest_route=\/wp\/v2\/posts\/21769\/revisions"}],"predecessor-version":[{"id":21793,"href":"https:\/\/radiorevelacionfm.cl\/index.php?rest_route=\/wp\/v2\/posts\/21769\/revisions\/21793"}],"wp:featuredmedia":[{"embeddable":true,"href":"https:\/\/radiorevelacionfm.cl\/index.php?rest_route=\/wp\/v2\/media\/21770"}],"wp:attachment":[{"href":"https:\/\/radiorevelacionfm.cl\/index.php?rest_route=%2Fwp%2Fv2%2Fmedia&parent=21769"}],"wp:term":[{"taxonomy":"category","embeddable":true,"href":"https:\/\/radiorevelacionfm.cl\/index.php?rest_route=%2Fwp%2Fv2%2Fcategories&post=21769"},{"taxonomy":"post_tag","embeddable":true,"href":"https:\/\/radiorevelacionfm.cl\/index.php?rest_route=%2Fwp%2Fv2%2Ftags&post=21769"}],"curies":[{"name":"wp","href":"https:\/\/api.w.org\/{rel}","templated":true}]}}