{"id":21764,"date":"2022-09-13T19:34:05","date_gmt":"2022-09-13T22:34:05","guid":{"rendered":"https:\/\/radiorevelacionfm.cl\/?p=21764"},"modified":"2022-09-13T19:34:05","modified_gmt":"2022-09-13T22:34:05","slug":"senadora-ordenes-plantea-a-ministra-toha-la-urgencia-de-abordar-situacion-de-conectividad-en-villa-ohiggins","status":"publish","type":"post","link":"https:\/\/radiorevelacionfm.cl\/?p=21764","title":{"rendered":"Senadora Ordenes plantea a ministra Toh\u00e1 la urgencia de abordar situaci\u00f3n de conectividad en Villa O\u2019Higgins"},"content":{"rendered":"<div class=\"flex_column av_one_full  flex_column_div av-zero-column-padding first  avia-builder-el-0  el_before_av_one_full  avia-builder-el-first  \" style='border-radius:0px; '><div  class='avia-image-container  av-styling-    avia-builder-el-1  avia-builder-el-no-sibling  avia-align-center '  itemprop=\"image\" itemscope=\"itemscope\" itemtype=\"https:\/\/schema.org\/ImageObject\"  ><div class='avia-image-container-inner'><div class='avia-image-overlay-wrap'><img decoding=\"async\" class='wp-image-21765 avia-img-lazy-loading-not-21765 avia_image' src=\"https:\/\/radiorevelacionfm.cl\/wp-content\/uploads\/2022\/09\/Reunion-Senadora-Ministra-1.jpg\" alt='' title='Reunion Senadora-Ministra (1)' height=\"610\" width=\"1197\"  itemprop=\"thumbnailUrl\" srcset=\"https:\/\/radiorevelacionfm.cl\/wp-content\/uploads\/2022\/09\/Reunion-Senadora-Ministra-1.jpg 1197w, https:\/\/radiorevelacionfm.cl\/wp-content\/uploads\/2022\/09\/Reunion-Senadora-Ministra-1-300x153.jpg 300w, https:\/\/radiorevelacionfm.cl\/wp-content\/uploads\/2022\/09\/Reunion-Senadora-Ministra-1-1030x525.jpg 1030w, https:\/\/radiorevelacionfm.cl\/wp-content\/uploads\/2022\/09\/Reunion-Senadora-Ministra-1-768x391.jpg 768w, https:\/\/radiorevelacionfm.cl\/wp-content\/uploads\/2022\/09\/Reunion-Senadora-Ministra-1-705x359.jpg 705w, https:\/\/radiorevelacionfm.cl\/wp-content\/uploads\/2022\/09\/Reunion-Senadora-Ministra-1-600x306.jpg 600w\" sizes=\"(max-width: 1197px) 100vw, 1197px\" \/><\/div><\/div><\/div><\/div>\n<div class=\"flex_column av_one_full  flex_column_div av-zero-column-padding first  avia-builder-el-2  el_after_av_one_full  el_before_av_one_full  column-top-margin\" style='border-radius:0px; '><section class=\"av_textblock_section \"  itemscope=\"itemscope\" itemtype=\"https:\/\/schema.org\/BlogPosting\" itemprop=\"blogPost\" ><div class='avia_textblock  '   itemprop=\"text\" ><p style=\"text-align: center;\"><strong><span style=\"font-size: 18pt;\">Senadora Ordenes plantea a ministra Toh\u00e1 la urgencia de abordar situaci\u00f3n de conectividad en Villa O\u2019Higgins<\/span><\/strong><\/p>\n<div id=\"gtx-trans\" style=\"position: absolute; left: -50px; top: 4.31534px;\">\n<div class=\"gtx-trans-icon\"><\/div>\n<\/div>\n<\/div><\/section><\/div>\n<div class=\"flex_column av_one_full  flex_column_div av-zero-column-padding first  avia-builder-el-4  el_after_av_one_full  el_before_av_hr  column-top-margin\" style='border-radius:0px; '><section class=\"av_textblock_section \"  itemscope=\"itemscope\" itemtype=\"https:\/\/schema.org\/BlogPosting\" itemprop=\"blogPost\" ><div class='avia_textblock  '   itemprop=\"text\" ><p style=\"font-weight: 400; text-align: justify;\">En el marco de la votaci\u00f3n en el Senado sobre la renovaci\u00f3n del estado de excepci\u00f3n en la macrozona sur, la senadora de la Regi\u00f3n de Ays\u00e9n, Ximena Ordenes, junto al Alcalde de Villa O\u2019Higgins, Jos\u00e9 Claudio Fica, y al Consejero Regional Jorge Abello, se reunieron con la Ministra del Interior, Carolina Toh\u00e1, para solicitar medidas urgentes para enfrentar la cr\u00edtica situaci\u00f3n de conectividad de esa localidad.<\/p>\n<p style=\"font-weight: 400; text-align: justify;\">La cita se produce luego de que el d\u00eda lunes, la senadora Ximena Ordenes junto a parlamentarios, a los alcaldes de Villa O\u2019Higgins, Cisnes y Puerto Iba\u00f1ez, a Consejeros Regionales y Concejales de distintas comunas, se reunieron con el Ministro de Obras P\u00fablicas, Juan Carlos Garc\u00eda, quien comprometi\u00f3 la presentaci\u00f3n de un Plan de Conectividad Austral para la Regi\u00f3n de Ays\u00e9n en un plazo no mayor de 60 d\u00edas, pero donde los representantes de O\u2019Higgins sostuvieron que exist\u00edan requerimientos espec\u00edficos que deb\u00edan ser abordados antes de ese plazo acordado por el Ejecutivo.<\/p>\n<p style=\"font-weight: 400; text-align: justify;\">Entre los requerimientos urgentes planteados a la Ministra Toh\u00e1 por los representantes de la comunidad de Villa O\u2019Higgins como una nave de igual tama\u00f1o que la barcaza Padre Antonio Ronchi para enfrentar la temporada estival mientras \u00e9sta se encuentra en carena, as\u00ed como aumentar el subsidio a\u00e9reo, adem\u00e1s de otras medidas concernientes a la integraci\u00f3n con Argentina.<\/p>\n<p style=\"font-weight: 400; text-align: justify;\">En la reuni\u00f3n, la senadora Ordenes dijo que \u201choy d\u00eda la barcaza Padre Antonio Ronchi, que conecta a la comuna de O\u2019Higgins con el resto de la regi\u00f3n, primero ha presentado fallas; estuvieron cerca de 2 d\u00edas desconectados; es la \u00fanica v\u00eda de conectividad, adem\u00e1s del aire, y debe entrar a carena. Entonces, adem\u00e1s, se viene el periodo estival, que es la \u00e9poca m\u00e1s activa\u201d.<\/p>\n<p style=\"font-weight: 400; text-align: justify;\">\u201cSe est\u00e1 pidiendo mayor refuerzo: primero una nave de reemplazo igual a la que existe para no impedir la conectividad; segundo, aumentar el subsidio a\u00e9reo. Adem\u00e1s de eso dado la en la conectividad con Argentina (\u2026) ha costado mucho convencer que hacer esta apertura con Argentina es importante\u201d, expres\u00f3 la senadora durante la cita con la Ministra del Interior, se\u00f1alando tambi\u00e9n que es necesario estudiar la habilitaci\u00f3n del Paso Mayer.<\/p>\n<p style=\"font-weight: 400; text-align: justify;\">Una vez finalizada la reuni\u00f3n, la Ministra del Interior, Carolina Toh\u00e1, se\u00f1al\u00f3 que \u201ca prop\u00f3sito de estas 2 tem\u00e1ticas se han planteado una serie de solicitudes que vamos a procesar en el Gobierno, que vamos a responder y que tenemos que analizar.\u00a0 Tienen un foco que es muy compartido: que en estas zonas australes es tan importante la presencia del pa\u00eds y la conectividad, donde el territorio es dif\u00edcil. Es un territorio que no se conecta de la misma manera\u201d.<\/p>\n<p style=\"font-weight: 400; text-align: justify;\">Toh\u00e1 agreg\u00f3 que, \u201cde hecho, O\u00b4Higgins, tiene una situaci\u00f3n de aislamiento cada vez que la barcaza se aver\u00eda o que, en cualquier dificultad con ella, las personas quedan sin posibilidad de conectarse. Entonces, eso tiene que tener un foco, una prioridad distinta que en cualquier otra parte del pa\u00eds, donde hay muchas maneras distintas de desplazarse. As\u00ed que nos quedamos con 2 tareas y vamos a responder en los pr\u00f3ximos d\u00edas c\u00f3mo podemos avanzar\u201d.<\/p>\n<\/div><\/section><\/div><div  style='height:50px' class='hr hr-invisible   avia-builder-el-6  el_after_av_one_full  el_before_av_social_share '><span class='hr-inner ' ><span class='hr-inner-style'><\/span><\/span><\/div><\/p>\n<div  class='av-social-sharing-box  avia-builder-el-7  el_after_av_hr  el_before_av_hr  '><div class='av-share-box'><h5 class='av-share-link-description av-no-toc '>Compartir esta noticia<\/h5><ul class='av-share-box-list noLightbox'><li class='av-share-link av-social-link-facebook' ><a target=\"_blank\" aria-label=\"Compartir en Facebook\" href='https:\/\/www.facebook.com\/sharer.php?u=https:\/\/radiorevelacionfm.cl\/?p=21764&#038;t=Senadora%20Ordenes%20plantea%20a%20ministra%20Toh%C3%A1%20la%20urgencia%20de%20abordar%20situaci%C3%B3n%20de%20conectividad%20en%20Villa%20O%E2%80%99Higgins' aria-hidden='false' data-av_icon='\ue8f3' data-av_iconfont='entypo-fontello' title='' data-avia-related-tooltip='Compartir en Facebook' rel=\"noopener\"><span class='avia_hidden_link_text'>Compartir en Facebook<\/span><\/a><\/li><li class='av-share-link av-social-link-twitter' ><a target=\"_blank\" aria-label=\"Compartir en Twitter\" href='https:\/\/twitter.com\/share?text=Senadora%20Ordenes%20plantea%20a%20ministra%20Toh%C3%A1%20la%20urgencia%20de%20abordar%20situaci%C3%B3n%20de%20conectividad%20en%20Villa%20O%E2%80%99Higgins&#038;url=https:\/\/radiorevelacionfm.cl\/?p=21764' aria-hidden='false' data-av_icon='\ue8f1' data-av_iconfont='entypo-fontello' title='' data-avia-related-tooltip='Compartir en Twitter' rel=\"noopener\"><span class='avia_hidden_link_text'>Compartir en Twitter<\/span><\/a><\/li><li class='av-share-link av-social-link-whatsapp' ><a target=\"_blank\" aria-label=\"Compartir en Whatsapp\" href='https:\/\/api.whatsapp.com\/send?text=https:\/\/radiorevelacionfm.cl\/?p=21764' aria-hidden='false' data-av_icon='\uf232' data-av_iconfont='entypo-fontello' title='' data-avia-related-tooltip='Compartir en Whatsapp' rel=\"noopener\"><span class='avia_hidden_link_text'>Compartir en Whatsapp<\/span><\/a><\/li><li class='av-share-link av-social-link-linkedin' ><a target=\"_blank\" aria-label=\"Compartir en LinkedIn\" href='https:\/\/linkedin.com\/shareArticle?mini=true&#038;title=Senadora%20Ordenes%20plantea%20a%20ministra%20Toh%C3%A1%20la%20urgencia%20de%20abordar%20situaci%C3%B3n%20de%20conectividad%20en%20Villa%20O%E2%80%99Higgins&#038;url=https:\/\/radiorevelacionfm.cl\/?p=21764' aria-hidden='false' data-av_icon='\ue8fc' data-av_iconfont='entypo-fontello' title='' data-avia-related-tooltip='Compartir en LinkedIn' rel=\"noopener\"><span class='avia_hidden_link_text'>Compartir en LinkedIn<\/span><\/a><\/li><li class='av-share-link av-social-link-mail' ><a  aria-label=\"Compartir por correo\" href='mailto:?subject=Senadora%20Ordenes%20plantea%20a%20ministra%20Toh%C3%A1%20la%20urgencia%20de%20abordar%20situaci%C3%B3n%20de%20conectividad%20en%20Villa%20O%E2%80%99Higgins&#038;body=https:\/\/radiorevelacionfm.cl\/?p=21764' aria-hidden='false' data-av_icon='\ue805' data-av_iconfont='entypo-fontello' title='' data-avia-related-tooltip='Compartir por correo'><span class='avia_hidden_link_text'>Compartir por correo<\/span><\/a><\/li><\/ul><\/div><\/div>\n<div  style='height:50px' class='hr hr-invisible   avia-builder-el-8  el_after_av_social_share  el_before_av_comments_list '><span class='hr-inner ' ><span class='hr-inner-style'><\/span><\/span><\/div>\n<div  class='av-buildercomment  av-blog-meta-html-info-disabled av-blog-meta-tag-disabled  '><\/div>\n","protected":false},"excerpt":{"rendered":"","protected":false},"author":1,"featured_media":21765,"comment_status":"open","ping_status":"open","sticky":false,"template":"","format":"standard","meta":{"footnotes":""},"categories":[35],"tags":[],"class_list":["post-21764","post","type-post","status-publish","format-standard","has-post-thumbnail","hentry","category-politica"],"jetpack_featured_media_url":"https:\/\/radiorevelacionfm.cl\/wp-content\/uploads\/2022\/09\/Reunion-Senadora-Ministra-1.jpg","_links":{"self":[{"href":"https:\/\/radiorevelacionfm.cl\/index.php?rest_route=\/wp\/v2\/posts\/21764","targetHints":{"allow":["GET"]}}],"collection":[{"href":"https:\/\/radiorevelacionfm.cl\/index.php?rest_route=\/wp\/v2\/posts"}],"about":[{"href":"https:\/\/radiorevelacionfm.cl\/index.php?rest_route=\/wp\/v2\/types\/post"}],"author":[{"embeddable":true,"href":"https:\/\/radiorevelacionfm.cl\/index.php?rest_route=\/wp\/v2\/users\/1"}],"replies":[{"embeddable":true,"href":"https:\/\/radiorevelacionfm.cl\/index.php?rest_route=%2Fwp%2Fv2%2Fcomments&post=21764"}],"version-history":[{"count":3,"href":"https:\/\/radiorevelacionfm.cl\/index.php?rest_route=\/wp\/v2\/posts\/21764\/revisions"}],"predecessor-version":[{"id":21782,"href":"https:\/\/radiorevelacionfm.cl\/index.php?rest_route=\/wp\/v2\/posts\/21764\/revisions\/21782"}],"wp:featuredmedia":[{"embeddable":true,"href":"https:\/\/radiorevelacionfm.cl\/index.php?rest_route=\/wp\/v2\/media\/21765"}],"wp:attachment":[{"href":"https:\/\/radiorevelacionfm.cl\/index.php?rest_route=%2Fwp%2Fv2%2Fmedia&parent=21764"}],"wp:term":[{"taxonomy":"category","embeddable":true,"href":"https:\/\/radiorevelacionfm.cl\/index.php?rest_route=%2Fwp%2Fv2%2Fcategories&post=21764"},{"taxonomy":"post_tag","embeddable":true,"href":"https:\/\/radiorevelacionfm.cl\/index.php?rest_route=%2Fwp%2Fv2%2Ftags&post=21764"}],"curies":[{"name":"wp","href":"https:\/\/api.w.org\/{rel}","templated":true}]}}