{"id":21761,"date":"2022-09-13T17:23:32","date_gmt":"2022-09-13T20:23:32","guid":{"rendered":"https:\/\/radiorevelacionfm.cl\/?p=21761"},"modified":"2022-09-13T17:23:32","modified_gmt":"2022-09-13T20:23:32","slug":"organizaciones-y-colegios-valoran-cursos-de-compostaje-y-vermicompostaje-realizados-en-puerto-aysen","status":"publish","type":"post","link":"https:\/\/radiorevelacionfm.cl\/?p=21761","title":{"rendered":"Organizaciones y colegios valoran cursos de compostaje y vermicompostaje realizados en Puerto Ays\u00e9n"},"content":{"rendered":"<div class=\"flex_column av_one_full  flex_column_div av-zero-column-padding first  avia-builder-el-0  el_before_av_one_full  avia-builder-el-first  \" style='border-radius:0px; '><div  class='avia-image-container  av-styling-    avia-builder-el-1  avia-builder-el-no-sibling  avia-align-center '  itemprop=\"image\" itemscope=\"itemscope\" itemtype=\"https:\/\/schema.org\/ImageObject\"  ><div class='avia-image-container-inner'><div class='avia-image-overlay-wrap'><img decoding=\"async\" class='wp-image-21762 avia-img-lazy-loading-not-21762 avia_image' src=\"https:\/\/radiorevelacionfm.cl\/wp-content\/uploads\/2022\/09\/cuarto-curso-1-1_optimized.jpg\" alt='' title='cuarto-curso-1-(1)_optimized' height=\"600\" width=\"1067\"  itemprop=\"thumbnailUrl\" srcset=\"https:\/\/radiorevelacionfm.cl\/wp-content\/uploads\/2022\/09\/cuarto-curso-1-1_optimized.jpg 1067w, https:\/\/radiorevelacionfm.cl\/wp-content\/uploads\/2022\/09\/cuarto-curso-1-1_optimized-300x169.jpg 300w, https:\/\/radiorevelacionfm.cl\/wp-content\/uploads\/2022\/09\/cuarto-curso-1-1_optimized-1030x579.jpg 1030w, https:\/\/radiorevelacionfm.cl\/wp-content\/uploads\/2022\/09\/cuarto-curso-1-1_optimized-768x432.jpg 768w, https:\/\/radiorevelacionfm.cl\/wp-content\/uploads\/2022\/09\/cuarto-curso-1-1_optimized-705x396.jpg 705w, https:\/\/radiorevelacionfm.cl\/wp-content\/uploads\/2022\/09\/cuarto-curso-1-1_optimized-600x337.jpg 600w\" sizes=\"(max-width: 1067px) 100vw, 1067px\" \/><\/div><\/div><\/div><\/div><div class=\"flex_column av_one_full  flex_column_div av-zero-column-padding first  avia-builder-el-2  el_after_av_one_full  el_before_av_one_full  column-top-margin\" style='border-radius:0px; '><section class=\"av_textblock_section \"  itemscope=\"itemscope\" itemtype=\"https:\/\/schema.org\/BlogPosting\" itemprop=\"blogPost\" ><div class='avia_textblock  '   itemprop=\"text\" ><p style=\"text-align: center;\"><strong><span style=\"font-size: 18pt;\">Organizaciones y colegios valoran cursos de compostaje y vermicompostaje realizados en Puerto Ays\u00e9n<\/span><\/strong><\/p>\n<div id=\"gtx-trans\" style=\"position: absolute; left: -50px; top: 4.31534px;\">\n<div class=\"gtx-trans-icon\"><\/div>\n<\/div>\n<\/div><\/section><\/div><div class=\"flex_column av_one_full  flex_column_div av-zero-column-padding first  avia-builder-el-4  el_after_av_one_full  el_before_av_hr  column-top-margin\" style='border-radius:0px; '><section class=\"av_textblock_section \"  itemscope=\"itemscope\" itemtype=\"https:\/\/schema.org\/BlogPosting\" itemprop=\"blogPost\" ><div class='avia_textblock  '   itemprop=\"text\" ><p style=\"text-align: justify;\">Con aplausos concluy\u00f3 el reciente curso de Compostaje y Vermicompostaje, realizado por Empresas Bahomonde a trav\u00e9s de los profesionales de GEMAT, siendo esta la cuarta iniciativa dirigida a la comunidad y donde participaron beneficiarios de la Oficina Municipal del Campesino y sus coordinadoras, funcionarias del Servicio de Salud, organizaciones ind\u00edgenas, escuela Litoral Austral, entre otros.<\/p>\n<p style=\"text-align: justify;\">Esta capacitaci\u00f3n consider\u00f3 instancias te\u00f3ricas y pr\u00e1cticas, las que han permitido entregar conocimientos a un total de 120 personas, algo que para la entidad coordinadora de la iniciativa es algo muy importante, ya que, el inter\u00e9s demostrado por la comunidad lleva a estar programando el pr\u00f3ximo curso. \u201cYa llevamos 120 personas de distintas agrupaciones y colegios que se han capacitado en el tema del compostaje y vermicompostaje. As\u00ed es que, estamos contentos y fascinados con el inter\u00e9s que han tenido todas las personas y organizaciones que hemos invitado y ya tenemos el pr\u00f3ximo curso que estamos viendo para fines de octubre, donde ya hay personas interesadas\u201d, dijo Alejandro Bahamonde, propietario de la empresa que organiz\u00f3 la iniciativa.<\/p>\n<p style=\"text-align: justify;\">Desde la oficina municipal del Campesino, su coordinadora Nadia Bravo, puso en valor la actividad realizada por Empresas Bahamonde, con quienes ya est\u00e1n trabajando en bien de los y las agricultores.<\/p>\n<p style=\"text-align: justify;\">\u201cPara que las personas y los usuarios de la oficina del campesino puedan capacitarse en el compostaje y vermicompostaje el d\u00eda de hoy. Este curso fue muy bueno, maravilloso, porque la verdad es que, el manejo de los desechos org\u00e1nicos en las casas, como explicaban en la capacitaci\u00f3n, van directamente al relleno sanitario, la idea es poder disminuir esto y que las personas puedan hacer de todos sus desechos org\u00e1nicos compost o vermicompostaje en sus casas. Como oficina del campesino estamos muy agradecidos con don Alejandro, porque hace unos d\u00edas atr\u00e1s tambi\u00e9n nos don\u00f3 humus, para poder hacer nuestras capacitaciones en huertos, sustratos y adem\u00e1s hoy nos otorg\u00f3 los cupos para poder participar de este curso\u201d.<\/p>\n<p style=\"text-align: justify;\">Una vecina de Puerto Ays\u00e9n, Karen Chiguay, se mostr\u00f3 muy agradecida y feliz de haber sido parte de la jornada, \u201cfeliz y agradecida, porque con harto aprendizaje ya tiene uno para realizarlo en la casa, quien sabe m\u00e1s adelante ensa\u00f1arle a los que te rodean, para aprender a reutilizar o mejorar la tierra para nuestras siembras, nuestro cultivo. En realidad, el curso se hizo corto y entretenido, lo pas\u00e9 bien\u201d.<\/p>\n<p style=\"text-align: justify;\">Desde Empresas Bahamonde, resaltaron el enorme trabajo de sus asesores de GEMAT, quienes ejecutan las capacitaciones y destacaron tambi\u00e9n al personal de la entidad privada que pone lo mejor de s\u00ed para que cada una de estas instancias resulte y los participantes terminen contentos, agradecidos y aplaudiendo estas jornadas gratuitas que van dirigidas a la comunidad, sus organizaciones y establecimientos educacionales.<\/p>\n<\/div><\/section><\/div><div  style='height:50px' class='hr hr-invisible   avia-builder-el-6  el_after_av_one_full  el_before_av_social_share '><span class='hr-inner ' ><span class='hr-inner-style'><\/span><\/span><\/div><\/p>\n<div  class='av-social-sharing-box  avia-builder-el-7  el_after_av_hr  el_before_av_hr  '><div class='av-share-box'><h5 class='av-share-link-description av-no-toc '>Compartir esta noticia<\/h5><ul class='av-share-box-list noLightbox'><li class='av-share-link av-social-link-facebook' ><a target=\"_blank\" aria-label=\"Compartir en Facebook\" href='https:\/\/www.facebook.com\/sharer.php?u=https:\/\/radiorevelacionfm.cl\/?p=21761&#038;t=Organizaciones%20y%20colegios%20valoran%20cursos%20de%20compostaje%20y%20vermicompostaje%20realizados%20en%20Puerto%20Ays%C3%A9n' aria-hidden='false' data-av_icon='\ue8f3' data-av_iconfont='entypo-fontello' title='' data-avia-related-tooltip='Compartir en Facebook' rel=\"noopener\"><span class='avia_hidden_link_text'>Compartir en Facebook<\/span><\/a><\/li><li class='av-share-link av-social-link-twitter' ><a target=\"_blank\" aria-label=\"Compartir en Twitter\" href='https:\/\/twitter.com\/share?text=Organizaciones%20y%20colegios%20valoran%20cursos%20de%20compostaje%20y%20vermicompostaje%20realizados%20en%20Puerto%20Ays%C3%A9n&#038;url=https:\/\/radiorevelacionfm.cl\/?p=21761' aria-hidden='false' data-av_icon='\ue8f1' data-av_iconfont='entypo-fontello' title='' data-avia-related-tooltip='Compartir en Twitter' rel=\"noopener\"><span class='avia_hidden_link_text'>Compartir en Twitter<\/span><\/a><\/li><li class='av-share-link av-social-link-whatsapp' ><a target=\"_blank\" aria-label=\"Compartir en Whatsapp\" href='https:\/\/api.whatsapp.com\/send?text=https:\/\/radiorevelacionfm.cl\/?p=21761' aria-hidden='false' data-av_icon='\uf232' data-av_iconfont='entypo-fontello' title='' data-avia-related-tooltip='Compartir en Whatsapp' rel=\"noopener\"><span class='avia_hidden_link_text'>Compartir en Whatsapp<\/span><\/a><\/li><li class='av-share-link av-social-link-linkedin' ><a target=\"_blank\" aria-label=\"Compartir en LinkedIn\" href='https:\/\/linkedin.com\/shareArticle?mini=true&#038;title=Organizaciones%20y%20colegios%20valoran%20cursos%20de%20compostaje%20y%20vermicompostaje%20realizados%20en%20Puerto%20Ays%C3%A9n&#038;url=https:\/\/radiorevelacionfm.cl\/?p=21761' aria-hidden='false' data-av_icon='\ue8fc' data-av_iconfont='entypo-fontello' title='' data-avia-related-tooltip='Compartir en LinkedIn' rel=\"noopener\"><span class='avia_hidden_link_text'>Compartir en LinkedIn<\/span><\/a><\/li><li class='av-share-link av-social-link-mail' ><a  aria-label=\"Compartir por correo\" href='mailto:?subject=Organizaciones%20y%20colegios%20valoran%20cursos%20de%20compostaje%20y%20vermicompostaje%20realizados%20en%20Puerto%20Ays%C3%A9n&#038;body=https:\/\/radiorevelacionfm.cl\/?p=21761' aria-hidden='false' data-av_icon='\ue805' data-av_iconfont='entypo-fontello' title='' data-avia-related-tooltip='Compartir por correo'><span class='avia_hidden_link_text'>Compartir por correo<\/span><\/a><\/li><\/ul><\/div><\/div>\n<div  style='height:50px' class='hr hr-invisible   avia-builder-el-8  el_after_av_social_share  el_before_av_comments_list '><span class='hr-inner ' ><span class='hr-inner-style'><\/span><\/span><\/div>\n<div  class='av-buildercomment  av-blog-meta-html-info-disabled av-blog-meta-tag-disabled  '><\/div>\n","protected":false},"excerpt":{"rendered":"","protected":false},"author":1,"featured_media":21762,"comment_status":"open","ping_status":"open","sticky":false,"template":"","format":"standard","meta":{"footnotes":""},"categories":[38],"tags":[],"class_list":["post-21761","post","type-post","status-publish","format-standard","has-post-thumbnail","hentry","category-regional"],"jetpack_featured_media_url":"https:\/\/radiorevelacionfm.cl\/wp-content\/uploads\/2022\/09\/cuarto-curso-1-1_optimized.jpg","_links":{"self":[{"href":"https:\/\/radiorevelacionfm.cl\/index.php?rest_route=\/wp\/v2\/posts\/21761","targetHints":{"allow":["GET"]}}],"collection":[{"href":"https:\/\/radiorevelacionfm.cl\/index.php?rest_route=\/wp\/v2\/posts"}],"about":[{"href":"https:\/\/radiorevelacionfm.cl\/index.php?rest_route=\/wp\/v2\/types\/post"}],"author":[{"embeddable":true,"href":"https:\/\/radiorevelacionfm.cl\/index.php?rest_route=\/wp\/v2\/users\/1"}],"replies":[{"embeddable":true,"href":"https:\/\/radiorevelacionfm.cl\/index.php?rest_route=%2Fwp%2Fv2%2Fcomments&post=21761"}],"version-history":[{"count":2,"href":"https:\/\/radiorevelacionfm.cl\/index.php?rest_route=\/wp\/v2\/posts\/21761\/revisions"}],"predecessor-version":[{"id":21768,"href":"https:\/\/radiorevelacionfm.cl\/index.php?rest_route=\/wp\/v2\/posts\/21761\/revisions\/21768"}],"wp:featuredmedia":[{"embeddable":true,"href":"https:\/\/radiorevelacionfm.cl\/index.php?rest_route=\/wp\/v2\/media\/21762"}],"wp:attachment":[{"href":"https:\/\/radiorevelacionfm.cl\/index.php?rest_route=%2Fwp%2Fv2%2Fmedia&parent=21761"}],"wp:term":[{"taxonomy":"category","embeddable":true,"href":"https:\/\/radiorevelacionfm.cl\/index.php?rest_route=%2Fwp%2Fv2%2Fcategories&post=21761"},{"taxonomy":"post_tag","embeddable":true,"href":"https:\/\/radiorevelacionfm.cl\/index.php?rest_route=%2Fwp%2Fv2%2Ftags&post=21761"}],"curies":[{"name":"wp","href":"https:\/\/api.w.org\/{rel}","templated":true}]}}