{"id":21757,"date":"2022-09-13T16:32:35","date_gmt":"2022-09-13T19:32:35","guid":{"rendered":"https:\/\/radiorevelacionfm.cl\/?p=21757"},"modified":"2022-09-13T16:32:35","modified_gmt":"2022-09-13T19:32:35","slug":"solicitan-a-ministra-del-interior-asegurar-conectividad-y-pensiones-de-gracia-para-colonos-de-villa-ohiggins","status":"publish","type":"post","link":"https:\/\/radiorevelacionfm.cl\/?p=21757","title":{"rendered":"Solicitan a Ministra del Interior asegurar conectividad y pensiones de gracia para colonos de Villa O\u00b4Higgins"},"content":{"rendered":"<div class=\"flex_column av_one_full  flex_column_div av-zero-column-padding first  avia-builder-el-0  el_before_av_one_full  avia-builder-el-first  \" style='border-radius:0px; '><div  class='avia-image-container  av-styling-    avia-builder-el-1  avia-builder-el-no-sibling  avia-align-center '  itemprop=\"image\" itemscope=\"itemscope\" itemtype=\"https:\/\/schema.org\/ImageObject\"  ><div class='avia-image-container-inner'><div class='avia-image-overlay-wrap'><img decoding=\"async\" class='wp-image-21758 avia-img-lazy-loading-not-21758 avia_image' src=\"https:\/\/radiorevelacionfm.cl\/wp-content\/uploads\/2022\/09\/img-20220913-wa0042-1_optimized.jpg\" alt='' title='img-20220913-wa0042-(1)_optimized' height=\"600\" width=\"900\"  itemprop=\"thumbnailUrl\" srcset=\"https:\/\/radiorevelacionfm.cl\/wp-content\/uploads\/2022\/09\/img-20220913-wa0042-1_optimized.jpg 900w, https:\/\/radiorevelacionfm.cl\/wp-content\/uploads\/2022\/09\/img-20220913-wa0042-1_optimized-300x200.jpg 300w, https:\/\/radiorevelacionfm.cl\/wp-content\/uploads\/2022\/09\/img-20220913-wa0042-1_optimized-768x512.jpg 768w, https:\/\/radiorevelacionfm.cl\/wp-content\/uploads\/2022\/09\/img-20220913-wa0042-1_optimized-705x470.jpg 705w, https:\/\/radiorevelacionfm.cl\/wp-content\/uploads\/2022\/09\/img-20220913-wa0042-1_optimized-600x400.jpg 600w\" sizes=\"(max-width: 900px) 100vw, 900px\" \/><\/div><\/div><\/div><\/div><div class=\"flex_column av_one_full  flex_column_div av-zero-column-padding first  avia-builder-el-2  el_after_av_one_full  el_before_av_one_full  column-top-margin\" style='border-radius:0px; '><section class=\"av_textblock_section \"  itemscope=\"itemscope\" itemtype=\"https:\/\/schema.org\/BlogPosting\" itemprop=\"blogPost\" ><div class='avia_textblock  '   itemprop=\"text\" ><p style=\"text-align: center;\"><strong><span style=\"font-size: 18pt;\">Solicitan a Ministra del Interior asegurar conectividad y pensiones de gracia para colonos de Villa O\u00b4Higgins<\/span><\/strong><\/p>\n<div id=\"gtx-trans\" style=\"position: absolute; left: -50px; top: 4.31534px;\">\n<div class=\"gtx-trans-icon\"><\/div>\n<\/div>\n<\/div><\/section><\/div><div class=\"flex_column av_one_full  flex_column_div av-zero-column-padding first  avia-builder-el-4  el_after_av_one_full  el_before_av_hr  column-top-margin\" style='border-radius:0px; '><section class=\"av_textblock_section \"  itemscope=\"itemscope\" itemtype=\"https:\/\/schema.org\/BlogPosting\" itemprop=\"blogPost\" ><div class='avia_textblock  '   itemprop=\"text\" ><p style=\"font-weight: 400; text-align: justify;\">Conectividad y pensiones de gracia para los colonos del Lago O\u00b4Higgins fueron algunos de los temas que el diputado Miguel \u00c1ngel Calisto, el alcalde de Villa O\u00b4Higgins,\u00a0Jos\u00e9 Fica, y el consejero Regional\u00a0Jorge Abello, le plantearon a la Ministra del Interior,\u00a0Carolina Toha, en reuni\u00f3n sostenida este martes en el Congreso.<\/p>\n<p style=\"font-weight: 400; text-align: justify;\">El legislador y la comitiva regional le plante\u00f3 la necesidad de tener una embarcaci\u00f3n de reemplazo para la barcaza Padre Antonio Ronchi que entrar\u00e1 en Carena. Tambi\u00e9n se le se\u00f1al\u00f3 la necesidad de habilitar el paso Mayer y as\u00ed permitir una mejor conectividad v\u00eda argentina, como tambi\u00e9n la posibilidad de entregar pensiones de gracia a 14 colonos que viven en el Lago O\u00b4Higgins y sus inmediaciones.<\/p>\n<p style=\"font-weight: 400; text-align: justify;\">Seg\u00fan el diputado Calisto, \u201cle planteamos la situaci\u00f3n de la barcaza Padre Antonio Ronchi, es fundamental contar con una embarcaci\u00f3n de remplazo que est\u00e9 en buenas condiciones para ocuparla cuando sea el momento de la Carena. Ya comenz\u00f3 la nueva temporada, y es fundamental garantizar la conectividad, tanto para los habitantes como para los turistas. Esto tambi\u00e9n lo vimos ayer con el Ministerio de Obras P\u00fablicas y yo espero que tengamos buenos resultados\u201d.<\/p>\n<p style=\"font-weight: 400; text-align: justify;\">El consejero\u00a0Jorge Abello\u00a0se refiri\u00f3 al paso Mayer, afirmando que \u201cestamos agradecidos de la gesti\u00f3n del diputado Calisto para que nos reciba la Ministra del Interior. Me voy conforme, porque siento que los planteamientos fueron recogidos. Respecto a los pasos fronterizos, reforzamos que el paso Mayer se abra. Creemos que desde el Ministerio del Interior estas gestiones se pueden agilizar\u201d.<\/p>\n<p style=\"font-weight: 400; text-align: justify;\">El Alcalde de Villa O\u00b4Higgins,\u00a0Jos\u00e9 Fica, indic\u00f3 que \u201ctuvimos muy buena acogida en relaci\u00f3n a las pensiones de gracia, las pedimos porque creemos que el Estado le debe a estos chilenos que por tanto tiempo han hecho patria y soberan\u00eda, adem\u00e1s de cuidad nuestro territorio. Una pensi\u00f3n de gracia les permitir\u00eda seguir cuidando nuestro territorio y nuestras fronteras\u201d.<\/p>\n<p style=\"font-weight: 400; text-align: justify;\">Por su parte, la Ministra del Interior,\u00a0Carolina Toha, resalt\u00f3 las necesidades y prioridades que existen en las Zonas Extremas y adelant\u00f3 gestiones por los temas planteados por esta delegaci\u00f3n regional. \u201cMe han planteado una agenda que tiene que ver con caracter\u00edsticas propias del territorio, donde la conectividad es mucho m\u00e1s compleja, donde la presencia en estas zonas aisladas es tan fundamental para el pa\u00eds. Me hicieron una serie de solicitudes que vamos a procesar en el Gobierno, que vamos a responder y que tenemos que analizar. Nos quedamos con estas tareas y vamos a responder los pr\u00f3ximos d\u00edas c\u00f3mo podemos avanzar\u201d.<\/p>\n<p style=\"text-align: justify;\"><span style=\"font-weight: 400;\">Finalmente, en la reuni\u00f3n tambi\u00e9n particip\u00f3\u00a0<\/span>Alejandro Barrientos<span style=\"font-weight: 400;\">, miembro de la C\u00e1mara de Turismo de Villa O\u00b4Higgins, quien afirm\u00f3 que \u201cagradecemos las gestiones del diputado Calisto, del Consejero y el Alcalde. Han ayudado a poner el problema de conectividad, tanto de la barcaza como del paso fronterizo, en primera l\u00ednea. Esto se arrastra de varios meses, y llegar aqu\u00ed y poder reunirnos con la Ministra de Interior es un gran logro\u201d.<\/span><\/p>\n<\/div><\/section><\/div><div  style='height:50px' class='hr hr-invisible   avia-builder-el-6  el_after_av_one_full  el_before_av_social_share '><span class='hr-inner ' ><span class='hr-inner-style'><\/span><\/span><\/div><\/p>\n<div  class='av-social-sharing-box  avia-builder-el-7  el_after_av_hr  el_before_av_hr  '><div class='av-share-box'><h5 class='av-share-link-description av-no-toc '>Compartir esta noticia<\/h5><ul class='av-share-box-list noLightbox'><li class='av-share-link av-social-link-facebook' ><a target=\"_blank\" aria-label=\"Compartir en Facebook\" href='https:\/\/www.facebook.com\/sharer.php?u=https:\/\/radiorevelacionfm.cl\/?p=21757&#038;t=Solicitan%20a%20Ministra%20del%20Interior%20asegurar%20conectividad%20y%20pensiones%20de%20gracia%20para%20colonos%20de%20Villa%20O%C2%B4Higgins' aria-hidden='false' data-av_icon='\ue8f3' data-av_iconfont='entypo-fontello' title='' data-avia-related-tooltip='Compartir en Facebook' rel=\"noopener\"><span class='avia_hidden_link_text'>Compartir en Facebook<\/span><\/a><\/li><li class='av-share-link av-social-link-twitter' ><a target=\"_blank\" aria-label=\"Compartir en Twitter\" href='https:\/\/twitter.com\/share?text=Solicitan%20a%20Ministra%20del%20Interior%20asegurar%20conectividad%20y%20pensiones%20de%20gracia%20para%20colonos%20de%20Villa%20O%C2%B4Higgins&#038;url=https:\/\/radiorevelacionfm.cl\/?p=21757' aria-hidden='false' data-av_icon='\ue8f1' data-av_iconfont='entypo-fontello' title='' data-avia-related-tooltip='Compartir en Twitter' rel=\"noopener\"><span class='avia_hidden_link_text'>Compartir en Twitter<\/span><\/a><\/li><li class='av-share-link av-social-link-whatsapp' ><a target=\"_blank\" aria-label=\"Compartir en Whatsapp\" href='https:\/\/api.whatsapp.com\/send?text=https:\/\/radiorevelacionfm.cl\/?p=21757' aria-hidden='false' data-av_icon='\uf232' data-av_iconfont='entypo-fontello' title='' data-avia-related-tooltip='Compartir en Whatsapp' rel=\"noopener\"><span class='avia_hidden_link_text'>Compartir en Whatsapp<\/span><\/a><\/li><li class='av-share-link av-social-link-linkedin' ><a target=\"_blank\" aria-label=\"Compartir en LinkedIn\" href='https:\/\/linkedin.com\/shareArticle?mini=true&#038;title=Solicitan%20a%20Ministra%20del%20Interior%20asegurar%20conectividad%20y%20pensiones%20de%20gracia%20para%20colonos%20de%20Villa%20O%C2%B4Higgins&#038;url=https:\/\/radiorevelacionfm.cl\/?p=21757' aria-hidden='false' data-av_icon='\ue8fc' data-av_iconfont='entypo-fontello' title='' data-avia-related-tooltip='Compartir en LinkedIn' rel=\"noopener\"><span class='avia_hidden_link_text'>Compartir en LinkedIn<\/span><\/a><\/li><li class='av-share-link av-social-link-mail' ><a  aria-label=\"Compartir por correo\" href='mailto:?subject=Solicitan%20a%20Ministra%20del%20Interior%20asegurar%20conectividad%20y%20pensiones%20de%20gracia%20para%20colonos%20de%20Villa%20O%C2%B4Higgins&#038;body=https:\/\/radiorevelacionfm.cl\/?p=21757' aria-hidden='false' data-av_icon='\ue805' data-av_iconfont='entypo-fontello' title='' data-avia-related-tooltip='Compartir por correo'><span class='avia_hidden_link_text'>Compartir por correo<\/span><\/a><\/li><\/ul><\/div><\/div>\n<div  style='height:50px' class='hr hr-invisible   avia-builder-el-8  el_after_av_social_share  el_before_av_comments_list '><span class='hr-inner ' ><span class='hr-inner-style'><\/span><\/span><\/div>\n<div  class='av-buildercomment  av-blog-meta-html-info-disabled av-blog-meta-tag-disabled  '><\/div>\n","protected":false},"excerpt":{"rendered":"","protected":false},"author":1,"featured_media":21758,"comment_status":"open","ping_status":"open","sticky":false,"template":"","format":"standard","meta":{"footnotes":""},"categories":[35],"tags":[],"class_list":["post-21757","post","type-post","status-publish","format-standard","has-post-thumbnail","hentry","category-politica"],"jetpack_featured_media_url":"https:\/\/radiorevelacionfm.cl\/wp-content\/uploads\/2022\/09\/img-20220913-wa0042-1_optimized.jpg","_links":{"self":[{"href":"https:\/\/radiorevelacionfm.cl\/index.php?rest_route=\/wp\/v2\/posts\/21757","targetHints":{"allow":["GET"]}}],"collection":[{"href":"https:\/\/radiorevelacionfm.cl\/index.php?rest_route=\/wp\/v2\/posts"}],"about":[{"href":"https:\/\/radiorevelacionfm.cl\/index.php?rest_route=\/wp\/v2\/types\/post"}],"author":[{"embeddable":true,"href":"https:\/\/radiorevelacionfm.cl\/index.php?rest_route=\/wp\/v2\/users\/1"}],"replies":[{"embeddable":true,"href":"https:\/\/radiorevelacionfm.cl\/index.php?rest_route=%2Fwp%2Fv2%2Fcomments&post=21757"}],"version-history":[{"count":2,"href":"https:\/\/radiorevelacionfm.cl\/index.php?rest_route=\/wp\/v2\/posts\/21757\/revisions"}],"predecessor-version":[{"id":21760,"href":"https:\/\/radiorevelacionfm.cl\/index.php?rest_route=\/wp\/v2\/posts\/21757\/revisions\/21760"}],"wp:featuredmedia":[{"embeddable":true,"href":"https:\/\/radiorevelacionfm.cl\/index.php?rest_route=\/wp\/v2\/media\/21758"}],"wp:attachment":[{"href":"https:\/\/radiorevelacionfm.cl\/index.php?rest_route=%2Fwp%2Fv2%2Fmedia&parent=21757"}],"wp:term":[{"taxonomy":"category","embeddable":true,"href":"https:\/\/radiorevelacionfm.cl\/index.php?rest_route=%2Fwp%2Fv2%2Fcategories&post=21757"},{"taxonomy":"post_tag","embeddable":true,"href":"https:\/\/radiorevelacionfm.cl\/index.php?rest_route=%2Fwp%2Fv2%2Ftags&post=21757"}],"curies":[{"name":"wp","href":"https:\/\/api.w.org\/{rel}","templated":true}]}}