{"id":21754,"date":"2022-09-13T18:15:35","date_gmt":"2022-09-13T21:15:35","guid":{"rendered":"https:\/\/radiorevelacionfm.cl\/?p=21754"},"modified":"2022-09-13T18:15:35","modified_gmt":"2022-09-13T21:15:35","slug":"anuncian-nueva-alternativa-para-renovar-cedula-de-identidad-en-linea","status":"publish","type":"post","link":"https:\/\/radiorevelacionfm.cl\/?p=21754","title":{"rendered":"Anuncian nueva alternativa para renovar c\u00e9dula de identidad en l\u00ednea"},"content":{"rendered":"<div class=\"flex_column av_one_full  flex_column_div av-zero-column-padding first  avia-builder-el-0  el_before_av_one_full  avia-builder-el-first  \" style='border-radius:0px; '><div  class='avia-image-container  av-styling-    avia-builder-el-1  avia-builder-el-no-sibling  avia-align-center '  itemprop=\"image\" itemscope=\"itemscope\" itemtype=\"https:\/\/schema.org\/ImageObject\"  ><div class='avia-image-container-inner'><div class='avia-image-overlay-wrap'><img decoding=\"async\" class='wp-image-21755 avia-img-lazy-loading-not-21755 avia_image' src=\"https:\/\/radiorevelacionfm.cl\/wp-content\/uploads\/2022\/09\/grafica-renovacion-cedula-en-linea-1.jpg\" alt='' title='gr\u00e1fica renovaci\u00f3n c\u00e9dula en linea (1)' height=\"600\" width=\"1080\"  itemprop=\"thumbnailUrl\" srcset=\"https:\/\/radiorevelacionfm.cl\/wp-content\/uploads\/2022\/09\/grafica-renovacion-cedula-en-linea-1.jpg 1080w, https:\/\/radiorevelacionfm.cl\/wp-content\/uploads\/2022\/09\/grafica-renovacion-cedula-en-linea-1-300x167.jpg 300w, https:\/\/radiorevelacionfm.cl\/wp-content\/uploads\/2022\/09\/grafica-renovacion-cedula-en-linea-1-1030x572.jpg 1030w, https:\/\/radiorevelacionfm.cl\/wp-content\/uploads\/2022\/09\/grafica-renovacion-cedula-en-linea-1-768x427.jpg 768w, https:\/\/radiorevelacionfm.cl\/wp-content\/uploads\/2022\/09\/grafica-renovacion-cedula-en-linea-1-705x392.jpg 705w, https:\/\/radiorevelacionfm.cl\/wp-content\/uploads\/2022\/09\/grafica-renovacion-cedula-en-linea-1-600x333.jpg 600w\" sizes=\"(max-width: 1080px) 100vw, 1080px\" \/><\/div><\/div><\/div><\/div><div class=\"flex_column av_one_full  flex_column_div av-zero-column-padding first  avia-builder-el-2  el_after_av_one_full  el_before_av_one_full  column-top-margin\" style='border-radius:0px; '><section class=\"av_textblock_section \"  itemscope=\"itemscope\" itemtype=\"https:\/\/schema.org\/BlogPosting\" itemprop=\"blogPost\" ><div class='avia_textblock  '   itemprop=\"text\" ><p style=\"text-align: center;\"><strong><span style=\"font-size: 18pt;\">Anuncian nueva alternativa para renovar c\u00e9dula de identidad en l\u00ednea <\/span><\/strong><\/p>\n<div id=\"gtx-trans\" style=\"position: absolute; left: -50px; top: 4.31534px;\">\n<div class=\"gtx-trans-icon\"><\/div>\n<\/div>\n<\/div><\/section><\/div><div class=\"flex_column av_one_full  flex_column_div av-zero-column-padding first  avia-builder-el-4  el_after_av_one_full  el_before_av_hr  column-top-margin\" style='border-radius:0px; '><section class=\"av_textblock_section \"  itemscope=\"itemscope\" itemtype=\"https:\/\/schema.org\/BlogPosting\" itemprop=\"blogPost\" ><div class='avia_textblock  '   itemprop=\"text\" ><p style=\"text-align: justify;\">Con el objetivo de mejorar el acceso a la justicia, y ampliar las posibilidades a las personas de poder renovar sus c\u00e9dulas de identidad en forma r\u00e1pida, f\u00e1cil y segura, el Servicio de Registro Civil e Identificaci\u00f3n ha puesto en marcha un aplicativo que permitir\u00e1 renovar su documento en l\u00ednea en\u00a0 <a href=\"http:\/\/www.registrocivil.cl\">www.registrocivil.cl<\/a> sin necesidad de agendar una hora de atenci\u00f3n en oficina, debiendo solo acudir a ella para su retiro.<\/p>\n<p style=\"text-align: justify;\">Para solicitar en l\u00ednea el documento de identificaci\u00f3n las personas deben ser chilenas y tener su c\u00e9dula vencida, contar con Clave \u00danica y su c\u00e9dula debe tener fecha de emisi\u00f3n m\u00e1xima de ocho a\u00f1os, no tener una solicitud en curso y haber tenido m\u00e1s de 16 a\u00f1os en la \u00faltima solicitud.<\/p>\n<p style=\"text-align: justify;\">Respecto a esta nueva herramienta que entrega el Registro Civil, el Seremi de Justicia y Derechos Humanos, Samuel Navarro Castro explic\u00f3 que \u201cen este plan permanente del Registro Civil de actualizar su sistema y tecnolog\u00eda, es que hoy nos ofrece que a trav\u00e9s de la p\u00e1gina web del servicio <a href=\"http:\/\/www.registrocivil.cl\">www.registrocivil.cl<\/a> las personas pueden renovar su c\u00e9dula de identidad que se encuentren vencidas, esto permite que a trav\u00e9s de la p\u00e1gina web puedan entrar con su clave \u00fanica y hacer todo el tr\u00e1mite de la renovaci\u00f3n, evitando concurrir a la oficina, si bien es cierto esta opci\u00f3n tiene determinados requisitos, tambi\u00e9n permite que las personas que tengan su c\u00e9dula vencida puedan hacerlo evitando concurrir presencialmente a las oficinas, esto nos permite ponernos a la vanguardia en tecnolog\u00eda ya con anterioridad hab\u00edamos informado para el caso de p\u00e9rdida o robo el servicio de reimpresi\u00f3n, en este caso estamos hablando de la renovaci\u00f3n de la c\u00e9dula de identidad vencida, ahora se\u00f1alar que esta renovaci\u00f3n saldr\u00e1 con la misma fotograf\u00eda, la misma firma, solo cambia el n\u00famero de serie, lo que si es que la vigencia de este documento ser\u00e1 de 3 a\u00f1os, es decir que si lo hace por la p\u00e1gina la duraci\u00f3n del documento es menor que si lo hace de forma presencial, pero igualmente facilita el poder contar con este documento\u201d.<\/p>\n<p style=\"text-align: justify;\">Por su parte, el Director Regional (s) del Servicio de Registro Civil e Identificaci\u00f3n Danilo Carrillo Mona explic\u00f3 c\u00f3mo realizar el tr\u00e1mite \u201ctienen que ingresar a nuestra p\u00e1gina web <a href=\"http:\/\/www.registrocivil.cl\">www.registrocivil.cl<\/a> y seleccionar servicios en l\u00ednea que est\u00e1 ubicado en la parte superior, luego seleccionar la opci\u00f3n de solicitud de renovaci\u00f3n de c\u00e9dula vencida, ah\u00ed se van a desplegar una serie de requisitos que se exigen para realizar el tr\u00e1mite, se selecciona aceptar y se ingresa la clave \u00fanica que es lo que permite validar la identidad del usuario y al mismo tiempo realizar una serie de\u00a0 verificaciones si cumple o no con los requisitos para continuar, a continuaci\u00f3n les va a pedir una regi\u00f3n y oficina donde retirar el documento, tambi\u00e9n un correo electr\u00f3nico donde les va a llegar un comprobante de la solicitud de atenci\u00f3n, por lo tanto hacemos el llamado a todas las personas a revisar la fecha de vencimiento de su c\u00e9dula de identidad para que puedan utilizar esta nueva herramienta y renovarla con tiempo, evitando filas y esperas innecesarias\u201d.<\/p>\n<p style=\"text-align: justify;\">Cabe mencionar que los datos que contendr\u00e1 el nuevo documento solicitado en l\u00ednea corresponder\u00e1n a la fotograf\u00eda, firma e impresiones dactilares que se registran en la \u00faltima renovaci\u00f3n de c\u00e9dula, solo cambiar\u00e1 el n\u00famero de documento y tendr\u00e1 una vigencia de tres a\u00f1os.<\/p>\n<p style=\"text-align: justify;\">Finalmente, se\u00f1alar que quienes soliciten su c\u00e9dula en <a href=\"http:\/\/www.registrocivil.cl\">www.registrocivil.cl<\/a> podr\u00e1n seleccionar la oficina para retirar el documento, ah\u00ed se realizar\u00e1 una verificaci\u00f3n biom\u00e9trica (huellas digitales) del titular, quien tendr\u00e1 su c\u00e9dula en un plazo m\u00e1ximo 8 d\u00edas h\u00e1biles, en cuanto al valor \u00e9ste ser\u00e1 de $3.820 pesos, mismo valor que si la solicita de manera presencial.<\/p>\n<\/div><\/section><\/div><div  style='height:50px' class='hr hr-invisible   avia-builder-el-6  el_after_av_one_full  el_before_av_social_share '><span class='hr-inner ' ><span class='hr-inner-style'><\/span><\/span><\/div><\/p>\n<div  class='av-social-sharing-box  avia-builder-el-7  el_after_av_hr  el_before_av_hr  '><div class='av-share-box'><h5 class='av-share-link-description av-no-toc '>Compartir esta noticia<\/h5><ul class='av-share-box-list noLightbox'><li class='av-share-link av-social-link-facebook' ><a target=\"_blank\" aria-label=\"Compartir en Facebook\" href='https:\/\/www.facebook.com\/sharer.php?u=https:\/\/radiorevelacionfm.cl\/?p=21754&#038;t=Anuncian%20nueva%20alternativa%20para%20renovar%20c%C3%A9dula%20de%20identidad%20en%20l%C3%ADnea' aria-hidden='false' data-av_icon='\ue8f3' data-av_iconfont='entypo-fontello' title='' data-avia-related-tooltip='Compartir en Facebook' rel=\"noopener\"><span class='avia_hidden_link_text'>Compartir en Facebook<\/span><\/a><\/li><li class='av-share-link av-social-link-twitter' ><a target=\"_blank\" aria-label=\"Compartir en Twitter\" href='https:\/\/twitter.com\/share?text=Anuncian%20nueva%20alternativa%20para%20renovar%20c%C3%A9dula%20de%20identidad%20en%20l%C3%ADnea&#038;url=https:\/\/radiorevelacionfm.cl\/?p=21754' aria-hidden='false' data-av_icon='\ue8f1' data-av_iconfont='entypo-fontello' title='' data-avia-related-tooltip='Compartir en Twitter' rel=\"noopener\"><span class='avia_hidden_link_text'>Compartir en Twitter<\/span><\/a><\/li><li class='av-share-link av-social-link-whatsapp' ><a target=\"_blank\" aria-label=\"Compartir en Whatsapp\" href='https:\/\/api.whatsapp.com\/send?text=https:\/\/radiorevelacionfm.cl\/?p=21754' aria-hidden='false' data-av_icon='\uf232' data-av_iconfont='entypo-fontello' title='' data-avia-related-tooltip='Compartir en Whatsapp' rel=\"noopener\"><span class='avia_hidden_link_text'>Compartir en Whatsapp<\/span><\/a><\/li><li class='av-share-link av-social-link-linkedin' ><a target=\"_blank\" aria-label=\"Compartir en LinkedIn\" href='https:\/\/linkedin.com\/shareArticle?mini=true&#038;title=Anuncian%20nueva%20alternativa%20para%20renovar%20c%C3%A9dula%20de%20identidad%20en%20l%C3%ADnea&#038;url=https:\/\/radiorevelacionfm.cl\/?p=21754' aria-hidden='false' data-av_icon='\ue8fc' data-av_iconfont='entypo-fontello' title='' data-avia-related-tooltip='Compartir en LinkedIn' rel=\"noopener\"><span class='avia_hidden_link_text'>Compartir en LinkedIn<\/span><\/a><\/li><li class='av-share-link av-social-link-mail' ><a  aria-label=\"Compartir por correo\" href='mailto:?subject=Anuncian%20nueva%20alternativa%20para%20renovar%20c%C3%A9dula%20de%20identidad%20en%20l%C3%ADnea&#038;body=https:\/\/radiorevelacionfm.cl\/?p=21754' aria-hidden='false' data-av_icon='\ue805' data-av_iconfont='entypo-fontello' title='' data-avia-related-tooltip='Compartir por correo'><span class='avia_hidden_link_text'>Compartir por correo<\/span><\/a><\/li><\/ul><\/div><\/div>\n<div  style='height:50px' class='hr hr-invisible   avia-builder-el-8  el_after_av_social_share  el_before_av_comments_list '><span class='hr-inner ' ><span class='hr-inner-style'><\/span><\/span><\/div>\n<div  class='av-buildercomment  av-blog-meta-html-info-disabled av-blog-meta-tag-disabled  '><\/div>\n","protected":false},"excerpt":{"rendered":"","protected":false},"author":1,"featured_media":21755,"comment_status":"open","ping_status":"open","sticky":false,"template":"","format":"standard","meta":{"footnotes":""},"categories":[55],"tags":[],"class_list":["post-21754","post","type-post","status-publish","format-standard","has-post-thumbnail","hentry","category-justicia"],"jetpack_featured_media_url":"https:\/\/radiorevelacionfm.cl\/wp-content\/uploads\/2022\/09\/grafica-renovacion-cedula-en-linea-1.jpg","_links":{"self":[{"href":"https:\/\/radiorevelacionfm.cl\/index.php?rest_route=\/wp\/v2\/posts\/21754","targetHints":{"allow":["GET"]}}],"collection":[{"href":"https:\/\/radiorevelacionfm.cl\/index.php?rest_route=\/wp\/v2\/posts"}],"about":[{"href":"https:\/\/radiorevelacionfm.cl\/index.php?rest_route=\/wp\/v2\/types\/post"}],"author":[{"embeddable":true,"href":"https:\/\/radiorevelacionfm.cl\/index.php?rest_route=\/wp\/v2\/users\/1"}],"replies":[{"embeddable":true,"href":"https:\/\/radiorevelacionfm.cl\/index.php?rest_route=%2Fwp%2Fv2%2Fcomments&post=21754"}],"version-history":[{"count":2,"href":"https:\/\/radiorevelacionfm.cl\/index.php?rest_route=\/wp\/v2\/posts\/21754\/revisions"}],"predecessor-version":[{"id":21778,"href":"https:\/\/radiorevelacionfm.cl\/index.php?rest_route=\/wp\/v2\/posts\/21754\/revisions\/21778"}],"wp:featuredmedia":[{"embeddable":true,"href":"https:\/\/radiorevelacionfm.cl\/index.php?rest_route=\/wp\/v2\/media\/21755"}],"wp:attachment":[{"href":"https:\/\/radiorevelacionfm.cl\/index.php?rest_route=%2Fwp%2Fv2%2Fmedia&parent=21754"}],"wp:term":[{"taxonomy":"category","embeddable":true,"href":"https:\/\/radiorevelacionfm.cl\/index.php?rest_route=%2Fwp%2Fv2%2Fcategories&post=21754"},{"taxonomy":"post_tag","embeddable":true,"href":"https:\/\/radiorevelacionfm.cl\/index.php?rest_route=%2Fwp%2Fv2%2Ftags&post=21754"}],"curies":[{"name":"wp","href":"https:\/\/api.w.org\/{rel}","templated":true}]}}